{"id":100914,"date":"2026-01-11T10:39:17","date_gmt":"2026-01-11T10:39:17","guid":{"rendered":"https:\/\/www.europesays.com\/lv\/100914\/"},"modified":"2026-01-11T10:39:17","modified_gmt":"2026-01-11T10:39:17","slug":"spanija-reagejot-uz-trampa-draudiem-aicina-eiropu-izveidot-savu-armiju","status":"publish","type":"post","link":"https:\/\/www.europesays.com\/lv\/100914\/","title":{"rendered":"Sp\u0101nija, rea\u0123\u0113jot uz Trampa draudiem, aicina Eiropu izveidot savu armiju"},"content":{"rendered":"<p>P\u0113c vi\u0146a teikt\u0101 ASV iejauk\u0161an\u0101s Venecu\u0113l\u0101 vai Donalda Trampa draudi Grenlandei liecina par &#8220;m\u0113\u0123in\u0101jumu main\u012bt starptautisk\u0101s k\u0101rt\u012bbas noteikumus&#8221;.<\/p>\n<p>T\u0101p\u0113c tie\u0161i tagad, k\u0101 atz\u012bm\u0113ja Albaress, Eiropai ir j\u0101atz\u012bst &#8220;savs sp\u0113ks&#8221; un atk\u0101rtoti j\u0101apstiprina savi principi, kas ir izvair\u012bties no kara kontinent\u0101 un &#8220;nekad neizmantot piespie\u0161anu k\u0101 \u0101rpolitikas instrumentu&#8221;.<\/p>\n<p>Ministrs ar\u012b atk\u0101rtoti apliecin\u0101ja Sp\u0101nijas atbalstu Ukrainai, aizst\u0101v\u0113ja t\u0101s cie\u0146u pret t\u0101s suverenit\u0101ti un teritori\u0101lo integrit\u0101ti, k\u0101 ar\u012b iest\u0101j\u0101s par dal\u012bbu iesp\u0113jam\u0101 miera uztur\u0113\u0161anas misij\u0101 n\u0101kotn\u0113.<\/p>\n<p>Vienlaikus Maskava br\u012bdin\u0101ja, ka starptautisko karasp\u0113ka izvieto\u0161anu uzskat\u012bs par draudu, uz ko Albaress atbild\u0113ja:<\/p>\n<p>&#8220;Vien\u012bgais drauds Ukrainai un Eiropas dro\u0161\u012bbai ir Krievijas karasp\u0113ks Ukrain\u0101. Ne Ukraina, ne ES, ne NATO nekad nav biju\u0161as drauds Krievijai.&#8221;<\/p>\n<p>Diplom\u0101ts, kur\u0161 aizst\u0101v Sp\u0101nijas &#8220;vado\u0161o lomu&#8221; ES, ar\u012b pau\u017e no\u017e\u0113lu, ka p\u0113c &#8220;vair\u0101ku desmitga\u017eu ilgas sp\u0113c\u012bgas alianses&#8221; starp Va\u0161ingtonu un Briseli ASV ir par\u0101d\u012bjusies Trampa administr\u0101cija, kurai ir &#8220;citi uzskati&#8221;.<\/p>\n","protected":false},"excerpt":{"rendered":"P\u0113c vi\u0146a teikt\u0101 ASV iejauk\u0161an\u0101s Venecu\u0113l\u0101 vai Donalda Trampa draudi Grenlandei liecina par &#8220;m\u0113\u0123in\u0101jumu main\u012bt starptautisk\u0101s k\u0101rt\u012bbas noteikumus&#8221;.&hellip;\n","protected":false},"author":2,"featured_media":100915,"comment_status":"","ping_status":"","sticky":false,"template":"","format":"standard","meta":{"footnotes":""},"categories":[14],"tags":[23,463,57,28,29,427,32,33,22,74,30,31,35,39,38,36,37,34,40,20,26,27,1670,24,25,54,55,56,21,58],"class_list":{"0":"post-100914","1":"post","2":"type-post","3":"status-publish","4":"format-standard","5":"has-post-thumbnail","7":"category-zinas-no-arvalstim","8":"tag-aktualitates","9":"tag-armija","10":"tag-arvalstim","11":"tag-breaking-news","12":"tag-breakingnews","13":"tag-eiropa","14":"tag-featured-news","15":"tag-featurednews","16":"tag-headlines","17":"tag-krievijas-iebrukums-ukraina","18":"tag-latest-news","19":"tag-latestnews","20":"tag-latvia","21":"tag-latvian","22":"tag-latviesu","23":"tag-latviesu-valoda","24":"tag-latviesuvaloda","25":"tag-latvija","26":"tag-lv","27":"tag-news","28":"tag-popularakas-zinas","29":"tag-popularakaszinas","30":"tag-spanija","31":"tag-top-stories","32":"tag-topstories","33":"tag-world","34":"tag-world-news","35":"tag-worldnews","36":"tag-zinas","37":"tag-zinas-no-arvalstim"},"share_on_mastodon":{"url":"https:\/\/pubeurope.com\/@lv\/115876040703714869","error":""},"_links":{"self":[{"href":"https:\/\/www.europesays.com\/lv\/wp-json\/wp\/v2\/posts\/100914","targetHints":{"allow":["GET"]}}],"collection":[{"href":"https:\/\/www.europesays.com\/lv\/wp-json\/wp\/v2\/posts"}],"about":[{"href":"https:\/\/www.europesays.com\/lv\/wp-json\/wp\/v2\/types\/post"}],"author":[{"embeddable":true,"href":"https:\/\/www.europesays.com\/lv\/wp-json\/wp\/v2\/users\/2"}],"replies":[{"embeddable":true,"href":"https:\/\/www.europesays.com\/lv\/wp-json\/wp\/v2\/comments?post=100914"}],"version-history":[{"count":0,"href":"https:\/\/www.europesays.com\/lv\/wp-json\/wp\/v2\/posts\/100914\/revisions"}],"wp:featuredmedia":[{"embeddable":true,"href":"https:\/\/www.europesays.com\/lv\/wp-json\/wp\/v2\/media\/100915"}],"wp:attachment":[{"href":"https:\/\/www.europesays.com\/lv\/wp-json\/wp\/v2\/media?parent=100914"}],"wp:term":[{"taxonomy":"category","embeddable":true,"href":"https:\/\/www.europesays.com\/lv\/wp-json\/wp\/v2\/categories?post=100914"},{"taxonomy":"post_tag","embeddable":true,"href":"https:\/\/www.europesays.com\/lv\/wp-json\/wp\/v2\/tags?post=100914"}],"curies":[{"name":"wp","href":"https:\/\/api.w.org\/{rel}","templated":true}]}}