{"id":100924,"date":"2026-01-11T10:53:28","date_gmt":"2026-01-11T10:53:28","guid":{"rendered":"https:\/\/www.europesays.com\/lv\/100924\/"},"modified":"2026-01-11T10:53:28","modified_gmt":"2026-01-11T10:53:28","slug":"aparjods-pasaules-kausa-posma-kamaninu-sporta-ienem-astoto-vietu-2","status":"publish","type":"post","link":"https:\/\/www.europesays.com\/lv\/100924\/","title":{"rendered":"Aparjods Pasaules kausa posm\u0101 kamani\u0146u sport\u0101 ie\u0146em astoto vietu"},"content":{"rendered":"<p>Pirmo vietu izc\u012bn\u012bja austrietis Jonass Millers, kur\u0161 braucienos sasniedza pirmo un ceturto lab\u0101ko laiku, summ\u0101 fini\u0161\u0113jot min\u016bt\u0113 un 42,899 sekund\u0113s. V\u0101cietis F\u0113likss Lohs piek\u0101p\u0101s 0,105 sekundes un bija otrais, bet uzvar\u0113t\u0101ja tautietis Niko Glair\u0161ers atpalika 0,117 sekundes un fini\u0161\u0113ja tre\u0161ais.<\/p>\n<p>Aparjods p\u0113c pirm\u0101 brauciena bija 11. viet\u0101, ta\u010du otraj\u0101 braucien\u0101 sasniegtais sestais lab\u0101kais laiks \u013c\u0101va pak\u0101pties uz astoto poz\u012bciju, zaud\u0113jot Milleram 0,715 sekundes.<\/p>\n<p>B\u0113rzi\u0146\u0161 braucienos sasniedza 16. un desmito lab\u0101ko laiku un atpalika no uzvar\u0113t\u0101ja 0,998 sekundes, bet Rinks, kur\u0161 p\u0113c pirm\u0101 brauciena bija dev\u012btais un otraj\u0101 tika pie 16. lab\u0101k\u0101 laika, piek\u0101p\u0101s 1,096 sekundes.<\/p>\n<p>Pasaules kausa piektaj\u0101 posm\u0101 sacent\u0101s 30 kamani\u0146u brauc\u0113ji.<\/p>\n<p>Pasaules kausa kopv\u0113rt\u0113jum\u0101 p\u0113c pieciem posmiem l\u012bderis ar 431 punktu ir Lohs, kur\u0161 tikai par vienu punktu p\u0101rsp\u0113j Milleru. Aparjods ie\u0146em sesto vietu, B\u0113rzi\u0146\u0161 ir astotais, bet Rinks ierindojas 14. poz\u012bcij\u0101.<\/p>\n<p>Sv\u0113tdien paredz\u0113ti starti divniekiem un komandu stafete.<\/p>\n<p>Ar posmu Vinterberg\u0101 nosl\u0113gsies olimpisk\u0101 kvalifik\u0101cij\u0101. Turpin\u0101jum\u0101 V\u0101cijas tras\u0113 Oberhof\u0101 tiks aizvad\u012bti v\u0113l divi posmi, un pirmaj\u0101 no tiem tiks dal\u012btas ar\u012b Eiropas \u010dempion\u0101ta godalgas, febru\u0101ra s\u0101kum\u0101 sportisti sacent\u012bsies Mil\u0101nas un Kort\u012bnas olimpiskaj\u0101s sp\u0113l\u0113s, p\u0113c kur\u0101m paredz\u0113ti v\u0113l divi posmi.<\/p>\n","protected":false},"excerpt":{"rendered":"Pirmo vietu izc\u012bn\u012bja austrietis Jonass Millers, kur\u0161 braucienos sasniedza pirmo un ceturto lab\u0101ko laiku, summ\u0101 fini\u0161\u0113jot min\u016bt\u0113 un&hellip;\n","protected":false},"author":2,"featured_media":100925,"comment_status":"","ping_status":"","sticky":false,"template":"","format":"standard","meta":{"footnotes":""},"categories":[5],"tags":[23,28,29,32,33,22,9921,12705,30,31,35,39,38,36,37,34,40,20,26,27,24,25,21],"class_list":{"0":"post-100924","1":"post","2":"type-post","3":"status-publish","4":"format-standard","5":"has-post-thumbnail","7":"category-aktualitates","8":"tag-aktualitates","9":"tag-breaking-news","10":"tag-breakingnews","11":"tag-featured-news","12":"tag-featurednews","13":"tag-headlines","14":"tag-kamaninas","15":"tag-kristers-aparjods","16":"tag-latest-news","17":"tag-latestnews","18":"tag-latvia","19":"tag-latvian","20":"tag-latviesu","21":"tag-latviesu-valoda","22":"tag-latviesuvaloda","23":"tag-latvija","24":"tag-lv","25":"tag-news","26":"tag-popularakas-zinas","27":"tag-popularakaszinas","28":"tag-top-stories","29":"tag-topstories","30":"tag-zinas"},"share_on_mastodon":{"url":"https:\/\/pubeurope.com\/@lv\/115876095781951259","error":""},"_links":{"self":[{"href":"https:\/\/www.europesays.com\/lv\/wp-json\/wp\/v2\/posts\/100924","targetHints":{"allow":["GET"]}}],"collection":[{"href":"https:\/\/www.europesays.com\/lv\/wp-json\/wp\/v2\/posts"}],"about":[{"href":"https:\/\/www.europesays.com\/lv\/wp-json\/wp\/v2\/types\/post"}],"author":[{"embeddable":true,"href":"https:\/\/www.europesays.com\/lv\/wp-json\/wp\/v2\/users\/2"}],"replies":[{"embeddable":true,"href":"https:\/\/www.europesays.com\/lv\/wp-json\/wp\/v2\/comments?post=100924"}],"version-history":[{"count":0,"href":"https:\/\/www.europesays.com\/lv\/wp-json\/wp\/v2\/posts\/100924\/revisions"}],"wp:featuredmedia":[{"embeddable":true,"href":"https:\/\/www.europesays.com\/lv\/wp-json\/wp\/v2\/media\/100925"}],"wp:attachment":[{"href":"https:\/\/www.europesays.com\/lv\/wp-json\/wp\/v2\/media?parent=100924"}],"wp:term":[{"taxonomy":"category","embeddable":true,"href":"https:\/\/www.europesays.com\/lv\/wp-json\/wp\/v2\/categories?post=100924"},{"taxonomy":"post_tag","embeddable":true,"href":"https:\/\/www.europesays.com\/lv\/wp-json\/wp\/v2\/tags?post=100924"}],"curies":[{"name":"wp","href":"https:\/\/api.w.org\/{rel}","templated":true}]}}