{"id":100926,"date":"2026-01-11T10:54:25","date_gmt":"2026-01-11T10:54:25","guid":{"rendered":"https:\/\/www.europesays.com\/lv\/100926\/"},"modified":"2026-01-11T10:54:25","modified_gmt":"2026-01-11T10:54:25","slug":"bredlijs-kupers-izbeidz-spekulacijas-par-plastiskajam-operacijam-lente-lv","status":"publish","type":"post","link":"https:\/\/www.europesays.com\/lv\/100926\/","title":{"rendered":"Bredlijs K\u016bpers izbeidz spekul\u0101cijas par plastiskaj\u0101m oper\u0101cij\u0101m\u00a0\u2014\u00a0Lente.lv"},"content":{"rendered":"<p>Neatbild\u0113t\u0101s baumas izbeigtas<\/p>\n<p>51 gadu vecais aktieris Bredlijs K\u016bpers beidzot ir publiski izteicies par ilgsto\u0161aj\u0101m baum\u0101m, kas saist\u012btas ar vi\u0146a jaunekl\u012bgo izskatu un iesp\u0113jam\u0101m plastiskaj\u0101m oper\u0101cij\u0101m. K\u0101 zi\u0146o telekan\u0101ls TV3, K\u016bpers viesojies popul\u0101raj\u0101 podk\u0101st\u0101 \u201cSmartLess\u201d, kur beidzot atbild\u0113jis uz faniem interes\u0113jo\u0161ajiem jaut\u0101jumiem. Ilgu laiku aktieris klus\u0113ja, \u013caujot spekul\u0101cij\u0101m par vi\u0146a izskatu vairoties, ta\u010du nu ir nol\u0113mis izskaidrot savu jaunekl\u012bgo \u0101rieni.<\/p>\n<p>Dabisks izskats vai \u0137irur\u0123iska iejauk\u0161an\u0101s?<\/p>\n<p>Lai gan publiskaj\u0101 telp\u0101 par\u0101d\u012bju\u0161ies ekspertu viedok\u013ci, kuri nor\u0101d\u012bju\u0161i uz iesp\u0113jam\u0101m izmai\u0146\u0101m K\u016bpera sej\u0101, piem\u0113ram, botoksa injekcijas vai plaksti\u0146u oper\u0101cijas, pats aktieris \u0161oreiz nav sniedzis detaliz\u0113tus paskaidrojumus par konkr\u0113t\u0101m proced\u016br\u0101m. Vi\u0146a nesen\u0101 par\u0101d\u012b\u0161an\u0101s uz sarkan\u0101 pakl\u0101ja izrais\u012bja diskusijas par seja k\u013cuvusi man\u0101mi glud\u0101ka un atv\u0113rt\u0101ka, kas lika da\u013cai sabiedr\u012bbas aizdom\u0101ties par iesp\u0113jamu \u0137irur\u0123isku iejauk\u0161anos. Tom\u0113r K\u016bpers ir uzsv\u0113ris, ka \u0161obr\u012bd vi\u0146\u0161 ir gatavs izbeigt \u0161\u012bs spekul\u0101cijas.<\/p>\n<p>Izskata izmai\u0146as gadu gait\u0101<\/p>\n<p>Eksperti jau iepriek\u0161 nor\u0101d\u012bju\u0161i, ka sejas dabisk\u0101s izmai\u0146as laika gait\u0101 ir neat\u0146emama dz\u012bves sast\u0101vda\u013ca, ko ietekm\u0113 \u0123en\u0113tika, miega tr\u016bkums, stress un gravit\u0101cija. Ta\u010du slaven\u012bbu gad\u012bjum\u0101 \u0161\u0101das p\u0101rmai\u0146as bie\u017ei vien tiek saist\u012btas ar kosm\u0113tiskiem uzlabojumiem. Lai gan K\u016bpers nav apstiprin\u0101jis nek\u0101das plastisk\u0101s oper\u0101cijas, vi\u0146\u0161 ir paudis v\u0113lmi beidzot izskaidrot savu izskatu.<\/p>\n<p>Aktiera karjera un publicit\u0101te<\/p>\n<p>Bredlijs K\u016bpers, kur\u0161 dzimis 1975. gad\u0101, ir paz\u012bstams ar sav\u0101m lom\u0101m t\u0101d\u0101s film\u0101s k\u0101 \u201cPa\u0123iras\u201d un \u201cZvaigzne ir dzimusi\u201d. Vi\u0146\u0161 ir septi\u0146as reizes nomin\u0113ts Amerikas Kinoakad\u0113mijas balvai un sa\u0146\u0113mis vair\u0101kas presti\u017eas godalgas, tostarp BAFTA un Grammy balvas. Vi\u0146a dz\u012bve un karjera bie\u017ei vien non\u0101k mediju uzman\u012bbas lok\u0101, radot interesi ne tikai par vi\u0146a profesion\u0101lajiem sasniegumiem, bet ar\u012b par person\u012bgo dz\u012bvi un izskatu.<\/p>\n","protected":false},"excerpt":{"rendered":"Neatbild\u0113t\u0101s baumas izbeigtas 51 gadu vecais aktieris Bredlijs K\u016bpers beidzot ir publiski izteicies par ilgsto\u0161aj\u0101m baum\u0101m, kas saist\u012btas&hellip;\n","protected":false},"author":2,"featured_media":100927,"comment_status":"","ping_status":"","sticky":false,"template":"","format":"standard","meta":{"footnotes":""},"categories":[19],"tags":[1267,24608,89,90,35,39,38,36,37,34,40,18787,24609,24588],"class_list":{"0":"post-100926","1":"post","2":"type-post","3":"status-publish","4":"format-standard","5":"has-post-thumbnail","7":"category-izklaide","8":"tag-aktieris","9":"tag-bredlijs-kupers","10":"tag-entertainment","11":"tag-izklaide","12":"tag-latvia","13":"tag-latvian","14":"tag-latviesu","15":"tag-latviesu-valoda","16":"tag-latviesuvaloda","17":"tag-latvija","18":"tag-lv","19":"tag-plastiskas-operacijas","20":"tag-smartless","21":"tag-spekulacijas"},"share_on_mastodon":{"url":"https:\/\/pubeurope.com\/@lv\/115876099778130097","error":""},"_links":{"self":[{"href":"https:\/\/www.europesays.com\/lv\/wp-json\/wp\/v2\/posts\/100926","targetHints":{"allow":["GET"]}}],"collection":[{"href":"https:\/\/www.europesays.com\/lv\/wp-json\/wp\/v2\/posts"}],"about":[{"href":"https:\/\/www.europesays.com\/lv\/wp-json\/wp\/v2\/types\/post"}],"author":[{"embeddable":true,"href":"https:\/\/www.europesays.com\/lv\/wp-json\/wp\/v2\/users\/2"}],"replies":[{"embeddable":true,"href":"https:\/\/www.europesays.com\/lv\/wp-json\/wp\/v2\/comments?post=100926"}],"version-history":[{"count":0,"href":"https:\/\/www.europesays.com\/lv\/wp-json\/wp\/v2\/posts\/100926\/revisions"}],"wp:featuredmedia":[{"embeddable":true,"href":"https:\/\/www.europesays.com\/lv\/wp-json\/wp\/v2\/media\/100927"}],"wp:attachment":[{"href":"https:\/\/www.europesays.com\/lv\/wp-json\/wp\/v2\/media?parent=100926"}],"wp:term":[{"taxonomy":"category","embeddable":true,"href":"https:\/\/www.europesays.com\/lv\/wp-json\/wp\/v2\/categories?post=100926"},{"taxonomy":"post_tag","embeddable":true,"href":"https:\/\/www.europesays.com\/lv\/wp-json\/wp\/v2\/tags?post=100926"}],"curies":[{"name":"wp","href":"https:\/\/api.w.org\/{rel}","templated":true}]}}