{"id":100932,"date":"2026-01-11T10:59:07","date_gmt":"2026-01-11T10:59:07","guid":{"rendered":"https:\/\/www.europesays.com\/lv\/100932\/"},"modified":"2026-01-11T10:59:07","modified_gmt":"2026-01-11T10:59:07","slug":"locmelis-un-mateiko-rezultativi-piespele-savu-komandu-vartu-guvumos-ahl","status":"publish","type":"post","link":"https:\/\/www.europesays.com\/lv\/100932\/","title":{"rendered":"Lo\u010dmelis un Mateiko rezultat\u012bvi piesp\u0113l\u0113 savu komandu v\u0101rtu guvumos AHL"},"content":{"rendered":"<p>AHL debijas sezon\u0101 Mateiko 26 sp\u0113l\u0113s guvis vienus v\u0101rtus un atdevis piecas rezultat\u012bvas piesp\u0113les.<\/p>\n<p>Tikm\u0113r Lo\u010dmelis ar Providensas \u201cBruins\u201d viesos ar 1:5 zaud\u0113ja H\u0101rtfordas \u201cWolf Pack\u201d.<\/p>\n<p>Tre\u0161\u0101 perioda 13. min\u016bt\u0113 Lo\u010dmelis maz\u0101kum\u0101 pretinieku aizsardz\u012bbas zon\u0101 at\u0146\u0113ma ripu pretiniekam un piesp\u0113l\u0113ja to Railijam Taftam, kur\u0161 guva viesu vien\u012bgos v\u0101rtus. Lo\u010dmelis vienu reizi meta pa v\u0101rtiem un tika pie neitr\u0101la lietder\u012bbas koeficienta.<\/p>\n<p>AHL sezon\u0101 vi\u0146am 32 sp\u0113l\u0113s ir 13 v\u0101rti un desmit rezultat\u012bvas piesp\u0113les.<\/p>\n<p>Cit\u0101 sp\u0113l\u0113 Anr\u012b Ravinskis ar Ebotsfordas \u201cCanucks\u201d m\u0101j\u0101s ar 4:3 (1:0, 1:2, 1:1, 0:0, 1:0) p\u0113csp\u0113les metienu s\u0113rij\u0101 uzvar\u0113ja Kalgari \u201cWranglers\u201d. Ravinskim \u0161aj\u0101 sp\u0113l\u0113 bija divas soda min\u016btes un pozit\u012bvs lietder\u012bbas koeficients +1.<\/p>\n<p>V\u0113l sestdien \u0160arlotas \u201cCheckers\u201d, kuras uzbruc\u0113js Sandis Vilmanis debit\u0113ja NHL, m\u0101j\u0101s ar 5:1 (2:0, 2:1, 1:0) p\u0101rsp\u0113ja Vilksb\u0101ras\/Skrentonas \u201cPenguins\u201d bez Raivja Ansona pieteikum\u0101.<\/p>\n<p>Austrumu konferenc\u0113 pirm\u0101s divas vietas ie\u0146em Ansona un Lo\u010dme\u013ca komandas, sept\u012bt\u0101 ir Vilma\u0146a vien\u012bba, bet desmit\u0101 ir Mateiko komanda. Rietumu konferenc\u0113 pirmo vietu ie\u0146em Eduarda Tralmaka p\u0101rst\u0101v\u0113t\u0101 Grenrepidsas \u201cGriffins\u201d, turpret\u012b Ravinska komanda ir pirmsp\u0113d\u0113j\u0101, 16. poz\u012bcij\u0101.<\/p>\n<p class=\"tv3-fw-500\">Zi\u0146o par k\u013c\u016bdu rakst\u0101<\/p>\n<p class=\"d-md-block d-none\">Iez\u012bm\u0113 k\u013c\u016bdaino tekstu un spied Ctrl+Enter.<\/p>\n<p class=\"d-md-none d-block\">Iez\u012bm\u0113 k\u013c\u016bdaino tekstu un zi\u0146o par to!<\/p>\n","protected":false},"excerpt":{"rendered":"AHL debijas sezon\u0101 Mateiko 26 sp\u0113l\u0113s guvis vienus v\u0101rtus un atdevis piecas rezultat\u012bvas piesp\u0113les. Tikm\u0113r Lo\u010dmelis ar Providensas&hellip;\n","protected":false},"author":2,"featured_media":100933,"comment_status":"","ping_status":"","sticky":false,"template":"","format":"standard","meta":{"footnotes":""},"categories":[5],"tags":[24611,23,28,29,32,33,22,30,31,35,39,38,36,37,34,40,20,26,27,24,25,21],"class_list":{"0":"post-100932","1":"post","2":"type-post","3":"status-publish","4":"format-standard","5":"has-post-thumbnail","7":"category-aktualitates","8":"tag-ahldans-locmeliseriks-mateiko","9":"tag-aktualitates","10":"tag-breaking-news","11":"tag-breakingnews","12":"tag-featured-news","13":"tag-featurednews","14":"tag-headlines","15":"tag-latest-news","16":"tag-latestnews","17":"tag-latvia","18":"tag-latvian","19":"tag-latviesu","20":"tag-latviesu-valoda","21":"tag-latviesuvaloda","22":"tag-latvija","23":"tag-lv","24":"tag-news","25":"tag-popularakas-zinas","26":"tag-popularakaszinas","27":"tag-top-stories","28":"tag-topstories","29":"tag-zinas"},"share_on_mastodon":{"url":"https:\/\/pubeurope.com\/@lv\/115876119345812875","error":""},"_links":{"self":[{"href":"https:\/\/www.europesays.com\/lv\/wp-json\/wp\/v2\/posts\/100932","targetHints":{"allow":["GET"]}}],"collection":[{"href":"https:\/\/www.europesays.com\/lv\/wp-json\/wp\/v2\/posts"}],"about":[{"href":"https:\/\/www.europesays.com\/lv\/wp-json\/wp\/v2\/types\/post"}],"author":[{"embeddable":true,"href":"https:\/\/www.europesays.com\/lv\/wp-json\/wp\/v2\/users\/2"}],"replies":[{"embeddable":true,"href":"https:\/\/www.europesays.com\/lv\/wp-json\/wp\/v2\/comments?post=100932"}],"version-history":[{"count":0,"href":"https:\/\/www.europesays.com\/lv\/wp-json\/wp\/v2\/posts\/100932\/revisions"}],"wp:featuredmedia":[{"embeddable":true,"href":"https:\/\/www.europesays.com\/lv\/wp-json\/wp\/v2\/media\/100933"}],"wp:attachment":[{"href":"https:\/\/www.europesays.com\/lv\/wp-json\/wp\/v2\/media?parent=100932"}],"wp:term":[{"taxonomy":"category","embeddable":true,"href":"https:\/\/www.europesays.com\/lv\/wp-json\/wp\/v2\/categories?post=100932"},{"taxonomy":"post_tag","embeddable":true,"href":"https:\/\/www.europesays.com\/lv\/wp-json\/wp\/v2\/tags?post=100932"}],"curies":[{"name":"wp","href":"https:\/\/api.w.org\/{rel}","templated":true}]}}