{"id":100936,"date":"2026-01-11T11:11:13","date_gmt":"2026-01-11T11:11:13","guid":{"rendered":"https:\/\/www.europesays.com\/lv\/100936\/"},"modified":"2026-01-11T11:11:13","modified_gmt":"2026-01-11T11:11:13","slug":"rozentals-ar-nokautu-uzvar-zuti-kurs-pec-zaudejuma-kritize-organizatorus","status":"publish","type":"post","link":"https:\/\/www.europesays.com\/lv\/100936\/","title":{"rendered":"Rozent\u0101ls ar nokautu uzvar Zuti, kur\u0161 p\u0113c zaud\u0113juma kritiz\u0113 organizatorus"},"content":{"rendered":"<p>P\u0113c piedz\u012bvot\u0101 zaud\u0113juma pret Franci Rozent\u0101lu Kristaps Zutis sav\u0101 \u201cInstagram\u201d kont\u0101 asi kritiz\u0113ja c\u012b\u0146as organizatorus \u201cBazara 0 Fight Club\u201d, p\u0101rmetot vi\u0146iem sol\u012bjumu nepild\u012b\u0161anu. Zutis nor\u0101d\u012bja, ka l\u012bgum\u0101 biju\u0161i divi b\u016btiski punkti \u2014 revan\u0161s un honor\u0101rs izp\u0101rdotas ar\u0113nas gad\u012bjum\u0101 \u2014 kuru d\u0113\u013c vi\u0146\u0161, b\u016bdams savainots, tom\u0113r devies ring\u0101. \u201cEs k\u0101pu ring\u0101 ar traumu, t\u0101s nav atmazkas, bet j\u016bs sevi saucat par \u2018Baz\u0101ra 0\u2019 \u2014 k\u0101ds visp\u0101r var b\u016bt bazars par vieno\u0161an\u0101s pild\u012b\u0161anu?\u201d rakst\u012bja Zutis, piebilstot, ka, neskatoties uz sitieniem pakaus\u012b un traumu, vi\u0146\u0161 c\u012bn\u012bjies, jo \u201cnem*\u017e\u201d, ta\u010du sagaida, lai organizatori pild\u012btu savus sol\u012bjumus.<\/p>\n","protected":false},"excerpt":{"rendered":"P\u0113c piedz\u012bvot\u0101 zaud\u0113juma pret Franci Rozent\u0101lu Kristaps Zutis sav\u0101 \u201cInstagram\u201d kont\u0101 asi kritiz\u0113ja c\u012b\u0146as organizatorus \u201cBazara 0 Fight&hellip;\n","protected":false},"author":2,"featured_media":100937,"comment_status":"","ping_status":"","sticky":false,"template":"","format":"standard","meta":{"footnotes":""},"categories":[5],"tags":[23,28,29,32,33,22,30,31,35,39,38,36,37,34,40,20,26,27,24,25,21],"class_list":{"0":"post-100936","1":"post","2":"type-post","3":"status-publish","4":"format-standard","5":"has-post-thumbnail","7":"category-aktualitates","8":"tag-aktualitates","9":"tag-breaking-news","10":"tag-breakingnews","11":"tag-featured-news","12":"tag-featurednews","13":"tag-headlines","14":"tag-latest-news","15":"tag-latestnews","16":"tag-latvia","17":"tag-latvian","18":"tag-latviesu","19":"tag-latviesu-valoda","20":"tag-latviesuvaloda","21":"tag-latvija","22":"tag-lv","23":"tag-news","24":"tag-popularakas-zinas","25":"tag-popularakaszinas","26":"tag-top-stories","27":"tag-topstories","28":"tag-zinas"},"share_on_mastodon":{"url":"https:\/\/pubeurope.com\/@lv\/115876166621452545","error":""},"_links":{"self":[{"href":"https:\/\/www.europesays.com\/lv\/wp-json\/wp\/v2\/posts\/100936","targetHints":{"allow":["GET"]}}],"collection":[{"href":"https:\/\/www.europesays.com\/lv\/wp-json\/wp\/v2\/posts"}],"about":[{"href":"https:\/\/www.europesays.com\/lv\/wp-json\/wp\/v2\/types\/post"}],"author":[{"embeddable":true,"href":"https:\/\/www.europesays.com\/lv\/wp-json\/wp\/v2\/users\/2"}],"replies":[{"embeddable":true,"href":"https:\/\/www.europesays.com\/lv\/wp-json\/wp\/v2\/comments?post=100936"}],"version-history":[{"count":0,"href":"https:\/\/www.europesays.com\/lv\/wp-json\/wp\/v2\/posts\/100936\/revisions"}],"wp:featuredmedia":[{"embeddable":true,"href":"https:\/\/www.europesays.com\/lv\/wp-json\/wp\/v2\/media\/100937"}],"wp:attachment":[{"href":"https:\/\/www.europesays.com\/lv\/wp-json\/wp\/v2\/media?parent=100936"}],"wp:term":[{"taxonomy":"category","embeddable":true,"href":"https:\/\/www.europesays.com\/lv\/wp-json\/wp\/v2\/categories?post=100936"},{"taxonomy":"post_tag","embeddable":true,"href":"https:\/\/www.europesays.com\/lv\/wp-json\/wp\/v2\/tags?post=100936"}],"curies":[{"name":"wp","href":"https:\/\/api.w.org\/{rel}","templated":true}]}}