{"id":100940,"date":"2026-01-11T11:17:12","date_gmt":"2026-01-11T11:17:12","guid":{"rendered":"https:\/\/www.europesays.com\/lv\/100940\/"},"modified":"2026-01-11T11:17:12","modified_gmt":"2026-01-11T11:17:12","slug":"video-%e2%9f%a9-notic-dieva-sutniem-un-dziedniekiem-smagi-slima-seniore-palikusi-bez-piekluves-savam-kontam","status":"publish","type":"post","link":"https:\/\/www.europesays.com\/lv\/100940\/","title":{"rendered":"VIDEO \u27e9 Notic Dieva s\u016bt\u0146iem un dziedniekiem. Smagi slim\u0101 seniore palikusi bez piek\u013cuves savam kontam"},"content":{"rendered":"<p>Valent\u012bnai ir 1. grupas invalidit\u0101te, vi\u0146a nesp\u0113j p\u0101rvietoties un ir piekalta gultai. Apr\u016bp\u0113jam\u0101 <a href=\"https:\/\/www.apollo.lv\/term\/616479\/seniore\" class=\"topicLink\" target=\"_blank\" rel=\"nofollow noopener\">seniore<\/a> k\u0101 magn\u0113ts pievelk kr\u0101pniekus, kuri zvana, un Valent\u012bna vi\u0146iem notic.<\/p>\n<p>Valent\u012bna tic Dievam un izmis\u012bgi v\u0113las atg\u016bt iesp\u0113ju staig\u0101t. Vair\u0101ki bl\u0113\u017ei, kuri apgalvoja, ka ir Dieva s\u016bt\u0146i un dziednieki, zvan\u012bja un sol\u012bja izdzied\u0113t k\u0101jas, sac\u012bja Valent\u012bna. Ticot br\u012bnumam, seniore vi\u0146iem p\u0101rskait\u012bjusi gana daudz naudas par &#8220;l\u0101sta izdz\u012b\u0161anas ritu\u0101liem&#8221;.<\/p>\n<p>Gada nogal\u0113, sv\u0113tku laik\u0101, &#8220;SEB <a href=\"https:\/\/www.apollo.lv\/term\/595166\/banka\" class=\"topicLink\" target=\"_blank\" rel=\"nofollow noopener\">banka<\/a>&#8220;, pamanot naudas p\u0101rskait\u012bjumus kr\u0101pniekiem, proakt\u012bvi ierobe\u017eoja Valent\u012bnai iesp\u0113ju r\u012bkoties ar internetbanku un iz\u0146emt naudu no bankom\u0101ta.<\/p>\n<p>Ar internetbankas starpniec\u012bbu Valent\u012bna veic komun\u0101lo pakalpojumu apmaksu. T\u0101pat uztic karti d\u0113lam pirkumu veik\u0161anai. \u0160\u0101da bankas r\u012bc\u012bba \u013coti nepat\u012bkami p\u0101rsteidza sievieti. &#8220;Es d\u0113lam teicu \u2013 paliksim bez naudas uz sv\u0113tkiem!&#8221; asar\u0101m teica Valent\u012bna.<\/p>\n<p>Vair\u0101ki sp\u0113c\u012bgi v\u012brie\u0161i Valent\u012bnu aiznesa l\u012bdz automa\u0161\u012bnai un nog\u0101d\u0101ja fili\u0101l\u0113, kur seniore sak\u0101rtoja formalit\u0101tes. Gr\u016bt\u0101 veid\u0101 vi\u0146a atguva r\u012bc\u012bbu p\u0101r bankas kontu.<\/p>\n<p>Vair\u0101k skatieties si\u017eet\u0101!<\/p>\n","protected":false},"excerpt":{"rendered":"Valent\u012bnai ir 1. grupas invalidit\u0101te, vi\u0146a nesp\u0113j p\u0101rvietoties un ir piekalta gultai. Apr\u016bp\u0113jam\u0101 seniore k\u0101 magn\u0113ts pievelk kr\u0101pniekus,&hellip;\n","protected":false},"author":2,"featured_media":58282,"comment_status":"","ping_status":"","sticky":false,"template":"","format":"standard","meta":{"footnotes":""},"categories":[5],"tags":[23,4044,28,29,32,33,22,277,30,31,35,39,38,36,37,34,40,20,26,27,24613,24,25,21],"class_list":{"0":"post-100940","1":"post","2":"type-post","3":"status-publish","4":"format-standard","5":"has-post-thumbnail","7":"category-aktualitates","8":"tag-aktualitates","9":"tag-banka","10":"tag-breaking-news","11":"tag-breakingnews","12":"tag-featured-news","13":"tag-featurednews","14":"tag-headlines","15":"tag-krapnieki","16":"tag-latest-news","17":"tag-latestnews","18":"tag-latvia","19":"tag-latvian","20":"tag-latviesu","21":"tag-latviesu-valoda","22":"tag-latviesuvaloda","23":"tag-latvija","24":"tag-lv","25":"tag-news","26":"tag-popularakas-zinas","27":"tag-popularakaszinas","28":"tag-seniore","29":"tag-top-stories","30":"tag-topstories","31":"tag-zinas"},"share_on_mastodon":{"url":"https:\/\/pubeurope.com\/@lv\/115876190205292884","error":""},"_links":{"self":[{"href":"https:\/\/www.europesays.com\/lv\/wp-json\/wp\/v2\/posts\/100940","targetHints":{"allow":["GET"]}}],"collection":[{"href":"https:\/\/www.europesays.com\/lv\/wp-json\/wp\/v2\/posts"}],"about":[{"href":"https:\/\/www.europesays.com\/lv\/wp-json\/wp\/v2\/types\/post"}],"author":[{"embeddable":true,"href":"https:\/\/www.europesays.com\/lv\/wp-json\/wp\/v2\/users\/2"}],"replies":[{"embeddable":true,"href":"https:\/\/www.europesays.com\/lv\/wp-json\/wp\/v2\/comments?post=100940"}],"version-history":[{"count":0,"href":"https:\/\/www.europesays.com\/lv\/wp-json\/wp\/v2\/posts\/100940\/revisions"}],"wp:featuredmedia":[{"embeddable":true,"href":"https:\/\/www.europesays.com\/lv\/wp-json\/wp\/v2\/media\/58282"}],"wp:attachment":[{"href":"https:\/\/www.europesays.com\/lv\/wp-json\/wp\/v2\/media?parent=100940"}],"wp:term":[{"taxonomy":"category","embeddable":true,"href":"https:\/\/www.europesays.com\/lv\/wp-json\/wp\/v2\/categories?post=100940"},{"taxonomy":"post_tag","embeddable":true,"href":"https:\/\/www.europesays.com\/lv\/wp-json\/wp\/v2\/tags?post=100940"}],"curies":[{"name":"wp","href":"https:\/\/api.w.org\/{rel}","templated":true}]}}