{"id":100943,"date":"2026-01-11T11:23:23","date_gmt":"2026-01-11T11:23:23","guid":{"rendered":"https:\/\/www.europesays.com\/lv\/100943\/"},"modified":"2026-01-11T11:23:23","modified_gmt":"2026-01-11T11:23:23","slug":"kultura-ukraina-svarigi-nerunat-tikai-par-karu-raksts","status":"publish","type":"post","link":"https:\/\/www.europesays.com\/lv\/100943\/","title":{"rendered":"Kult\u016br\u0101 Ukrain\u0101 svar\u012bgi nerun\u0101t tikai par karu \/ Raksts"},"content":{"rendered":"<p>M\u0101kslinieks un pedagogs Eduards Me\u017euls n\u0101k no jauktas \u0123imenes. Vi\u0146a t\u0113vs ir ukrainis, bet mamma &#8211; Lauma Me\u017eule &#8211; latviete, kas m\u016b\u017ea liel\u0101ko da\u013cu nodz\u012bvojusi Ukrain\u0101.\u00a0Lauma daudzus gadus nostr\u0101d\u0101jusi Latvijas v\u0113stniec\u012bb\u0101 Kijiv\u0101 par tulku un m\u016b\u017ea nogal\u0113 ar\u012b sarakst\u012bjusi gr\u0101matu par savu dz\u012bvi. Pirms n\u0101ves vi\u0146as liel\u0101k\u0101 v\u0113l\u0113\u0161an\u0101s bija sagaid\u012bt pilnapm\u0113ra iebrukuma beigas, cerot, ka labais uzvar\u0113s, bet kara noziedzniekus izvad\u0101s pa Eiropu kr\u0101ti\u0146\u0101 k\u0101 t\u0101dus zooparka iem\u012btniekus. Me\u017euls cer sagaid\u012bt kara beigas un m\u0101ca gleznot gan studentiem, gan ar\u012b karav\u012briem.<\/p>\n<p style=\"margin-left:0cm; margin-right:0cm\">Izst\u0101stiet, l\u016bdzu, mazliet par sevi un p\u0113c tam par mammu.<\/p>\n<p style=\"margin-left:0cm; margin-right:0cm\">Labi, ukrainiski?<\/p>\n<p style=\"margin-left:0cm; margin-right:0cm\">Ukrainiski, l\u016bdzu. Vai varb\u016bt latviski?<\/p>\n<p style=\"margin-left:0cm; margin-right:0cm\">Es run\u0101ju slikti&#8230; Lab\u0101k ukrainiski. Mani sauc Eduards Me\u017euls. Mans vect\u0113vs pa mammas l\u012bniju bija Eduards Me\u017eulis. Vi\u0146\u0161 n\u0101ca no Madonas apkaimes. T\u0101 ir viena mana l\u012bnija. 1936.gad\u0101 vi\u0146am R\u012bg\u0101 piedzima meita &#8211; Lauma Me\u017eule. Papildus latviskajai izcelsmei vi\u0146ai bija ar\u012b v\u0101cu priek\u0161te\u010di, jo vi\u0146as mamma bija Al\u012bna Berkevena. Bie\u017ei atska\u0146oja \u0160\u016bberta dziesmas. Laumai v\u0113l bija ar\u012b divas m\u0101sas. Vec\u0101k\u0101 &#8211; Maiga &#8211; visu m\u016b\u017eu nostr\u0101d\u0101ja restor\u0101n\u0101 un iem\u0101c\u012bja man, mazam esot, pagatavot auksto zupu. T\u0101p\u0113c es vislab\u0101k par visiem Kijiv\u0101 gatavoju latvie\u0161u auksto zupu!<\/p>\n<p style=\"margin-left:0cm; margin-right:0cm\">Visi latvie\u0161i, kas to \u0161eit ir nogar\u0161oju\u0161i, taj\u0101 skait\u0101, kad bija probl\u0113mas ar kovidu, atn\u0101ca ciemos ar\u012b god\u0101jamais [biju\u0161ais Latvijas v\u0113stnieks Ukrain\u0101] Juris Poik\u0101ns. M\u0113s vi\u0146u pacien\u0101j\u0101m ar \u0161o zupu, un vi\u0146\u0161 teica, ka t\u0101 ir pirm\u0101s \u0161\u0137iras.<\/p>\n<p style=\"margin-left:0cm; margin-right:0cm\">\n<p>            <img decoding=\"async\" src=\"https:\/\/www.europesays.com\/lv\/wp-content\/uploads\/2026\/01\/sen1.jpg\" alt=\"M\u0101kslinieks un pedagogs Eduards Me\u017euls\"\/><\/p>\n<p>M\u0101kslinieks un pedagogs Eduards Me\u017euls<\/p>\n<p>Foto: Indra Sprance \/ Latvijas Radio<\/p>\n<\/p>\n<p style=\"margin-left:0cm; margin-right:0cm\">Vai esat pied\u0101v\u0101jis \u0161o zupu ar\u012b ukrai\u0146iem? Vai vi\u0146iem gar\u0161oja?<\/p>\n<p style=\"margin-left:0cm; margin-right:0cm\">Vi\u0146iem \u013coti gar\u0161o! Vi\u0146i teica, ka ir \u0101rzem\u0113s \u0113du\u0161i kaut k\u0101du lietuvie\u0161u, \u010dehu versiju, bet &#8220;auksto zupu&#8221; un Latvijas maizi. J\u0101saka paldies, ka kop\u0161 2017.gada m\u0113s [Ukrain\u0101] varam ieg\u0101d\u0101ties \u010cernihiv\u0101 ra\u017eoto &#8220;R\u012bgas maizi&#8221;, un tas ir \u013coti labi. K\u0101 klasi\u0137i izsak\u0101s par to, ko cilv\u0113ks aizmirst un ko n\u0113 &#8211; aizmirst var att\u0113lus, bet gar\u0161as, smar\u017eas un ska\u0146as pat cilv\u0113ks ar \u0161vaku atmi\u0146u var atcer\u0113ties. Var iesl\u0113gt Raimonda Paula m\u016bziku vai uzlikt Dziesmu sv\u0113tku koncerta ierakstu vai atcer\u0113ties, k\u0101 smar\u017eo v\u0113j\u0161 j\u016brmal\u0101 vai Saulkrastos.<\/p>\n<blockquote>\n<p style=\"margin-left:0cm; margin-right:0cm\">Ap\u0113st &#8220;R\u012bgas maizes&#8221; \u0161\u0137\u0113li un auksto zupu, uzkost pipark\u016bkas &#8211; un atceries, k\u0101 bija Latvij\u0101&#8230; To nav iesp\u0113jams aizmirst!<\/p>\n<\/blockquote>\n<p style=\"margin-left:0cm; margin-right:0cm\">Laumas vid\u0113j\u0101 m\u0101sa Lita Me\u017eule bija direktore un v\u0113stures skolot\u0101ja skol\u0101. Lauma\u00a0no s\u0101kuma pabeidza septi\u0146as\u00a0klases skol\u0101. T\u0101l\u0101k m\u0101c\u012bj\u0101s spirta izstr\u0101des tehnikum\u0101 un apguva \u0137\u012bmi\u0137a-tehnologa prasmes. P\u0113c tam m\u0101c\u012bj\u0101s t\u0101l\u0101k akad\u0113mij\u0101, kas tagad atrodas Jelgav\u0101.<\/p>\n<p style=\"margin-left:0cm; margin-right:0cm\">Lauksaimniec\u012bbas universit\u0101t\u0113.<\/p>\n<p style=\"margin-left:0cm; margin-right:0cm\"><a id=\"1\" name=\"1\"\/>J\u0101. Lauma k\u013cuva par \u0137\u012bmi\u0137i-tehnolo\u0123i. K\u0101 reiz Ziemassv\u0113tku dien\u0101s &#8211; 1957.\u00a0gada beig\u0101s atbrauca uz Kijivu izstr\u0101d\u0101t diplomdarbu, kura ietvaros bija j\u0101ce\u013c maizes r\u016bpn\u012bca Kijiv\u0101 &#8211; Podo\u013c\u0101. Tur iepazin\u0101s ar manu t\u0113ti &#8211; Viktoru. T\u0113tis bija \u013coti akt\u012bvs &#8211; labs in\u017eenieris un p\u0113c\u0101k ar\u012b radioelektronikas noda\u013cas vad\u012bt\u0101js. Vi\u0146\u0161 ieraudz\u012bja Laumu, iem\u012bl\u0113ja vi\u0146u un p\u0101rveda no R\u012bgas uz \u0161ejieni. Tas bija 1958.\u00a0gada mart\u0101. P\u0113c diviem gadiem uzrados es.\u00a0<\/p>\n<p style=\"margin-left:0cm; margin-right:0cm\">\n<p>            <img decoding=\"async\" src=\"https:\/\/www.europesays.com\/lv\/wp-content\/uploads\/2026\/01\/sen2.jpg\" alt=\"Lauma Me\u017eule\"\/><\/p>\n<p>Lauma Me\u017eule<\/p>\n<p>Foto: Indra Sprance \/ Latvijas Radio<\/p>\n<\/p>\n<p style=\"margin-left:0cm; margin-right:0cm\">Kad man bija 11 gadi, es iest\u0101jos tiem laikiem un \u0161obr\u012bd m\u016bsu lab\u0101kaj\u0101 m\u0101kslas skol\u0101, kas ir kaut kas l\u012bdz\u012bgs R\u012bg\u0101 eso\u0161ajai Rozent\u0101\u013cu skolai. Es pabeidzu 1978.\u00a0gad\u0101. V\u0113l divus gadus apmekl\u0113ju slaven\u0101 Viktora Zarecka studiju. Uzlaboju savas zin\u0101\u0161an\u0101s, iest\u0101jos Kijivas M\u0101kslas akad\u0113mij\u0101 un pabeidzu p\u0113c se\u0161iem kursiem. Tas notika pirms 40 gadiem. P\u0113c tam bija milit\u0101rais dienests, un p\u0113c t\u0101 es str\u0101d\u0101ju k\u0101 m\u0101kslinieks un pedagogs. Un tagad man ar\u012b v\u0113lme, lai vair\u0101k cilv\u0113ku zin\u0101tu pat interesantiem notikumiem kult\u016bras jom\u0101. Es ar\u012b daudz rakstu k\u0101 blogeris &#8211; var t\u0101 teikt. 1990.\u00a0gad\u0101 aprec\u0113jos. Mana sieva bija \u0145ina Procenko &#8211; ansamb\u013ca &#8220;Ridnij Naspiv&#8221;\u00a0vad\u012bt\u0101ja, nopelniem bag\u0101ta Ukrainas kult\u016bras darbiniece. 1992.\u00a0gad\u0101 mums piedzima meita Al\u012bna, kas t\u0101pat ir beigusi to pa\u0161u akad\u0113miju un ir paz\u012bstama m\u0101ksliniece, dizainere un\u00a0ilustratore.<\/p>\n<p style=\"margin-left:0cm; margin-right:0cm\">K\u0101 \u0161is pilna apm\u0113ra kar\u0161 s\u0101k\u0101s jums un j\u016bsu \u0123imenei?<\/p>\n<p style=\"margin-left:0cm; margin-right:0cm\"><a id=\"2\" name=\"2\"\/>Lieta t\u0101da, ka m\u0113s l\u012bdz p\u0113d\u0113jam netic\u0113j\u0101m, ka kar\u0161 b\u016bs \u0161\u0101ds \u2013 pilna apm\u0113ra. Es, piem\u0113ram, kaut ar\u012b esmu v\u0113stures pasniedz\u0113js, dom\u0101ju, ka b\u016bs saasin\u0101jums tikai Luhanskas, Doneckas apgabalos. T\u0101 m\u0113s sarun\u0101j\u0101m ar\u012b ar Laumu, ka paliksim \u0161eit. Lauma nebaid\u012bj\u0101s, vi\u0146a l\u012bdz p\u0113d\u0113jam turpin\u0101ja str\u0101d\u0101t par latvie\u0161u valodas tulku. Es turpin\u0101ju str\u0101d\u0101t studij\u0101. Vien\u012bgais, ka marts bija online. Es centos atbalst\u012bt tos savus studentus, kas izbrauca no valsts. M\u0113s turpin\u0101j\u0101m nodarb\u012bbas &#8220;Zoom&#8221;, bet p\u0101rsvar\u0101 tas bija mans mor\u0101lais atbalsts tiem cilv\u0113kiem, kas izbrauku\u0161i.<\/p>\n<p style=\"margin-left:0cm; margin-right:0cm\">K\u0101 j\u016bs atbild\u0113tu uz jaut\u0101jumu &#8211; k\u0101 kopum\u0101 \u0161is kar\u0161 ir ietekm\u0113jis ukrai\u0146us? Psiholo\u0123iski, ment\u0101li.<\/p>\n<p style=\"margin-left:0cm; margin-right:0cm\"><a id=\"3\" name=\"3\"\/>Ukrai\u0146i ir k\u013cuvu\u0161i salied\u0113t\u0101ki. Vair\u0101k s\u0101ku\u0161i apvienoties. Kult\u016bras jom\u0101, ko es vair\u0101k p\u0101rzinu, m\u0113s cen\u0161amies iztikt bez tiem kult\u016bras p\u0101rst\u0101vjiem, kuri izdar\u012bja izv\u0113li atbalst\u012bt karu. Cen\u0161amies vair\u0101k piev\u0113rsties tiem kult\u016bras p\u0101rst\u0101vjiem, kas ir pret karu &#8211; m\u016bsu Eiropas, Amerikas un citu valstu draugiem, kas m\u016bs atbalsta. Izmain\u012bjies ar\u012b tas, ko skol\u0101 m\u0101ca. Lai ar\u012b iebruc\u0113ja p\u0101rst\u0101vji ir t\u0101lu no krievu kult\u016bras, vi\u0146i sevi pozicion\u0113 k\u0101 t\u0101dus, kas n\u0101k mums &#8220;krievu pasauli&#8221; ieviest. T\u0101 d\u0113\u013c skolu programmas ir main\u012bju\u0161\u0101s.<\/p>\n<blockquote>\n<p style=\"margin-left:0cm; margin-right:0cm\">B\u0113rni ir k\u013cuvu\u0161i nopietn\u0101ki &#8211; vair\u0101k t\u0101di apvienoti.<\/p>\n<\/blockquote>\n<p style=\"margin-left:0cm; margin-right:0cm\">Kopum\u0101 no t\u0101, ko dzirdu no karav\u012briem &#8211; vi\u0146i saka, ja tu vari karot &#8211; ej un karo! Ja vari &#8211; atbalsti! Redziet, mums muzejos nevis vienk\u0101r\u0161i s\u0113\u017e cilv\u0113ki, bet \u0161o laiku izmanto ar\u012b, lai p\u012btu mask\u0113\u0161an\u0101s t\u012bklus. Katram, kur\u0161 nav sp\u0113j\u012bgs iest\u0101ties armij\u0101, ir j\u0101b\u016bt pien\u0101kumam dar\u012bt kaut ko lietder\u012bgu. Piem\u0113ram, asins nodo\u0161ana, ziedojumu v\u0101k\u0161ana armijai un citas lietas. Tie, ar kuriem es run\u0101ju, uzskata, ka nevar sl\u0113pties vai dz\u012bvot m\u016b\u017e\u012bg\u0101s skumj\u0101s un b\u0113d\u0101s. Ir j\u0101dara kaut kas lietder\u012bgs, ir j\u0101par\u0101da ienaidniekam, ka esam salied\u0113ti, ka katrs kaut ko svar\u012bgu dara sav\u0101 viet\u0101. T\u0101 Lauma l\u012bdz p\u0113d\u0113j\u0101m sava m\u016b\u017ea dien\u0101m veica svar\u012bgus tulkojumus latvie\u0161u valod\u0101, str\u0101d\u0101jot Latvijas v\u0113stniec\u012bbai Kijiv\u0101. T\u0101pat es turpinu organiz\u0113t nodarb\u012bbas un st\u0101st\u012bt saviem studentiem par interesantiem m\u016bsu ukrai\u0146u kult\u016bras p\u0101rst\u0101vjiem un ar\u012b par latvie\u0161u kult\u016bru.\u00a0Kad esmu Latvij\u0101, cen\u0161os apmekl\u0113t visas izst\u0101des.<\/p>\n<p style=\"margin-left:0cm; margin-right:0cm\">\n<p>            <img decoding=\"async\" src=\"https:\/\/www.europesays.com\/lv\/wp-content\/uploads\/2026\/01\/sen3.jpg\" alt=\"Me\u017eu\u013cu \u0123imene\"\/><\/p>\n<p>Me\u017eu\u013cu \u0123imene<\/p>\n<p>Foto: Indra Sprance \/ Latvijas Radio<\/p>\n<\/p>\n<p style=\"margin-left:0cm; margin-right:0cm\">Ko kar\u0161 izdar\u012bjis ar Ukrainas kult\u016bru?<\/p>\n<p style=\"margin-left:0cm; margin-right:0cm\"><a id=\"4\" name=\"4\"\/>Notiek m\u016bsu izst\u0101des\u2026 Es ar\u012b cen\u0161os piedal\u012bties. Kaimi\u0146u kvart\u0101l\u0101 dz\u012bvo \u0123eni\u0101la vijolniece. Vi\u0146a kop\u0101 ar Kijivas &#8220;Kremerata&#8221;\u00a0daudz valstu jau ir apbrauk\u0101jusi. \u0160\u0101di koncerti ir \u013coti svar\u012bgi, lai gan tuv\u0101s, gan t\u0101l\u0101s \u0101rzem\u0113s st\u0101st\u012btu par m\u016bsu kult\u016bru. Par m\u016bsu &#8220;Okean Elzy&#8221;&#8221; visi m\u0113s zin\u0101m, estr\u0101de un klasisk\u0101 m\u016bzika &#8211; \u013coti svar\u012bga. Kara laik\u0101 svar\u012bgs ir ar\u012b m\u016bsu plak\u0101tistu darbs &#8211; joma, kur\u0101 darbojas mana meita Al\u012bna. T\u0101 ir t\u0101da k\u0101 viz\u012btkarte m\u016bsu kult\u016brai, kas par\u0101da, ka t\u0101 ir dz\u012bva, lai ar\u012b ir milz\u012bgi zaud\u0113jumi.<\/p>\n<p style=\"margin-left:0cm; margin-right:0cm\">\u013boti daudz muzejos ir izzagts\u2026<\/p>\n<p style=\"margin-left:0cm; margin-right:0cm\">Taj\u0101 skait\u0101, kas attiecas uz m\u016bsu \u0123imeni, no Hersonas muzeja ir nozagtas ar\u012b mana vect\u0113va gleznas, kas tur bija no Luhanskas muzeja. Divas gleznas noteikti ir nozagtas. Tur kopum\u0101 bija 12 vect\u0113va gleznas. Atceramies teicienu no 19.\u00a0gadsimta: &#8220;Zaglis uz zag\u013ca s\u0113\u017e un zag\u013cus dzen\u0101&#8221;. T\u0101 bija, ir palicis un k\u013cuvis v\u0113l slikt\u0101k diem\u017e\u0113l.<\/p>\n<p style=\"margin-left:0cm; margin-right:0cm\">Starp citu, es neatbalstu, ka vajadz\u0113tu norakst\u012bt visus ar Krieviju saist\u012btos sabiedriskos akt\u012bvistus. Piem\u0113ram, t\u0101ds krievu darbonis k\u0101 [Oleksandrs] Hercens 50 gadus pirms\u00a0 [ukrai\u0146u sabiedrisk\u0101 akt\u012bvista] Mikolas Mihnovska uzrakst\u012bja, ka Ukrainai ir j\u0101b\u016bt savai valstij.<\/p>\n<p style=\"margin-left:0cm; margin-right:0cm\">K\u0101da ir j\u016bsu attieksme pret pieminek\u013ciem &#8211; m\u0113s zin\u0101m, ka da\u017eus \u0146em nost.<\/p>\n<p style=\"margin-left:0cm; margin-right:0cm\">Tie ir pieminek\u013ci \u013beni\u0146am. Tos jau sen nov\u0101ca.<\/p>\n<p style=\"margin-left:0cm; margin-right:0cm\">Pu\u0161kinam.<\/p>\n<p style=\"margin-left:0cm; margin-right:0cm\">Nu, Pu\u0161kinu\u2026 Es izturos pret to negat\u012bvi. Lieta t\u0101da, ka to pieminekli Pu\u0161kinam, kuru nov\u0101ca, veidoja \u0123eni\u0101ls skulptors Oleksandrs Kova\u013covs, kuru es pazinu. Man pat\u012bk, k\u0101 to dara, piem\u0113ram, R\u012bg\u0101 &#8211; krastmal\u0101. Kur sarkanie str\u0113lnieki st\u0101v\u0113ja, taj\u0101 laukum\u0101 uztais\u012bja totalit\u0101risma muzeju. Es esmu par t\u0101diem risin\u0101jumiem. L\u012bdz\u012bgi vajadz\u0113tu r\u012bkoties jaut\u0101jum\u0101 par rakstnieku Mihailu Bulgakovu. Ja vi\u0146\u0161 tur kaut kur ir k\u013c\u016bd\u012bjies, vajadz\u0113tu par to muzej\u0101 st\u0101st\u012bt\u00a0par to, kur vi\u0146\u0161 k\u013c\u016bd\u012bj\u0101s un k\u0101p\u0113c tas slikti, bet es esmu pret izn\u012bcin\u0101\u0161anu. Ko tad t\u0101l\u0101k? Es nedom\u0101ju, ka vajadz\u0113tu \u0146emt piem\u0113ru no [V\u0101cijas reiha kanclera Jozefa] Gebelsa\u2026 Es esmu par uzman\u012bgu attieksmi. Bet tas, ka neatska\u0146o vair\u0101k virkni Krievijas komponistu darbu. T\u0101s ir ukrai\u0146u ties\u012bbas. Tie\u0161i t\u0101pat k\u0101 Izra\u0113l\u0101 neatska\u0146ot V\u0101gnera darbus, lai gan vi\u0146\u0161 mira ilgu laiku pirms Tre\u0161\u0101 reiha. T\u0101s ir ukrai\u0146u ties\u012bbas &#8211; kaut ko klaus\u012bties vai neklaus\u012bties.<\/p>\n<p style=\"margin-left:0cm; margin-right:0cm\">K\u0101da ir kara ietekme uz m\u0101kslu, literat\u016bru, citiem veidiem?<\/p>\n<p style=\"margin-left:0cm; margin-right:0cm\"><a id=\"5\" name=\"5\"\/>T\u0101 k\u0101 mans draugs raksta par te\u0101tri. Esmu daudzas izr\u0101des redz\u0113jis. Liela da\u013ca ir tie\u0161i velt\u012bti karam. Interesanti uzvedumi. Bet viss te\u0101tris nevar b\u016bt tikai par karu, jo kar\u0161 atspogu\u013cojas vis\u0101s jom\u0101s. Es redzu, ka uz koncertiem un izst\u0101d\u0113m n\u0101k diezgan daudz karav\u012bri.<\/p>\n<blockquote>\n<p style=\"margin-left:0cm; margin-right:0cm\">Ar\u012b pie manis da\u017ek\u0101rt k\u0101d\u0101 br\u012bv\u0101k\u0101 br\u012bd\u012b n\u0101k pui\u0161i gleznot. Tas ir par to, ka nu nevar visu laiku b\u016bt tikai kar\u0161, kar\u0161, kar\u0161\u2026<\/p>\n<\/blockquote>\n<p style=\"margin-left:0cm; margin-right:0cm\">Nepiecie\u0161amas ar\u012b citas t\u0113mas, par kur\u0101m run\u0101t. Cit\u0101di tas var novest pie \u013coti slikt\u0101m sek\u0101m. Nav nosl\u0113pums, ka m\u016bsu psihiatri, neirologi \u0161obr\u012bd ir \u013coti noslogoti. Man paz\u012bstams psihiatrs skaidroja, ka dom\u0101m j\u0101veidojas t\u0101 pa spir\u0101li, nevis pa apli. Visi kari k\u0101dreiz beidzas. K\u0101dreiz b\u016bs miers. B\u016bs nepiecie\u0161ams atrast savu vietu taj\u0101 vis\u0101 mier\u012bgaj\u0101 dz\u012bv\u0113. Faktiski pasniedz\u0113ja, m\u0101kslinieka darbs, m\u016bzi\u0137a, aktiera. Da\u013ca no vi\u0146iem\u00a0uzst\u0101jas front\u0113, bet nepiecie\u0161ams nov\u0113rst uzman\u012bbu, iet \u0101r\u0101 no t\u0101 ri\u0146\u0137a, lai cilv\u0113ks b\u016btu gatavs ar\u012b miera laiku dz\u012bvei. Tas ir \u013coti liels kult\u016bras darbinieku uzdevums. T\u0101 ir m\u016bsu fronte, jo m\u0113s zin\u0101m, ka pirms visu to [kara] notikumu s\u0101kuma k\u0101 reizi bija ar\u012b &#8220;krievu pasaules&#8221; liel\u0101 ekspansija. Tas \u013coti ietekm\u0113ja, un pie t\u0101 ir j\u0101str\u0101d\u0101 katru dienu no r\u012bta l\u012bdz vakaram.<\/p>\n<p style=\"margin-left:0cm; margin-right:0cm\">\n<p>            <img decoding=\"async\" src=\"https:\/\/www.europesays.com\/lv\/wp-content\/uploads\/2026\/01\/sen4.jpg\" alt=\"Me\u017eu\u013cu \u0123imene\"\/><\/p>\n<p>Me\u017eu\u013cu \u0123imene<\/p>\n<p>Foto: Indra Sprance \/ Latvijas Radio<\/p>\n<\/p>\n<p style=\"margin-left:0cm; margin-right:0cm\">K\u0101 j\u016bs to dom\u0101jat? L\u012bdz 2014.\u00a0gadam bija t\u0101 ekspansija?<\/p>\n<p style=\"margin-left:0cm; margin-right:0cm\"><a id=\"6\" name=\"6\"\/>T\u0101 s\u0101k\u0101s agr\u0101k, ne\u0161aub\u012bgi. Atcer\u0113simies m\u016bsu telev\u012bziju, m\u016bsu av\u012bzes\u2026 Uz m\u016bsu politiskajiem diskusiju raid\u012bjumiem vienm\u0113r brauca no Maskavas. Vi\u0146i bija kl\u0101t gan v\u0113l\u0113\u0161an\u0101s, gan bazn\u012bc\u0101 &#8211; t\u0101 d\u0113v\u0113taj\u0101 Maskavas patriarh\u0101ta draudz\u0113. Ar\u012b gr\u0101matas, filmas, nebeidzamie koncerti ar Baskovu un Kirkorovu. To\u00a0bija daudz, un tam nepiev\u0113rsa uzman\u012bbu. Faktiski tikai p\u0113c 2005.\u00a0gada, kad [Viktors] Ju\u0161\u010denko k\u013cuva par prezidentu, s\u0101k\u0101s kaut k\u0101das izmai\u0146as. L\u012bdz Ju\u0161\u010denko kopum\u0101 &#8220;krievu pasaule&#8221; \u0161eit plauka. T\u0101 bija \u013coti liela k\u013c\u016bda. Ekspansija kult\u016bras jom\u0101 bija liela, un tas neap\u0161aub\u0101mi ietekm\u0113ja procesus 2014.\u00a0gad\u0101, kad m\u0113\u0123in\u0101ja izveidot tautas republikas Odes\u0101, Mikolajiv\u0101 un citur. Daudzviet tam bija veikti priek\u0161darbi, bet, iz\u0146emot Donecku un Luhansku, tas nenostr\u0101d\u0101ja. Tas nostr\u0101d\u0101ja viet\u0101s, kur bija liel\u0101ka \u0161\u012b ekspansija l\u012bdz 2014.\u00a0gadam.<\/p>\n<p style=\"margin-left:0cm; margin-right:0cm\">Cik sp\u0113c\u012bga ir \u0161\u012b &#8220;krievu pasaule&#8221; \u0161obr\u012bd Ukrain\u0101?<\/p>\n<p style=\"margin-left:0cm; margin-right:0cm\">Neap\u0161aub\u0101mi iebrukums, \u012bpa\u0161i 2022.\u00a0gad\u0101, daudziem izmain\u012bja skatu uz dz\u012bvi. Redzu pat no maniem kol\u0113\u0123iem &#8211; daudzi p\u0101rg\u0101ju\u0161i uz ukrai\u0146u valodu. J\u016bs redzat m\u016bsu gr\u0101matu tirdzi\u0146us &#8211; cik daudz mums ir interesantas ukrai\u0146u gr\u0101matas. M\u016bsu sabiedriskie darbo\u0146i. Pa\u0146emam m\u016bsu baroka festiv\u0101lu. Taj\u0101 skan\u0113ja \u013coti daudz m\u016bsu ukrai\u0146u m\u016bzika, kas agr\u0101k bija nolikta mal\u0101.<\/p>\n<blockquote>\n<p style=\"margin-left:0cm; margin-right:0cm\">Iebrukums 2022.\u00a0gad\u0101 bija \u013coti sp\u0113c\u012bgs trieciens tie\u0161i pa t\u0101 saukto &#8220;krievu pasauli&#8221;.<\/p>\n<\/blockquote>\n<p style=\"margin-left:0cm; margin-right:0cm\">Tagad jau esam pieradu\u0161i\u2026 K\u0101 tad, kad pierad\u0101m iztikt bez elektr\u012bbas, g\u0101zes, t\u0101pat atsak\u0101mies no tiem p\u0101rst\u0101vjiem, kas uzskata, ka m\u0113s esam kaut k\u0101da da\u013ca no&#8230; Ka paties\u012bb\u0101 t\u0101 visa ir Krievijas tauta. Bet es uzsveru &#8211; es nodalu no agresoriem, no tiem, kas atbalsta karu, krievus, kas tie\u0161i otr\u0101di &#8211; atbalsta ukrai\u0146us. M\u0113s zin\u0101m, ka ar\u012b front\u0113 [Ukrainas pus\u0113] karo divi krievu bataljoni. Vi\u0146i ir da\u017e\u0101di cilv\u0113ki, bet diem\u017e\u0113l, k\u0101 teicis viens klasi\u0137is &#8211; diem\u017e\u0113l vi\u0146u ir maz\u0101kum\u0101. Es \u013coti cienu Gariju Kasparovu. Atceros, k\u0101 vi\u0146\u0161 atbrauca 2014.\u00a0gad\u0101 ar gr\u0101matas prezent\u0101ciju un p\u0113c tam visus asto\u0146us gadus l\u012bdz pilnapm\u0113ra iebrukumam kliedza ska\u013c\u0101 bals\u012b, ka jau tad vajadz\u0113ja \u012bstenot liel\u0101s sankcijas. Tad neb\u016btu 2022.\u00a0gada tra\u0123\u0113dijas. Bet vi\u0146\u0101 neieklaus\u012bj\u0101s. T\u0101 ir patiesa opoz\u012bcija, kuras ir \u013coti, \u013coti maz.<\/p>\n<p style=\"margin-left:0cm; margin-right:0cm\">K\u0101 jums \u0161\u0137iet, kas ir noticis ar krievu tautu?<\/p>\n<p style=\"margin-left:0cm; margin-right:0cm\">Nekas p\u0113k\u0161\u0146i nav noticis. Es braucu l\u012bdz 2014.\u00a0gadam. Tas tika gatavots jau agr\u0101k. Tur ieguld\u012bti miljoni un miljardi. Tie\u0161i t\u0101pat Krim\u0101 ar\u012b bija \u013coti\u2026 Piem\u0113ram, cilv\u0113ki, kas dz\u012bvoja Krim\u0101, maks\u0101ja nodok\u013cus visiem dienestiem, taj\u0101 skait\u0101 Dro\u0161\u012bbas dienestam un t\u0101 t\u0101l\u0101k, bet tas nenostr\u0101d\u0101ja. Tas att\u012bst\u012bj\u0101s k\u0101 t\u0101ds \u013caundab\u012bgais audz\u0113js. Ar\u012b Latvij\u0101 ir t\u0101di person\u0101\u017ei, bet tagad vi\u0146i klus\u0101k uzvedas,\u00a0bet k\u0101 t\u0101das ind\u012bgas \u010d\u016bskas \u0161\u0146\u0101c.<\/p>\n<p style=\"margin-left:0cm; margin-right:0cm\">Un k\u0101 j\u016bs redzat n\u0101kotni?<\/p>\n<p style=\"margin-left:0cm; margin-right:0cm\"><a id=\"6\" name=\"6\"\/>Es \u0161aj\u0101 jaut\u0101jum\u0101 atbalstu [\u017eurn\u0101listu]\u00a0 Vit\u0101liju Port\u0146ikovu. Mans br\u0101lis I\u013cja m\u0101c\u012bj\u0101s ar vi\u0146u skol\u0101 &#8211; zinu vi\u0146u kop\u0161 b\u0113rn\u012bbas. Vi\u0146\u0161 vienm\u0113r bijis \u013coti sapr\u0101t\u012bgs. Vi\u0146\u0161 saka, ka galvenais, lai saglab\u0101tos Ukraina. Valsts var b\u016bt da\u017e\u0101d\u0101s robe\u017e\u0101s &#8211; m\u0113s neap\u0161aub\u0101mi gribam atgriezties pie 1991.\u00a0gada robe\u017e\u0101m, bet m\u0113s redzam, ka \u0161obr\u012bd tas ir nere\u0101li. Mums svar\u012bg\u0101kais ir saglab\u0101t valsti, saglab\u0101t valsti t\u0101, lai t\u0101 nek\u013c\u016btu par &#8220;krievu pasaules&#8221; da\u013ci\u0146u.\u00a0\u0160ie gandr\u012bz \u010detri pilnapm\u0113ra kara gadi par\u0101da, ka mums tas izdodas. P\u0101rdz\u012bvoju\u00a0par \u013coti lieliem zaud\u0113jumiem. Tas ir viens. Otrs &#8211; par \u013coti lielo emigr\u0101ciju. Vajadz\u0113tu kaut ko dar\u012bt, lai ukrai\u0146i grib\u0113tu atgriezties, kad neb\u016bs vairs ap\u0161audes un var\u0113s mier\u012bgi m\u0101c\u012bties. Lai veidotos jaunas darba vietas, nevis nedom\u0101tu par to, no k\u0101d\u0101m valst\u012bm ievest darbiniekus, lai atjaunotos.<\/p>\n<p style=\"margin-left:0cm; margin-right:0cm\">Piem\u0113ram, manas labas pazi\u0146as v\u012brs, kas l\u012bdz Donalda Trampa atn\u0101k\u0161anai str\u0101d\u0101ja &#8220;Amerikas Bals\u012b&#8221;\u00a0saka, ka pirmais, ko vi\u0146\u0161 dar\u012bs, kad beigsies kara akt\u012bv\u0101 f\u0101ze &#8211; &#8220;brauk\u0161u uz Ukrainu atjaunot Ukrainu!&#8221; . T\u0101 dom\u0101 m\u016bsu draugi.<\/p>\n<p style=\"margin-left:0cm; margin-right:0cm\">Vai j\u016bs redzat, k\u0101 to praktiski tagad izdar\u012bt? Vai j\u016bs piekristu Donbasu atdot Krievijai, ko vi\u0146i v\u0113las &#8211; pat to, ko vi\u0146i nav iekaroju\u0161i&#8230; K\u0101 j\u016bs to redzat?<\/p>\n<p style=\"margin-left:0cm; margin-right:0cm\">Man ir \u013coti gr\u016bti pateikt, jo to vajadz\u0113tu izlemt pie varas eso\u0161ajiem politi\u0137iem. Bet, \u0146emot v\u0113r\u0101 realit\u0101ti&#8230; Diem\u017e\u0113l, es biju vakar \u013coti skumj\u0101 notikum\u0101. M\u0113s glab\u0101j\u0101m m\u016bsu pazi\u0146u &#8211; vi\u0146a ir medi\u0137e, 51 gadu tikai nodz\u012bvoja. Visu kara periodu vi\u0146a oper\u0113ja\u2026 Ir \u013coti lieli zaud\u0113jumi. Diem\u017e\u0113l ienaidniekam resursu ir daudz vair\u0101k. Ja\u00a0b\u016btu bijis liel\u0101ks atbalsts, mums b\u016btu daudz maz\u0101k zaud\u0113jumu un Putins daudz \u0101tr\u0101k apst\u0101tos. Diem\u017e\u0113l tas nenotika. T\u0101p\u0113c kar\u0161 turpin\u0101s, un man ir gr\u016bti pateikt, k\u0101 pareizi izdar\u012bt. Vien\u012bgais, ko es redzu, ka, jo ilg\u0101k bez k\u0101diem p\u0101rtraukumiem turpin\u0101s kar\u0161, jo slikt\u0101ka k\u013c\u016bst situ\u0101cija. Vienk\u0101r\u0161i m\u0113s pa\u0161i to nevaram\u2026 Grib\u0113tos vair\u0101k atbalstu &#8211; t\u0101d\u0101 apm\u0113r\u0101, lai Putins grib\u0113tu apst\u0101ties pats. Lai sankcijas vi\u0146u v\u0113l vair\u0101k \u017e\u0146augtu.<\/p>\n<p style=\"margin-left:0cm; margin-right:0cm\">Vai j\u016bs ticat, ka ar vi\u0146u visp\u0101r var vienoties?<\/p>\n<p style=\"margin-left:0cm; margin-right:0cm\">N\u0113, neticu, neticu. Es pie sevis t\u0101 atceros, ka 90. gados bija t\u0101di band\u012bti, kas b\u0113rniem \u0146\u0113ma nost mantas, naudu. Vi\u0146i ir t\u0101di band\u012bti\u2026 Tikai ar lieliem kodoliero\u010diem. Pret t\u0101diem var st\u0101ties pret\u012b tikai sp\u0113ks. Viens sp\u0113ks pret\u012b otram sp\u0113kam. Redz\u0113j\u0101t &#8211; tikl\u012bdz ASV piedraud\u0113ja iedot &#8220;Tomahawk&#8221;,\u00a0vi\u0146\u0161 uzreiz ieinteres\u0113j\u0101s par pamieru. Tikai sp\u0113ks pret sp\u0113ku. Tikai liel\u0101ks m\u016bsu Eiropas draugu atbalsts, un ceru, ka no Amerikas. Tikai sp\u0113ks pret \u0161o band\u012btu ar kodolra\u0137et\u0113m var pan\u0101kt, ka vi\u0146\u0161 ar komp\u0101niju ar\u012b nob\u012bsies. Nepiecie\u0161ams ar\u012b komp\u0101nijai, jo vi\u0146\u0161 [Putins] jau pats nes\u0113\u017e pie vad\u012bbas t\u0101m lidma\u0161\u012bn\u0101m un nespie\u017e pogas. Tie, kas vi\u0146u atbalsta &#8211; kara partija. lai vi\u0146i ar\u012b grib\u0113tu apst\u0101ties. Lai vi\u0146iem tas k\u013c\u016btu neizdev\u012bgi. Ja neb\u016bs vi\u0146iem ar ko ap\u0161aud\u012bt &#8211; neb\u016bs vairs pieejamas t\u0101s komponentes ra\u0137et\u0113m, tad&#8230;\u00a0Tikai t\u0101. Tikai v\u0113l liel\u0101ks m\u016bsu partneru atbalsts &#8211; t\u0101 ir vien\u012bg\u0101 izeja.<\/p>\n<p style=\"margin-left:0cm; margin-right:0cm\">Kas ir pats lab\u0101kais, kas pie jums ir noticis p\u0113d\u0113jo gadu laik\u0101 kult\u016br\u0101, literat\u016br\u0101, m\u0101ksl\u0101, kas j\u016bs personiski ir \u013coti iepriecin\u0101jis?<\/p>\n<p style=\"margin-left:0cm; margin-right:0cm\">Mani priec\u0113 tas, ka es pats piedalos da\u017e\u0101s izst\u0101d\u0113s. Starp citu, \u0161odien es ved\u012b\u0161u \u0161\u0101du,\u00a0l\u016bk, darbu uz izst\u0101di. T\u0101 ir m\u016bsu kulta vieta.<\/p>\n<p style=\"margin-left:0cm; margin-right:0cm\">J\u0101, tas ce\u013c\u0161 no Andrijivskas bazn\u012bcas.<\/p>\n<p style=\"margin-left:0cm; margin-right:0cm\">J\u0101, ziem\u0101. Tagad jau m\u016bsu mazb\u0113rni visdr\u012bz\u0101k sniegu neredz\u0113s, bet t\u0101 k\u0101 mums sniegu \u013coti gribas &#8211; m\u0113s to uzz\u012bm\u0113jam.<\/p>\n<p style=\"margin-left:0cm; margin-right:0cm\">Izst\u0101des, koncerti. T\u0101ds, kur\u0101 piedal\u012bj\u0101s [meitas] Al\u012bnas mamma, Kijivas &#8220;Kremerata&#8221;\u00a0koncerts vai citi projekti. Vakar atkl\u0101t\u0101 izst\u0101de &#8211; projekts &#8220;Maize&#8221;. Ar \u0161iem lielajiem projektiem nodarbojas Olena Zarecka un citi. \u0160obr\u012bd v\u0113l p\u0113d\u0113j\u0101s dienas apskat\u0101ma mana skolot\u0101ja Zarecka izst\u0101de. M\u016bsu m\u0101kslas akad\u0113mijai 17.\u00a0decembr\u012b aprit 108 gadi. Taj\u0101 ar\u012b mans vect\u0113vs nostr\u0101d\u0101ja 30 gadus. M\u0113s apkopoj\u0101m savus darbus un uztais\u012bj\u0101m izst\u0101di par m\u016bsu skolot\u0101ju Viktoru Zarecki. V\u0113l ir divas izst\u0101des par godu [vienam no zin\u0101m\u0101kajiem ukrai\u0146u gleznot\u0101jiem]\u00a0Oleksandram Mura\u0161kam. Tie ir notikumi, kas dod lielu iedvesmu un prieku. M\u0113s godin\u0101m savus klasi\u0137us. Daudz kas ir noticis. Ar\u012b gr\u0101matas izn\u0101k.<\/p>\n<p style=\"margin-left:0cm; margin-right:0cm\">Vai j\u016bs kaut k\u0101 godin\u0101t m\u0101ksliniekus, rakstniekus, kas ir devu\u0161ies karot un kuru vairs nav? Vai daudz ir boj\u0101 g\u0101ju\u0161o?<\/p>\n<p style=\"margin-left:0cm; margin-right:0cm\">J\u0101, piem\u0113ram, pirms div\u0101m dien\u0101m tika atkl\u0101ts te\u0101tra festiv\u0101ls &#8220;Sp\u0113le&#8221;. Pirms atkl\u0101\u0161anas par\u0101d\u012bja visus, kas iesaist\u012bj\u0101s &#8211; aktierus, m\u0101ksliniekus, scenogr\u0101fus, kas ir kritu\u0161i. M\u0113s vienm\u0113r atceramies vis\u0101s m\u016bsu kop\u0101 san\u0101k\u0161an\u0101s, koncertos vai citos notikumos. Katr\u0101 te\u0101tr\u012b ir piemi\u0146as vietas. Piem\u0113ram, M\u0101kslas instit\u016bt\u0101 ir izliktas fotogr\u0101fijas.<\/p>\n<p style=\"margin-left:0cm; margin-right:0cm\">\n<p>            <img decoding=\"async\" src=\"https:\/\/www.europesays.com\/lv\/wp-content\/uploads\/2026\/01\/sen5.jpg\" alt=\"Eduards Me\u017euls\"\/><\/p>\n<p>Eduards Me\u017euls<\/p>\n<p>Foto: Indra Sprance \/ Latvijas Radio<\/p>\n<\/p>\n<p style=\"margin-left:0cm; margin-right:0cm\">Vai daudz to ir?<\/p>\n<p style=\"margin-left:0cm; margin-right:0cm\">Diem\u017e\u0113l, daudz k\u013cuvis. Gan to, kas kritu\u0161i, gan to, kas aizg\u0101ju\u0161i karot. Diem\u017e\u0113l, kas v\u0113l ir skumji\u2026 [Kijivas] Baikove kaps\u0113ta ir sena. Tur ir apglab\u0101ta gan Lauma, gan vect\u0113vi. T\u0101 ir sena, sl\u0113gta kaps\u0113ta, bet tagad tur jau ir jaunas kapavietas tiem, kas kritu\u0161i ap\u0161audes laik\u0101. Vair\u0101k nek\u0101 300 kijivie\u0161i g\u0101ju\u0161i boj\u0101 ap\u0161aud\u0113s. Tas ir \u013coti skumji. Boj\u0101 iet ne tikai tie, kas aizg\u0101ju\u0161i karot.\u00a0<\/p>\n<p style=\"margin-left:0cm; margin-right:0cm\">Bet pozit\u012bvi ir, ka turpin\u0101s izst\u0101des, koncerti, literat\u016bras las\u012b\u0161ana, gr\u0101matu izdo\u0161ana. M\u016bsu gr\u0101matu izst\u0101des, gadatirgi &#8211; tas ir kaut kas neticams! Tas, ka izn\u0101k \u0161\u012bs gr\u0101matas, top jaunas izr\u0101des, notiek koncerti ne tikai Ukrain\u0101, bet ar\u012b \u0101rvalst\u012bs &#8211; tas \u013coti priec\u0113. T\u0101pat tas, ka pie manis n\u0101k studenti, klaus\u0101s un aug man\u0101 acu priek\u0161\u0101.<\/p>\n<p style=\"margin-left:0cm; margin-right:0cm\">Ko visvair\u0101k cilv\u0113kiem pat\u012bk z\u012bm\u0113t \u0161obr\u012bd?<\/p>\n<p style=\"margin-left:0cm; margin-right:0cm\">Pie manis z\u012bm\u0113 to, ko meitenes st\u0101st\u012bja &#8211; k\u0101 karav\u012bri str\u0101d\u0101. Ja vi\u0146i n\u0101k pie manis, m\u0113s dodamies uz parku gleznot. Pavasar\u012b gleznojam magnolijas, v\u0113l\u0101k\u0101 pavasar\u012b &#8211; ceri\u0146us Kijiv\u0101. Ar\u012b portretus. \u0160obr\u012bd man darba proces\u0101 ir portrets, ko draugi pal\u016bdza. \u013boti daudz ir l\u016bgumi uzgleznot portretus. Cilv\u0113ki mazliet vair\u0101k piev\u0113r\u0161 uzman\u012bbu saviem tuvajiem un pas\u016bta portretus.<\/p>\n<p style=\"margin-left:0cm; margin-right:0cm\">Starp citu, \u0161is ir interesanti &#8211; man pas\u016bt\u012bja Krievij\u0101 aizliegtas gleznas kopiju. Saucas &#8220;Pal\u012bdz\u012bbas ku\u0123is&#8221;.<\/p>\n<p style=\"margin-left:0cm; margin-right:0cm\"><a id=\"7\" name=\"7\"\/>K\u0101p\u0113c aizliegta?<\/p>\n<p style=\"margin-left:0cm; margin-right:0cm\">Aizliegta, jo Aivazovskis uzgleznoja triptihu, kur\u0101 redzams k\u0101 Amerika gl\u0101bj Krieviju. T\u0101 ar\u012b tagad gl\u0101bj Krieviju. K\u0101 vi\u0146a gl\u0101ba. Tur ir redzams amerik\u0101\u0146u ku\u0123is, kas ved produktus. P\u0113c tam bija v\u0113l divas gleznas, k\u0101 prouktus izvad\u0101 pa ciemiem. Darbi tapa aptuveni 20.\u00a0gadsimta s\u0101kum\u0101. Izsol\u0113 ori\u0123in\u0101li p\u0101rdoti par diviem miljoniem dol\u0101ru, un man pal\u016bdza uzgleznot kopiju no fotogr\u0101fijas.<\/p>\n<p style=\"margin-left:0cm; margin-right:0cm\">T\u0101, ka priorit\u0101tes ir paliku\u0161as t\u0101s pa\u0161as. Ar\u012b uz lab\u0101m izr\u0101d\u0113m. Es biju uz Franka te\u0101tra izr\u0101di un uz Lesi Ukrainki te\u0101tri. Ir \u013coti gr\u016bti dab\u016bt bi\u013cetes uz lab\u0101m izr\u0101d\u0113m.\u00a0Tas ir \u013coti svar\u012bgi. To stundu, pusotru, ko cilv\u0113ki pavada te\u0101tr\u012b, vi\u0146i nedom\u0101 par karu un zaud\u0113jumiem. Tas ir \u013coti svar\u012bgi! \u012apa\u0161i &#8211; tas,\u00a0ka tiek izr\u0101d\u012btas laika biedru rad\u012btas izr\u0101des. Ar\u012b t\u0101s lugas, kas uzrakst\u012btas 19., 20.\u00a0gadsimt\u0101 \u0161obr\u012bd jau tiek p\u0101rskat\u012btas pavisam cit\u0101 gaism\u0101. T\u0101 pati &#8221; Var\u0161avas melodija&#8221;\u00a0 &#8211; no jauna iestud\u0113ta. Es biju uz to aizg\u0101jis, un tur visi cilv\u0113ki &#8211; gan vec\u0101ki par mani, gan es &#8211; visi raud\u0101ja. Mana mamma to \u013coti m\u012bl\u0113ja. Vi\u0146a t\u0101pat k\u0101 lugas galven\u0101 varone atbrauca un run\u0101ja ar akcentu. T\u0101pat galven\u0101 varone &#8220;Var\u0161avas melodij\u0101&#8221; run\u0101 ar po\u013cu akcentu.<\/p>\n<p style=\"margin-left:0cm; margin-right:0cm\">K\u0101 j\u016bs j\u016btaties \u0161obr\u012bd, \u0146emot v\u0113r\u0101 karu un visu to, kas notiek ar Ukrainu?<\/p>\n<p style=\"margin-left:0cm; margin-right:0cm\">Nu, ir \u013coti, \u013coti gr\u016bti, bet labi, ka neesam ne front\u0113, ne g\u016bst\u0101, neesam ar\u012b ievainoti, bet \u013coti ir uzkr\u0101jies nogurums.\u00a0Nogurums ir liels. Gribas taisn\u012bgu kara nobeigumu. Uzvara noz\u012bm\u0113tu Ukrainas valstiskuma saglab\u0101\u0161anu un iesp\u0113ju ukrai\u0146iem atgriezties no \u0101rzem\u0113m. Ka b\u016btu ar\u012b v\u0113l\u0113\u0161an\u0101s atjaunot valsti.<\/p>\n<p style=\"margin-left:0cm; margin-right:0cm\">Ko j\u016bs darat, kad jums ir pavisam smagi?<\/p>\n<p style=\"margin-left:0cm; margin-right:0cm\">Es\u00a0\u013coti daudz staig\u0101ju. Cen\u0161os aiziet vai nu l\u012bdz magnolij\u0101m, vai l\u012bdz parkam, vai vismaz Andrijivkas bazn\u012bcai vai Podo\u013cai. Man ir izstr\u0101d\u0101ti pastaigu mar\u0161ruti vienai stundai, div\u0101m, tr\u012bs stund\u0101m vai piec\u0101m stund\u0101m. Es staig\u0101ju pa vienu no saviem mar\u0161rutiem caur v\u0113sturisk\u0101m viet\u0101m, kas ir \u013coti svar\u012bgas.<\/p>\n<p style=\"margin-left:0cm; margin-right:0cm\">Vai varat mazlieti\u0146 pastast\u012bt par gr\u0101matu?<\/p>\n<p style=\"margin-left:0cm; margin-right:0cm\">L\u016bk,\u00a0Laumas gr\u0101mata. Vi\u0146a to uzrakst\u012bja.\u00a0\u0160aj\u0101 fotogr\u0101fij\u0101 Lauma ir 2021.\u00a0gad\u0101 &#8211; pirms kara.<\/p>\n<p style=\"margin-left:0cm; margin-right:0cm\">Piepild\u012btu dz\u012bvi nodz\u012bvoja Lauma.<\/p>\n<p style=\"margin-left:0cm; margin-right:0cm\">J\u0101, j\u0101, 22 gadi Latvij\u0101 un v\u0113l vair\u0101k nek\u0101 60 Ukrain\u0101.<\/p>\n<p style=\"margin-left:0cm; margin-right:0cm\">Bet \u0161eit Ukrain\u0101 sastapa lielo karu.<\/p>\n<p style=\"margin-left:0cm; margin-right:0cm\"><a id=\"8\" name=\"8\"\/>Diem\u017e\u0113l. Un vi\u0146a nesp\u0113ja to mor\u0101li p\u0101rdz\u012bvot. Vi\u0146a man teica\u00a02022.\u00a0gada nogal\u0113 &#8211; redz\u0113ja, ka kar\u0161 nebeidzas un saprata, ka nenodz\u012bvos l\u012bdz beig\u0101m.\u00a0 Nov\u0113l\u0113ja mums, lai m\u0113s nodz\u012bvojam l\u012bdz kara beig\u0101m. Vi\u0146a m\u012bl\u0113ja t\u0101du gr\u0101mati\u0146u &#8220;Tr\u012bs resnv\u0113deri&#8221;. Bija t\u0101ds rakstnieks [Jurijs] O\u013ce\u0161a.\u00a0 Varb\u016bt j\u016bs zin\u0101t t\u0101du gr\u0101matu, kas ir pirms simts gadiem uzrakst\u012bta. Tur bija t\u0101di tr\u012bs resnv\u0113deri, kas aplaup\u012bja tautu. Labais uzvar\u0113ja. P\u0113c tam vi\u0146us ies\u0113din\u0101ja kr\u0101ti\u0146\u0101 un vad\u0101ja pa visurieni. Vi\u0146a dom\u0101ja, ka var\u0113tu t\u0101 Putinu, Lavrovu un dro\u0161\u012bbniekus ies\u0113din\u0101t kr\u0101ti\u0146os un vad\u0101t pa Eiropu. Vi\u0146a dom\u0101ja, ka t\u0101ds var\u0113tu b\u016bt kara nosl\u0113gums &#8211; izr\u0101d\u012bt vi\u0146us k\u0101 t\u0101dus zooparka iem\u012btniekus.<\/p>\n","protected":false},"excerpt":{"rendered":"M\u0101kslinieks un pedagogs Eduards Me\u017euls n\u0101k no jauktas \u0123imenes. Vi\u0146a t\u0113vs ir ukrainis, bet mamma &#8211; Lauma Me\u017eule&hellip;\n","protected":false},"author":2,"featured_media":100944,"comment_status":"","ping_status":"","sticky":false,"template":"","format":"standard","meta":{"footnotes":""},"categories":[5],"tags":[23,28,29,32,33,22,30,31,35,39,38,36,37,34,40,20,26,27,24,25,21],"class_list":{"0":"post-100943","1":"post","2":"type-post","3":"status-publish","4":"format-standard","5":"has-post-thumbnail","7":"category-aktualitates","8":"tag-aktualitates","9":"tag-breaking-news","10":"tag-breakingnews","11":"tag-featured-news","12":"tag-featurednews","13":"tag-headlines","14":"tag-latest-news","15":"tag-latestnews","16":"tag-latvia","17":"tag-latvian","18":"tag-latviesu","19":"tag-latviesu-valoda","20":"tag-latviesuvaloda","21":"tag-latvija","22":"tag-lv","23":"tag-news","24":"tag-popularakas-zinas","25":"tag-popularakaszinas","26":"tag-top-stories","27":"tag-topstories","28":"tag-zinas"},"share_on_mastodon":{"url":"https:\/\/pubeurope.com\/@lv\/115876213763528465","error":""},"_links":{"self":[{"href":"https:\/\/www.europesays.com\/lv\/wp-json\/wp\/v2\/posts\/100943","targetHints":{"allow":["GET"]}}],"collection":[{"href":"https:\/\/www.europesays.com\/lv\/wp-json\/wp\/v2\/posts"}],"about":[{"href":"https:\/\/www.europesays.com\/lv\/wp-json\/wp\/v2\/types\/post"}],"author":[{"embeddable":true,"href":"https:\/\/www.europesays.com\/lv\/wp-json\/wp\/v2\/users\/2"}],"replies":[{"embeddable":true,"href":"https:\/\/www.europesays.com\/lv\/wp-json\/wp\/v2\/comments?post=100943"}],"version-history":[{"count":0,"href":"https:\/\/www.europesays.com\/lv\/wp-json\/wp\/v2\/posts\/100943\/revisions"}],"wp:featuredmedia":[{"embeddable":true,"href":"https:\/\/www.europesays.com\/lv\/wp-json\/wp\/v2\/media\/100944"}],"wp:attachment":[{"href":"https:\/\/www.europesays.com\/lv\/wp-json\/wp\/v2\/media?parent=100943"}],"wp:term":[{"taxonomy":"category","embeddable":true,"href":"https:\/\/www.europesays.com\/lv\/wp-json\/wp\/v2\/categories?post=100943"},{"taxonomy":"post_tag","embeddable":true,"href":"https:\/\/www.europesays.com\/lv\/wp-json\/wp\/v2\/tags?post=100943"}],"curies":[{"name":"wp","href":"https:\/\/api.w.org\/{rel}","templated":true}]}}