{"id":100945,"date":"2026-01-11T11:29:15","date_gmt":"2026-01-11T11:29:15","guid":{"rendered":"https:\/\/www.europesays.com\/lv\/100945\/"},"modified":"2026-01-11T11:29:15","modified_gmt":"2026-01-11T11:29:15","slug":"rimi-nedienas-ar-galu-atgriezt-man-jau-nav-ko-atgriezt-norada-pirceja-la-lv","status":"publish","type":"post","link":"https:\/\/www.europesays.com\/lv\/100945\/","title":{"rendered":"\u201cRimi\u201d nedienas ar ga\u013cu! \u201cAtgriezt? Man jau nav ko atgriezt,\u201d nor\u0101da pirc\u0113ja &#8211; LA.LV"},"content":{"rendered":"<ol>\n<li><a href=\"https:\/\/news.google.com\/rss\/articles\/CBMikAFBVV95cUxOTXRaWWpZTjk3dUU3dHZVbW9HXzU3VFBIVGlsUWRKNm00bWFqT2VERnFqN0U1dENORDNLU0dENnNKNFFuUV82aEtOSFdMX3g4endtNXdzRHUyeFVUcWZhd3lYUGZZNWpuck45ZTQ1TUQyOXlHZS1WQk5ickdlalpOZE82dzFOUGRCZ1JKMlVVRV8?oc=5\" target=\"_blank\" rel=\"nofollow noopener\">\u201cRimi\u201d nedienas ar ga\u013cu! \u201cAtgriezt? Man jau nav ko atgriezt,\u201d nor\u0101da pirc\u0113ja<\/a>&nbsp;&nbsp;LA.LV<\/li>\n<li><a href=\"https:\/\/news.google.com\/rss\/articles\/CBMijgFBVV95cUxQblVpOFVMTzUtSUhDR21xajAtYjJhanNUYkpaTDZURk1LbnVZbXNSamFyS1hvckFQY3VmVVVHdUZhTWZkN2tVdS1OVzlfQVotbVBybUh0OVFUS3dJWV9SbmpvVnFkSkwwa285R1dwdHNESkxNclVaQ3FPYTFXb3ZhOVFmaGo5N3Q4NWlnRGRB?oc=5\" target=\"_blank\" rel=\"nofollow noopener\">&#8220;Rimi&#8221; l\u016bdz pirc\u0113jiem nodot atpaka\u013c konkr\u0113tu preci<\/a>&nbsp;&nbsp;Jauns.lv<\/li>\n<li><a href=\"https:\/\/news.google.com\/rss\/articles\/CBMiuwFBVV95cUxOS1pWNDU2WFpWLUpUX1JpbDhTNFdGX1A3ZWNiN3F6cEZOLWp1ckFra21MWWdHd0dTQ05ZSWdqdHY5WjFPcklHM0dGOWoyVlVqQkVQc0Fjc1dTVndBRHE3YWtxVHRSNXN0X21XRzNvcmh2MHdGREl2TjF0dE9wTTdBNTNZMXdoSTk2WHYxU0FBdUlsT2lVOFZaUlFCQ3FRYUlDV3BYb2RTTDV0OElIOVhUTjlXN3FJY1B4Ujcw?oc=5\" target=\"_blank\" rel=\"nofollow noopener\">&#8220;Rimi&#8221; aicina pirc\u0113jus nodot atpaka\u013c kotle\u0161u masu &#8220;Rimi Smart&#8221;<\/a>&nbsp;&nbsp;Delfi<\/li>\n<li><a href=\"https:\/\/news.google.com\/rss\/articles\/CBMieEFVX3lxTFAyVmY3T2xfLWpPWk84OW1OckRvM1JHS19pOTdfcExEYnpMVlA1MDFfRWY4dTQwdkl0NzFnRVF5UkxSUHU3Mkd0VVFOT3REWE1HbElwQkVNUXBfR0VETE9QUy1KYXotZmRoRlRDRmNaYzZ4NnV6eU56Xw?oc=5\" target=\"_blank\" rel=\"nofollow noopener\">&#8220;Rimi&#8221; aicina pirc\u0113jus atgriezt preci<\/a>&nbsp;&nbsp;Receptes.lv<\/li>\n<li><a href=\"https:\/\/news.google.com\/rss\/articles\/CBMi4AFBVV95cUxPRkVhb29nXzFWeXdpMUUxalFKX3pyY2ZUSElad2FaMXVYVnFsa0dGbmhydVJWY0ZfMVA4a3RUSWR5X1lwbFNsV3NrUVNwbzhwUl9KQlFxOVEtU0xfOWVkTVdlV3BHQk12a0lPd3lFQ3NpRUpNR3Z6LWdCMmlQM01KSzNMemVNY2pBTGlXbGp4Wi0tRFZyWVdtMXlRZzJIRmFHRjhjMzFaSm9NYk01ZXNjVTQtR0JzRFRDWWVJTU0xZVQ5UFJ0UDJFbjd5OExBV2lXdTR2Rm05QjFNcHFJZDdVZQ?oc=5\" target=\"_blank\" rel=\"nofollow noopener\">Rimi steidzam\u0101 k\u0101rt\u0101 br\u012bdina pirc\u0113jus: ja esi ieg\u0101d\u0101jies \u0161o p\u0101rtikas preci, nekav\u0113joties atgriez to veikal\u0101<\/a>&nbsp;&nbsp;Spogulis Baltic<\/li>\n<\/ol>\n","protected":false},"excerpt":{"rendered":"\u201cRimi\u201d nedienas ar ga\u013cu! \u201cAtgriezt? Man jau nav ko atgriezt,\u201d nor\u0101da pirc\u0113ja&nbsp;&nbsp;LA.LV &#8220;Rimi&#8221; l\u016bdz pirc\u0113jiem nodot atpaka\u013c konkr\u0113tu&hellip;\n","protected":false},"author":2,"featured_media":100946,"comment_status":"","ping_status":"","sticky":false,"template":"","format":"standard","meta":{"footnotes":""},"categories":[5],"tags":[23,28,29,32,33,22,30,31,35,39,38,36,37,34,40,20,26,27,24,25,21],"class_list":{"0":"post-100945","1":"post","2":"type-post","3":"status-publish","4":"format-standard","5":"has-post-thumbnail","7":"category-aktualitates","8":"tag-aktualitates","9":"tag-breaking-news","10":"tag-breakingnews","11":"tag-featured-news","12":"tag-featurednews","13":"tag-headlines","14":"tag-latest-news","15":"tag-latestnews","16":"tag-latvia","17":"tag-latvian","18":"tag-latviesu","19":"tag-latviesu-valoda","20":"tag-latviesuvaloda","21":"tag-latvija","22":"tag-lv","23":"tag-news","24":"tag-popularakas-zinas","25":"tag-popularakaszinas","26":"tag-top-stories","27":"tag-topstories","28":"tag-zinas"},"share_on_mastodon":{"url":"https:\/\/pubeurope.com\/@lv\/115876237301369539","error":""},"_links":{"self":[{"href":"https:\/\/www.europesays.com\/lv\/wp-json\/wp\/v2\/posts\/100945","targetHints":{"allow":["GET"]}}],"collection":[{"href":"https:\/\/www.europesays.com\/lv\/wp-json\/wp\/v2\/posts"}],"about":[{"href":"https:\/\/www.europesays.com\/lv\/wp-json\/wp\/v2\/types\/post"}],"author":[{"embeddable":true,"href":"https:\/\/www.europesays.com\/lv\/wp-json\/wp\/v2\/users\/2"}],"replies":[{"embeddable":true,"href":"https:\/\/www.europesays.com\/lv\/wp-json\/wp\/v2\/comments?post=100945"}],"version-history":[{"count":0,"href":"https:\/\/www.europesays.com\/lv\/wp-json\/wp\/v2\/posts\/100945\/revisions"}],"wp:featuredmedia":[{"embeddable":true,"href":"https:\/\/www.europesays.com\/lv\/wp-json\/wp\/v2\/media\/100946"}],"wp:attachment":[{"href":"https:\/\/www.europesays.com\/lv\/wp-json\/wp\/v2\/media?parent=100945"}],"wp:term":[{"taxonomy":"category","embeddable":true,"href":"https:\/\/www.europesays.com\/lv\/wp-json\/wp\/v2\/categories?post=100945"},{"taxonomy":"post_tag","embeddable":true,"href":"https:\/\/www.europesays.com\/lv\/wp-json\/wp\/v2\/tags?post=100945"}],"curies":[{"name":"wp","href":"https:\/\/api.w.org\/{rel}","templated":true}]}}