{"id":100952,"date":"2026-01-11T11:49:17","date_gmt":"2026-01-11T11:49:17","guid":{"rendered":"https:\/\/www.europesays.com\/lv\/100952\/"},"modified":"2026-01-11T11:49:17","modified_gmt":"2026-01-11T11:49:17","slug":"renars-birkentals-atklaj-viru-sprintu-damu-sacensibas-parceltas-lente-lv-2","status":"publish","type":"post","link":"https:\/\/www.europesays.com\/lv\/100952\/","title":{"rendered":"Ren\u0101rs Birkent\u0101ls atkl\u0101j v\u012bru sprintu, d\u0101mu sacens\u012bbas p\u0101rceltas\u00a0\u2014\u00a0Lente.lv"},"content":{"rendered":"<p>Birkent\u0101ls pirmais tras\u0113 v\u012bru sprint\u0101<\/p>\n<p>\u0160odien, 8. janv\u0101r\u012b, V\u0101cijas pils\u0113t\u0101 Oberhof\u0101 start\u0113 Pasaules kausa biatlona ceturtais posms ar v\u012brie\u0161u 10 kilometru sprinta sacens\u012bb\u0101m. K\u0101 pirmais no Latvijas sportistiem tras\u0113 dosies Ren\u0101rs Birkent\u0101ls. Sacens\u012bbas s\u0101ksies plkst. 12:30 p\u0113c Latvijas laika. Andrejs Rastorgujevs start\u0113s ar 39. numuru, bet Edgars Mise, kuram \u0161\u012b b\u016bs sezonas debija Pasaules kausa individu\u0101laj\u0101s sacens\u012bb\u0101s, dosies tras\u0113 ar 86. numuru. Sacens\u012bbu s\u0101kum\u0101 paredz\u0113ts piemi\u0146as br\u012bdis Norv\u0113\u0123ijas biatlonistam S\u012bvertam Gutormam Bakenam, kur\u0161 pirms Ziemassv\u0113tkiem tika atrasts miris treni\u0146nometnes laik\u0101.<\/p>\n<p>D\u0101mu sprints p\u0101rcelts uz agr\u0101ku laiku<\/p>\n<p>S\u0101kotn\u0113ji piektdien pl\u0101not\u0101s d\u0101mu 7.5 kilometru sprinta sacens\u012bbas ir p\u0101rceltas uz \u0161odienu, plkst. 15:15 p\u0113c Latvijas laika, laika apst\u0101k\u013cu d\u0113\u013c. \u0160aj\u0101 posm\u0101 start\u0113s tr\u012bs Latvijas biatlonistes: Estere Volfa (ar 17. numuru), Baiba Bendika (ar 59. numuru) un Elza Bleidele (ar 92. numuru).<\/p>\n<p>Ren\u0101ra Birkent\u0101la un Andreja Rastorgujeva sniegums sprint\u0101<\/p>\n<p>Ren\u0101rs Birkent\u0101ls, kur\u0161 tras\u0113 dev\u0101s k\u0101 pirmais, veica divas k\u013c\u016bdas \u0161au\u0161an\u0101 un fini\u0161\u0113ja 32. viet\u0101, g\u016bstot Pasaules kausa ieskaites punktus. Andrejs Rastorgujevs, neskatoties uz visiem pieciem m\u0113r\u0137iem pirmaj\u0101 \u0161au\u0161an\u0101, pie\u013c\u0101va divas k\u013c\u016bdas otraj\u0101 \u0161au\u0161an\u0101, kas vi\u0146am liedza iek\u013c\u016bt punktu v\u0113rt\u0113jum\u0101, ierindojoties 42. viet\u0101. Abi Latvijas vado\u0161ie biatlonisti ir nodro\u0161in\u0101ju\u0161i sev dal\u012bbu iedz\u012b\u0161anas sacens\u012bb\u0101s.<\/p>\n<p>Pasaules kausa kopv\u0113rt\u0113jums un Oberhofas posma aktualit\u0101tes<\/p>\n<p>\u0160is ir ceturtais posms biatlona Pasaules kausa sezon\u0101, kas notiek Oberhof\u0101 no 8. l\u012bdz 11. janv\u0101rim. Sacens\u012bbas sast\u0101v no sprinta, iedz\u012b\u0161anas un stafetes discipl\u012bn\u0101m. Ren\u0101rs Birkent\u0101ls pasaules kausa kopv\u0113rt\u0113jum\u0101 atrodas 52. poz\u012bcij\u0101 ar 22 punktiem, savuk\u0101rt Andrejs Rastorgujevs ie\u0146em 40. vietu ar 42 punktiem. Sievie\u0161u konkurenc\u0113 Baiba Bendika ar 49 punktiem ie\u0146em 25. vietu Pasaules kausa kopv\u0113rt\u0113jum\u0101. <\/p>\n","protected":false},"excerpt":{"rendered":"Birkent\u0101ls pirmais tras\u0113 v\u012bru sprint\u0101 \u0160odien, 8. janv\u0101r\u012b, V\u0101cijas pils\u0113t\u0101 Oberhof\u0101 start\u0113 Pasaules kausa biatlona ceturtais posms ar&hellip;\n","protected":false},"author":2,"featured_media":100762,"comment_status":"","ping_status":"","sticky":false,"template":"","format":"standard","meta":{"footnotes":""},"categories":[17],"tags":[1499,35,39,38,36,37,34,40,24304,2560,16008,67,17610],"class_list":{"0":"post-100952","1":"post","2":"type-post","3":"status-publish","4":"format-standard","5":"has-post-thumbnail","7":"category-sports","8":"tag-biatlons","9":"tag-latvia","10":"tag-latvian","11":"tag-latviesu","12":"tag-latviesu-valoda","13":"tag-latviesuvaloda","14":"tag-latvija","15":"tag-lv","16":"tag-oberhofa","17":"tag-pasaules-kauss","18":"tag-renars-birkentals","19":"tag-sports","20":"tag-sprints"},"share_on_mastodon":{"url":"https:\/\/pubeurope.com\/@lv\/115876315989900099","error":""},"_links":{"self":[{"href":"https:\/\/www.europesays.com\/lv\/wp-json\/wp\/v2\/posts\/100952","targetHints":{"allow":["GET"]}}],"collection":[{"href":"https:\/\/www.europesays.com\/lv\/wp-json\/wp\/v2\/posts"}],"about":[{"href":"https:\/\/www.europesays.com\/lv\/wp-json\/wp\/v2\/types\/post"}],"author":[{"embeddable":true,"href":"https:\/\/www.europesays.com\/lv\/wp-json\/wp\/v2\/users\/2"}],"replies":[{"embeddable":true,"href":"https:\/\/www.europesays.com\/lv\/wp-json\/wp\/v2\/comments?post=100952"}],"version-history":[{"count":0,"href":"https:\/\/www.europesays.com\/lv\/wp-json\/wp\/v2\/posts\/100952\/revisions"}],"wp:featuredmedia":[{"embeddable":true,"href":"https:\/\/www.europesays.com\/lv\/wp-json\/wp\/v2\/media\/100762"}],"wp:attachment":[{"href":"https:\/\/www.europesays.com\/lv\/wp-json\/wp\/v2\/media?parent=100952"}],"wp:term":[{"taxonomy":"category","embeddable":true,"href":"https:\/\/www.europesays.com\/lv\/wp-json\/wp\/v2\/categories?post=100952"},{"taxonomy":"post_tag","embeddable":true,"href":"https:\/\/www.europesays.com\/lv\/wp-json\/wp\/v2\/tags?post=100952"}],"curies":[{"name":"wp","href":"https:\/\/api.w.org\/{rel}","templated":true}]}}