{"id":100957,"date":"2026-01-11T12:13:06","date_gmt":"2026-01-11T12:13:06","guid":{"rendered":"https:\/\/www.europesays.com\/lv\/100957\/"},"modified":"2026-01-11T12:13:06","modified_gmt":"2026-01-11T12:13:06","slug":"asv-imigracijas-policijas-saudisanas-izraisa-masu-protestus","status":"publish","type":"post","link":"https:\/\/www.europesays.com\/lv\/100957\/","title":{"rendered":"ASV Imigr\u0101cijas policijas \u0161aud\u012b\u0161an\u0101s izraisa masu protestus"},"content":{"rendered":"<p class=\"descr\">ASV Mineapol\u0113 sestdien t\u016bksto\u0161iem cilv\u0113ku piedal\u012bj\u0101s demonstr\u0101cij\u0101, protest\u0113jot pret Imigr\u0101cijas un muitas policiju (ASV), nerimstot protestiem, kas Mineapol\u0113 aizs\u0101k\u0101s p\u0113c tam, kad ICE a\u0123ents tre\u0161dien pils\u0113t\u0101 no\u0161\u0101va 37 gadus veco Ren\u0113 Nikolu Gudu.<\/p>\n<p><a href=\"https:\/\/nra.lv\/birka\/protesti\/\" target=\"_blank\" rel=\"noopener nofollow\">Protesti<\/a> pret ICE, pau\u017eot sa\u0161utumu par Gudas nogalin\u0101\u0161anu un nosod\u012bjumu pa\u0161ai ICE instit\u016bcijai, sestdien notiku\u0161i ar\u012b cit\u0101s ASV pils\u0113t\u0101s, ar\u012b Losand\u017eelos\u0101, \u0145ujork\u0101, Ostin\u0101, Sietl\u0101.<\/p>\n<p>Cilv\u0113ki sestdienas vakar\u0101 pulc\u0113j\u0101s <a href=\"https:\/\/nra.lv\/birka\/mineapole\/\" target=\"_blank\" rel=\"noopener nofollow\">Mineapol\u0113<\/a>, neraugoties uz \u013coti aukstiem laikapst\u0101k\u013ciem.<\/p>\n<p>Sestdien notiku\u0161aj\u0101 preses konferenc\u0113 Mineapoles m\u0113rs D\u017eeikobs Frejs pauda atzin\u012bbu liel\u0101kajai da\u013cai protest\u0113t\u0101ju, kas biju\u0161i mierm\u012bl\u012bgi.<\/p>\n<p>M\u0113rs gan nor\u0101d\u012bja, ka tie, kas nodar\u012bs <a href=\"https:\/\/nra.lv\/birka\/kaitejums\/\" target=\"_blank\" rel=\"noopener nofollow\">kait\u0113jumu<\/a> \u012bpa\u0161umam vai apdraud\u0113s citus, tiks aiztur\u0113ti.<\/p>\n<p>Protesti pret ICE daudz\u0101s <a href=\"https:\/\/nra.lv\/birka\/asv\/\" target=\"_blank\" rel=\"noopener nofollow\">ASV<\/a> pils\u0113t\u0101s pl\u0101noti ar\u012b sv\u0113tdien.<\/p>\n<p>Jau zi\u0146ots, ka tre\u0161dien ICE oper\u0101cijas gait\u0101 Mineapol\u0113 sav\u0101 automa\u0161\u012bn\u0101 tika <a href=\"https:\/\/nra.lv\/birka\/nosausana\/\" target=\"_blank\" rel=\"noopener nofollow\">no\u0161auta<\/a> 37 gadus vec\u0101 Guda &#8211; tr\u012bs b\u0113rnu m\u0101te, ASV pilsone.<\/p>\n<p>ICE a\u0123ents incidenta gait\u0101 uz Gudu raid\u012bja tr\u012bs \u0161\u0101vienus. Guda tika sa\u0161auta galv\u0101.<\/p>\n<p>Pla\u0161u rezonansi izrais\u012bju\u0161i vair\u0101ki video, kas no da\u017e\u0101diem skatupunktiem uz\u0146emti <a href=\"https:\/\/nra.lv\/birka\/incidenti\/\" target=\"_blank\" rel=\"noopener nofollow\">incidenta<\/a> gait\u0101.<\/p>\n<p>Notiku\u0161o izmekl\u0113 Feder\u0101lais izmekl\u0113\u0161anas birojs (<a href=\"https:\/\/nra.lv\/birka\/fib\/\" target=\"_blank\" rel=\"noopener nofollow\">FIB<\/a>).<\/p>\n<p>\t\t\t\t\t\tinfo<\/p>\n<p>Uzzini pirmais<br \/>kas interesants noticis Latvij\u0101 un pasaul\u0113,<br \/>pievienojoties mums <a href=\"https:\/\/t.me\/neatkariga\" rel=\"nofollow\">Telegram<\/a> vai <a href=\"https:\/\/whatsapp.com\/channel\/0029VaMLFUH5K3zLU5s4wm3y\" rel=\"nofollow noopener\" target=\"_blank\">Whatsapp<\/a> kan\u0101l\u0101<\/p>\n","protected":false},"excerpt":{"rendered":"ASV Mineapol\u0113 sestdien t\u016bksto\u0161iem cilv\u0113ku piedal\u012bj\u0101s demonstr\u0101cij\u0101, protest\u0113jot pret Imigr\u0101cijas un muitas policiju (ASV), nerimstot protestiem, kas Mineapol\u0113&hellip;\n","protected":false},"author":2,"featured_media":100958,"comment_status":"","ping_status":"","sticky":false,"template":"","format":"standard","meta":{"footnotes":""},"categories":[14],"tags":[23,57,28,29,32,33,22,30,31,35,39,38,36,37,34,40,20,26,27,24,25,54,55,56,21,58],"class_list":{"0":"post-100957","1":"post","2":"type-post","3":"status-publish","4":"format-standard","5":"has-post-thumbnail","7":"category-zinas-no-arvalstim","8":"tag-aktualitates","9":"tag-arvalstim","10":"tag-breaking-news","11":"tag-breakingnews","12":"tag-featured-news","13":"tag-featurednews","14":"tag-headlines","15":"tag-latest-news","16":"tag-latestnews","17":"tag-latvia","18":"tag-latvian","19":"tag-latviesu","20":"tag-latviesu-valoda","21":"tag-latviesuvaloda","22":"tag-latvija","23":"tag-lv","24":"tag-news","25":"tag-popularakas-zinas","26":"tag-popularakaszinas","27":"tag-top-stories","28":"tag-topstories","29":"tag-world","30":"tag-world-news","31":"tag-worldnews","32":"tag-zinas","33":"tag-zinas-no-arvalstim"},"share_on_mastodon":{"url":"https:\/\/pubeurope.com\/@lv\/115876410302584894","error":""},"_links":{"self":[{"href":"https:\/\/www.europesays.com\/lv\/wp-json\/wp\/v2\/posts\/100957","targetHints":{"allow":["GET"]}}],"collection":[{"href":"https:\/\/www.europesays.com\/lv\/wp-json\/wp\/v2\/posts"}],"about":[{"href":"https:\/\/www.europesays.com\/lv\/wp-json\/wp\/v2\/types\/post"}],"author":[{"embeddable":true,"href":"https:\/\/www.europesays.com\/lv\/wp-json\/wp\/v2\/users\/2"}],"replies":[{"embeddable":true,"href":"https:\/\/www.europesays.com\/lv\/wp-json\/wp\/v2\/comments?post=100957"}],"version-history":[{"count":0,"href":"https:\/\/www.europesays.com\/lv\/wp-json\/wp\/v2\/posts\/100957\/revisions"}],"wp:featuredmedia":[{"embeddable":true,"href":"https:\/\/www.europesays.com\/lv\/wp-json\/wp\/v2\/media\/100958"}],"wp:attachment":[{"href":"https:\/\/www.europesays.com\/lv\/wp-json\/wp\/v2\/media?parent=100957"}],"wp:term":[{"taxonomy":"category","embeddable":true,"href":"https:\/\/www.europesays.com\/lv\/wp-json\/wp\/v2\/categories?post=100957"},{"taxonomy":"post_tag","embeddable":true,"href":"https:\/\/www.europesays.com\/lv\/wp-json\/wp\/v2\/tags?post=100957"}],"curies":[{"name":"wp","href":"https:\/\/api.w.org\/{rel}","templated":true}]}}