{"id":100963,"date":"2026-01-11T12:19:06","date_gmt":"2026-01-11T12:19:06","guid":{"rendered":"https:\/\/www.europesays.com\/lv\/100963\/"},"modified":"2026-01-11T12:19:06","modified_gmt":"2026-01-11T12:19:06","slug":"nato-dalibvalsts-lielbritanija-varetu-sutit-karavirus-uz-grenlandi","status":"publish","type":"post","link":"https:\/\/www.europesays.com\/lv\/100963\/","title":{"rendered":"NATO dal\u012bbvalsts Lielbrit\u0101nija var\u0113tu s\u016bt\u012bt karav\u012brus uz Grenlandi"},"content":{"rendered":"<p>Britu amatpersonas p\u0113d\u0113j\u0101s dien\u0101s ir tiku\u0161\u0101s ar citu valstu, ar\u012b V\u0101cijas un Francijas kol\u0113\u0123iem, lai s\u0101ktu gatavoties iesp\u0113jamai NATO misijai Grenland\u0113, t\u0101 v\u0113sta laikraksts.<\/p>\n<p>\u0160ie pl\u0101ni v\u0113l agr\u012bn\u0101 stadij\u0101, un tie var\u0113tu paredz\u0113t britu karav\u012bru, karaku\u0123u un lidma\u0161\u012bnu izvieto\u0161anu Grenlandes aizst\u0101v\u0113\u0161anai no Krievijas un \u0136\u012bnas.<\/p>\n<p>Laikraksts ar\u012b nor\u0101d\u012bjis, ka Eiropas valstis cer \u2013 iev\u0113rojama kl\u0101tb\u016btnes palielin\u0101\u0161ana Arktik\u0101 p\u0101rliecin\u0101s Trampu atteikties no amb\u012bcij\u0101m anekt\u0113t strat\u0113\u0123iski svar\u012bgo salu. Tas ar\u012b \u013cautu Trampam pazi\u0146ot par triumfu Amerikas nodok\u013cu maks\u0101t\u0101jiem \u2013 ASV prezidents var\u0113tu apgalvot, ka\u00a0Eiropa sedz liel\u0101ko da\u013cu no saviem aizsardz\u012bbas izdevumiem Atlantijas oke\u0101n\u0101.<\/p>\n<p>Tramps iepriek\u0161 draud\u0113jis ar varu p\u0101r\u0146emt Grenlandi. Sala ir da\u013c\u0113ji autonoma D\u0101nijas teritorija, t\u0101p\u0113c t\u0101 ir NATO sast\u0101vda\u013ca. Tramps piektdien, 9. janv\u0101r\u012b, atk\u0101rtoti uzsv\u0113ra, ka, ja vi\u0146\u0161 to nedar\u012bs, Maskava vai Pekina p\u0101r\u0146ems salu. T\u0101pat Tramps akcent\u0113jis, ka vi\u0146\u0161 ne\u013caus Krievijai vai \u0136\u012bnai k\u013c\u016bt par ASV kaimi\u0146valst\u012bm.<\/p>\n<p>Lielbrit\u0101nijas vald\u012bbas avoti laikrakstam \u201cTelegraph\u201d past\u0101st\u012bja, ka St\u0101rmers \u0101rk\u0101rt\u012bgi nopietni uztver Krievijas un \u0136\u012bnas rad\u012btos draudus re\u0123ion\u0101 un ka vi\u0146\u0161 ar\u012b piekr\u012bt nepiecie\u0161am\u012bbai pret tiem v\u0113rsties.<\/p>\n<p class=\"ad-desc ad-desc-main\">Saturs turpin\u0101s p\u0113c rekl\u0101mas<\/p>\n<p class=\"ad-desc ad-desc-sec\">Rekl\u0101ma<\/p>\n<p>\u2018M\u0113s piekr\u012btam prezidenta Trampa viedoklim, ka ir j\u0101aptur Krievijas pieaugo\u0161\u0101 agresija t\u0101lajos zieme\u013cos un j\u0101stiprina eiroatlantisk\u0101 dro\u0161\u012bba,\u201d laikrakstam \u201cThe Telegraph\u201d past\u0101st\u012bjis k\u0101ds avots. Diskusijas par dro\u0161\u012bbas stiprin\u0101\u0161anu re\u0123ion\u0101 turpin\u0101sies NATO l\u012bmen\u012b, un Lielbrit\u0101nija sadarbosies ar sabiedrotajiem, lai veicin\u0101tu Arktikas aizsardz\u012bbas sp\u0113ju stiprin\u0101\u0161anu.<\/p>\n<p>Tramps rosin\u0101jis ideju par Grenlandes ieg\u0101di, pied\u0101v\u0101jot katram no t\u0101s 30 000 pilso\u0146iem l\u012bdz 100 000 ASV dol\u0101ru par iera\u0161anos Amerikas Savienotaj\u0101s Valst\u012bs. Vi\u0146\u0161 ar\u012b neizsl\u0113dz milit\u0101ra sp\u0113ka izmanto\u0161anu salas iekaro\u0161anai, uzsverot, ka \u201cm\u0113s kaut ko dar\u012bsim Grenlandes jaut\u0101jum\u0101, neatkar\u012bgi no t\u0101, vai vi\u0146iem tas pat\u012bk vai n\u0113\u201d.<\/p>\n<p>Trampa pl\u0101ni iedzinu\u0161i NATO kr\u012bz\u0113, rais\u012bju\u0161i ar\u012b spekul\u0101cijas, ka 75 gadus vec\u0101 aizsardz\u012bbas alianse var\u0113tu sabrukt. Tom\u0113r Eiropas valstis cer p\u0101rliecin\u0101t Trampu, pied\u0101v\u0101jot izvietot savus milit\u0101ros sp\u0113kus uz salas.<\/p>\n<p>\u0160\u012b ideja tikusi apspriesta ceturtdien, 8. janv\u0101r\u012b, NATO sabiedroto san\u0101ksm\u0113 Brisel\u0113. Dal\u012bbvalstis uzdevu\u0161as Sabiedroto sp\u0113ku augst\u0101kajam komandierim Eirop\u0101, Be\u013c\u0123ij\u0101 izlemt, ko v\u0113l var\u0113tu dar\u012bt, lai nodro\u0161in\u0101tu dro\u0161\u012bbu Arktik\u0101.<\/p>\n<p>Avoti laikrakstam \u201cThe Telegraph\u201d past\u0101st\u012bja, ka potenci\u0101l\u0101 oper\u0101cija joproj\u0101m ir agr\u012bn\u0101 stadij\u0101. T\u0101 var\u0113tu b\u016bt pilna m\u0113roga karasp\u0113ka izvieto\u0161ana vai ar\u012b kombin\u0101cija starp m\u0101c\u012bb\u0101m, izl\u016bko\u0161anas inform\u0101cijas apmai\u0146u kop\u0101 ar aizsardz\u012bbas izdevumu p\u0101rorient\u0113\u0161anu.<\/p>\n","protected":false},"excerpt":{"rendered":"Britu amatpersonas p\u0113d\u0113j\u0101s dien\u0101s ir tiku\u0161\u0101s ar citu valstu, ar\u012b V\u0101cijas un Francijas kol\u0113\u0123iem, lai s\u0101ktu gatavoties iesp\u0113jamai&hellip;\n","protected":false},"author":2,"featured_media":100964,"comment_status":"","ping_status":"","sticky":false,"template":"","format":"standard","meta":{"footnotes":""},"categories":[14],"tags":[23,57,28,29,24615,32,33,22,30,31,35,39,38,36,37,34,40,20,26,27,24,25,54,55,56,21,58],"class_list":{"0":"post-100963","1":"post","2":"type-post","3":"status-publish","4":"format-standard","5":"has-post-thumbnail","7":"category-zinas-no-arvalstim","8":"tag-aktualitates","9":"tag-arvalstim","10":"tag-breaking-news","11":"tag-breakingnews","12":"tag-danijaeiropas-savienibagrenlandekirs-starmerslielbritanijanato-alianse","13":"tag-featured-news","14":"tag-featurednews","15":"tag-headlines","16":"tag-latest-news","17":"tag-latestnews","18":"tag-latvia","19":"tag-latvian","20":"tag-latviesu","21":"tag-latviesu-valoda","22":"tag-latviesuvaloda","23":"tag-latvija","24":"tag-lv","25":"tag-news","26":"tag-popularakas-zinas","27":"tag-popularakaszinas","28":"tag-top-stories","29":"tag-topstories","30":"tag-world","31":"tag-world-news","32":"tag-worldnews","33":"tag-zinas","34":"tag-zinas-no-arvalstim"},"share_on_mastodon":{"url":"https:\/\/pubeurope.com\/@lv\/115876433906753038","error":""},"_links":{"self":[{"href":"https:\/\/www.europesays.com\/lv\/wp-json\/wp\/v2\/posts\/100963","targetHints":{"allow":["GET"]}}],"collection":[{"href":"https:\/\/www.europesays.com\/lv\/wp-json\/wp\/v2\/posts"}],"about":[{"href":"https:\/\/www.europesays.com\/lv\/wp-json\/wp\/v2\/types\/post"}],"author":[{"embeddable":true,"href":"https:\/\/www.europesays.com\/lv\/wp-json\/wp\/v2\/users\/2"}],"replies":[{"embeddable":true,"href":"https:\/\/www.europesays.com\/lv\/wp-json\/wp\/v2\/comments?post=100963"}],"version-history":[{"count":0,"href":"https:\/\/www.europesays.com\/lv\/wp-json\/wp\/v2\/posts\/100963\/revisions"}],"wp:featuredmedia":[{"embeddable":true,"href":"https:\/\/www.europesays.com\/lv\/wp-json\/wp\/v2\/media\/100964"}],"wp:attachment":[{"href":"https:\/\/www.europesays.com\/lv\/wp-json\/wp\/v2\/media?parent=100963"}],"wp:term":[{"taxonomy":"category","embeddable":true,"href":"https:\/\/www.europesays.com\/lv\/wp-json\/wp\/v2\/categories?post=100963"},{"taxonomy":"post_tag","embeddable":true,"href":"https:\/\/www.europesays.com\/lv\/wp-json\/wp\/v2\/tags?post=100963"}],"curies":[{"name":"wp","href":"https:\/\/api.w.org\/{rel}","templated":true}]}}