{"id":100969,"date":"2026-01-11T12:25:08","date_gmt":"2026-01-11T12:25:08","guid":{"rendered":"https:\/\/www.europesays.com\/lv\/100969\/"},"modified":"2026-01-11T12:25:08","modified_gmt":"2026-01-11T12:25:08","slug":"asv-izdod-dokumentu-lai-pasargatu-savu-naftu-venecuela","status":"publish","type":"post","link":"https:\/\/www.europesays.com\/lv\/100969\/","title":{"rendered":"ASV izdod dokumentu, lai pasarg\u0101tu savu naftu Venecu\u0113l\u0101"},"content":{"rendered":"<p class=\"descr\">ASV prezidents Donalds Tramps ir parakst\u012bjis izpildr\u012bkojumu nol\u016bk\u0101 p\u0113c Venecu\u0113las autorit\u0101r\u0101 l\u012bdera Nikolasa Maduro g\u0101\u0161anas aizsarg\u0101t ASV tur\u0113tos l\u012bdzek\u013cus, kas ieg\u016bti no Venecu\u0113las naftas p\u0101rdo\u0161anas, pazi\u0146oja Baltais nams.<\/p>\n<p><a href=\"https:\/\/nra.lv\/birka\/donalds-tramps\/\" target=\"_blank\" rel=\"noopener nofollow\">Tramps<\/a>, kur\u0161 skaidri ir paudis, ka ASV oper\u0101cijas Maduro g\u0101\u0161anai m\u0113r\u0137is bija ieg\u016bt piek\u013cuvi Venecu\u0113las naftas rezerv\u0113m, r\u012bkojas &#8220;ASV \u0101rpolitikas m\u0113r\u0137u sasnieg\u0161anai&#8221;, Baltais nams nor\u0101d\u012bja izpildr\u012bkojuma pavadv\u0113stul\u0113.<\/p>\n<p>Piektdien tik\u0161an\u0101s laik\u0101 Tramps cent\u0101s p\u0101rliecin\u0101t lielo naftas komp\u0101niju vad\u012bt\u0101jus ieguld\u012bt Venecu\u0113l\u0101. Vi\u0146a aicin\u0101jumi gan tika uztverti piesardz\u012bgi. Piem\u0113ram, &#8220;ExxonMobil&#8221; vad\u012bt\u0101js atzina, ka invest\u012bcijas <a href=\"https:\/\/nra.lv\/birka\/venecuela\/\" target=\"_blank\" rel=\"noopener nofollow\">Venecu\u0113l\u0101<\/a> nav iesp\u0113jamas, kam\u0113r valst\u012b netiks \u012bstenotas krasas reformas.<\/p>\n<p><a href=\"https:\/\/nra.lv\/birka\/asv\/\" target=\"_blank\" rel=\"noopener nofollow\">ASV<\/a> naftas komp\u0101nijas &#8220;ExxonMobil&#8221; un &#8220;ConocoPhillips&#8221; no Venecu\u0113las aizg\u0101ja 2007. gad\u0101, kad atteic\u0101s izpild\u012bt toreiz\u0113j\u0101 prezidenta Ugo \u010cavesa pras\u012bbas vair\u0101kumu uz\u0146\u0113mumos nodot Venecu\u0113las valstij. Kop\u0161 t\u0101 laika ASV komp\u0101nijas cen\u0161as atg\u016bt miljardiem dol\u0101ru, jo uzskata, ka Venecu\u0113la t\u0101m ir par\u0101d\u0101.<\/p>\n<p>Pa\u0161laik &#8220;Chevron&#8221; ir vien\u012bgais ASV uz\u0146\u0113mums, kas ir licenc\u0113ts str\u0101d\u0101t Venecu\u0113l\u0101.<\/p>\n<blockquote><p>Piektdien parakst\u012btaj\u0101 Trampa izpildr\u012bkojum\u0101 ir pasludin\u0101ta valsts l\u012bme\u0146a <a href=\"https:\/\/nra.lv\/birka\/arkarteja-situacija\/\" target=\"_blank\" rel=\"noopener nofollow\">\u0101rk\u0101rt\u0113j\u0101 situ\u0101cija<\/a>, lai &#8220;aizsarg\u0101tu Venecu\u0113las naftas ie\u0146\u0113mumus, kas atrodas ASV Valsts kases kontos, no aresta vai tiesved\u012bbas&#8221;, teikts Baltaj\u0101 nam\u0101 public\u0113taj\u0101 dokument\u0101.<\/p><\/blockquote>\n<p>Izpildr\u012bkojums nodro\u0161ina \u0161iem ie\u0146\u0113mumiem \u012bpa\u0161u aizsardz\u012bbu, lai nov\u0113rstu to konfisk\u0101ciju ties\u0101s vai <a href=\"https:\/\/nra.lv\/birka\/kreditori\/\" target=\"_blank\" rel=\"noopener nofollow\">kreditoru<\/a> interes\u0113s. T\u0101da r\u012bc\u012bba tiek pamatota, k\u0101 nepiecie\u0161ama ASV valsts dro\u0161\u012bbai un \u0101rpolitikai. &#8220;Prezidents Tramps nov\u0113r\u0161 Venecu\u0113las naftas ie\u0146\u0113mumu konfisk\u0101ciju, kas var\u0113tu apdraud\u0113t ASV centienus nodro\u0161in\u0101t ekonomisko un politisko stabilit\u0101ti Venecu\u0113l\u0101,&#8221; uzsv\u0113ra Baltais nams.<\/p>\n<p>Venecu\u0113l\u0101, pret kuru Va\u0161ingtona kop\u0161 2019. gada piem\u0113ro <a href=\"https:\/\/nra.lv\/birka\/sankcijas\/\" target=\"_blank\" rel=\"noopener nofollow\">sankcijas<\/a>, atrodas aptuveni piektda\u013ca pasaules naftas rezervju, un k\u0101dreiz t\u0101 bija viens no galvenajiem j\u0113lnaftas pieg\u0101d\u0101t\u0101jiem ASV. Ta\u010du saska\u0146\u0101 ar OPEC datiem 2024. gad\u0101 t\u0101 ra\u017eoja tikai aptuveni 1% no kop\u0113j\u0101 j\u0113lnaftas apjoma pasaul\u0113, jo to kav\u0113ja gadiem ilgas nepietiekamas invest\u012bcijas, sankcijas un embargo.<\/p>\n<p>Tramps uzskata, ka \u0161\u012bs valsts milz\u012bg\u0101s naftas rezerves ir ieguvums vi\u0146a c\u012b\u0146\u0101 par ASV degvielas cenu turpm\u0101ku samazin\u0101\u0161anu. Izpildr\u012bkojums pie\u0146emts ned\u0113\u013cu p\u0113c tam, kad ASV bru\u0146otie sp\u0113ki oper\u0101cij\u0101 Venecu\u0113las galvaspils\u0113t\u0101 arest\u0113ja autorit\u0101ro l\u012bderi <a href=\"https:\/\/nra.lv\/birka\/nikolass-maduro\/\" target=\"_blank\" rel=\"noopener nofollow\">Maduro<\/a>, nogalinot desmitiem Venecu\u0113las un Kubas dro\u0161\u012bbas sp\u0113ku darbinieku.<\/p>\n<p>\t\t\t\t\t\tinfo<\/p>\n<p>Uzzini pirmais<br \/>kas interesants noticis Latvij\u0101 un pasaul\u0113,<br \/>pievienojoties mums <a href=\"https:\/\/t.me\/neatkariga\" rel=\"nofollow\">Telegram<\/a> vai <a href=\"https:\/\/whatsapp.com\/channel\/0029VaMLFUH5K3zLU5s4wm3y\" rel=\"nofollow noopener\" target=\"_blank\">Whatsapp<\/a> kan\u0101l\u0101<\/p>\n","protected":false},"excerpt":{"rendered":"ASV prezidents Donalds Tramps ir parakst\u012bjis izpildr\u012bkojumu nol\u016bk\u0101 p\u0113c Venecu\u0113las autorit\u0101r\u0101 l\u012bdera Nikolasa Maduro g\u0101\u0161anas aizsarg\u0101t ASV tur\u0113tos&hellip;\n","protected":false},"author":2,"featured_media":100970,"comment_status":"","ping_status":"","sticky":false,"template":"","format":"standard","meta":{"footnotes":""},"categories":[14],"tags":[23,57,28,29,32,33,22,30,31,35,39,38,36,37,34,40,20,26,27,24,25,54,55,56,21,58],"class_list":{"0":"post-100969","1":"post","2":"type-post","3":"status-publish","4":"format-standard","5":"has-post-thumbnail","7":"category-zinas-no-arvalstim","8":"tag-aktualitates","9":"tag-arvalstim","10":"tag-breaking-news","11":"tag-breakingnews","12":"tag-featured-news","13":"tag-featurednews","14":"tag-headlines","15":"tag-latest-news","16":"tag-latestnews","17":"tag-latvia","18":"tag-latvian","19":"tag-latviesu","20":"tag-latviesu-valoda","21":"tag-latviesuvaloda","22":"tag-latvija","23":"tag-lv","24":"tag-news","25":"tag-popularakas-zinas","26":"tag-popularakaszinas","27":"tag-top-stories","28":"tag-topstories","29":"tag-world","30":"tag-world-news","31":"tag-worldnews","32":"tag-zinas","33":"tag-zinas-no-arvalstim"},"share_on_mastodon":{"url":"https:\/\/pubeurope.com\/@lv\/115876457600417190","error":""},"_links":{"self":[{"href":"https:\/\/www.europesays.com\/lv\/wp-json\/wp\/v2\/posts\/100969","targetHints":{"allow":["GET"]}}],"collection":[{"href":"https:\/\/www.europesays.com\/lv\/wp-json\/wp\/v2\/posts"}],"about":[{"href":"https:\/\/www.europesays.com\/lv\/wp-json\/wp\/v2\/types\/post"}],"author":[{"embeddable":true,"href":"https:\/\/www.europesays.com\/lv\/wp-json\/wp\/v2\/users\/2"}],"replies":[{"embeddable":true,"href":"https:\/\/www.europesays.com\/lv\/wp-json\/wp\/v2\/comments?post=100969"}],"version-history":[{"count":0,"href":"https:\/\/www.europesays.com\/lv\/wp-json\/wp\/v2\/posts\/100969\/revisions"}],"wp:featuredmedia":[{"embeddable":true,"href":"https:\/\/www.europesays.com\/lv\/wp-json\/wp\/v2\/media\/100970"}],"wp:attachment":[{"href":"https:\/\/www.europesays.com\/lv\/wp-json\/wp\/v2\/media?parent=100969"}],"wp:term":[{"taxonomy":"category","embeddable":true,"href":"https:\/\/www.europesays.com\/lv\/wp-json\/wp\/v2\/categories?post=100969"},{"taxonomy":"post_tag","embeddable":true,"href":"https:\/\/www.europesays.com\/lv\/wp-json\/wp\/v2\/tags?post=100969"}],"curies":[{"name":"wp","href":"https:\/\/api.w.org\/{rel}","templated":true}]}}