{"id":100990,"date":"2026-01-11T12:48:07","date_gmt":"2026-01-11T12:48:07","guid":{"rendered":"https:\/\/www.europesays.com\/lv\/100990\/"},"modified":"2026-01-11T12:48:07","modified_gmt":"2026-01-11T12:48:07","slug":"ukraina-velas-izstradat-ierocus-triecieniem-krievijas-ieksiene","status":"publish","type":"post","link":"https:\/\/www.europesays.com\/lv\/100990\/","title":{"rendered":"Ukraina v\u0113las izstr\u0101d\u0101t iero\u010dus triecieniem Krievijas iek\u0161ien\u0113"},"content":{"rendered":"<p>&#8220;Fire Point&#8221; cen\u0161as izmantot visas pieejam\u0101s zin\u0101\u0161anas Ukrain\u0101. Terehs r\u016bp\u012bgi stud\u0113 padomju ra\u0137e\u0161u projekt\u0113\u0161anas rokasgr\u0101matas. Viens no &#8220;Fire Point&#8221; konsultantiem ir 92 gadus vecs v\u012brietis, kur\u0161 piedal\u012bj\u0101s padomju ra\u0137e\u0161u programm\u0101.<\/p>\n<p>Lai gan &#8220;Flamingo&#8221; izstr\u0101de v\u0113l turpin\u0101s, Oslo Universit\u0101tes kodoliero\u010du un ra\u0137e\u0161u tehnolo\u0123iju eksperts Fabians Hofmans atz\u012bm\u0113ja, ka Ukrainas par\u0101d\u012b\u0161an\u0101s k\u0101 iek\u0161zemes aizsardz\u012bbas nozare, kas sp\u0113j ra\u017eot t\u0101la darb\u012bbas r\u0101diusa iero\u010dus, jau ir iev\u0113rojams sasniegums.<\/p>\n<p>&#8220;Vi\u0146i nevar garant\u0113t tr\u0101p\u012bjumu, bet var garant\u0113t draudus \u0161iem m\u0113r\u0137iem, un \u0161ie draudi pa\u0161i par sevi nodara kait\u0113jumu ienaidniekam,&#8221; vi\u0146\u0161 teica. Jaud\u012bga, t\u0101la darb\u012bbas r\u0101diusa ra\u0137ete, kuru ir gr\u016bti p\u0101rtvert, mazin\u0101tu Krievijas galveno priek\u0161roc\u012bbu kar\u0101: t\u0101s pla\u0161o teritoriju.<\/p>\n<p>&#8220;Fire Point&#8221; iepriek\u0161 pazi\u0146oja, ka ir uzs\u0101cis vair\u0101k nek\u0101 200 t\u0101lsatiksmes uzbrukuma dronu s\u0113rijveida ra\u017eo\u0161\u0101nu katru dienu, iev\u0113rojami samazinot atkar\u012bbu no importa un lokaliz\u0113jot gandr\u012bz visu galveno komponentu ra\u017eo\u0161anas ciklu.<\/p>\n<p>P\u0113c vi\u0146as teikt\u0101, uz\u0146\u0113mumam ir izdevies ra\u017eot vair\u0101k nek\u0101 97,5% dzin\u0113ja deta\u013cu sav\u0101 uz\u0146\u0113mum\u0101 &#8211; 80 no 82 komponentiem tiek ra\u017eoti uz vietas. &#8220;Fire Point&#8221; ir apguvis pilnu ra\u017eo\u0161anas ciklu: no lie\u0161anas un meh\u0101nisk\u0101s apstr\u0101des l\u012bdz gal\u012bgajai mont\u0101\u017eai.<\/p>\n","protected":false},"excerpt":{"rendered":"&#8220;Fire Point&#8221; cen\u0161as izmantot visas pieejam\u0101s zin\u0101\u0161anas Ukrain\u0101. Terehs r\u016bp\u012bgi stud\u0113 padomju ra\u0137e\u0161u projekt\u0113\u0161anas rokasgr\u0101matas. Viens no &#8220;Fire&hellip;\n","protected":false},"author":2,"featured_media":100991,"comment_status":"","ping_status":"","sticky":false,"template":"","format":"standard","meta":{"footnotes":""},"categories":[14],"tags":[23,57,28,29,75,32,33,22,234,74,30,31,35,39,38,36,37,34,40,20,26,27,24,25,54,55,56,21,58],"class_list":{"0":"post-100990","1":"post","2":"type-post","3":"status-publish","4":"format-standard","5":"has-post-thumbnail","7":"category-zinas-no-arvalstim","8":"tag-aktualitates","9":"tag-arvalstim","10":"tag-breaking-news","11":"tag-breakingnews","12":"tag-droni","13":"tag-featured-news","14":"tag-featurednews","15":"tag-headlines","16":"tag-krievija","17":"tag-krievijas-iebrukums-ukraina","18":"tag-latest-news","19":"tag-latestnews","20":"tag-latvia","21":"tag-latvian","22":"tag-latviesu","23":"tag-latviesu-valoda","24":"tag-latviesuvaloda","25":"tag-latvija","26":"tag-lv","27":"tag-news","28":"tag-popularakas-zinas","29":"tag-popularakaszinas","30":"tag-top-stories","31":"tag-topstories","32":"tag-world","33":"tag-world-news","34":"tag-worldnews","35":"tag-zinas","36":"tag-zinas-no-arvalstim"},"share_on_mastodon":{"url":"https:\/\/pubeurope.com\/@lv\/115876548037060991","error":""},"_links":{"self":[{"href":"https:\/\/www.europesays.com\/lv\/wp-json\/wp\/v2\/posts\/100990","targetHints":{"allow":["GET"]}}],"collection":[{"href":"https:\/\/www.europesays.com\/lv\/wp-json\/wp\/v2\/posts"}],"about":[{"href":"https:\/\/www.europesays.com\/lv\/wp-json\/wp\/v2\/types\/post"}],"author":[{"embeddable":true,"href":"https:\/\/www.europesays.com\/lv\/wp-json\/wp\/v2\/users\/2"}],"replies":[{"embeddable":true,"href":"https:\/\/www.europesays.com\/lv\/wp-json\/wp\/v2\/comments?post=100990"}],"version-history":[{"count":0,"href":"https:\/\/www.europesays.com\/lv\/wp-json\/wp\/v2\/posts\/100990\/revisions"}],"wp:featuredmedia":[{"embeddable":true,"href":"https:\/\/www.europesays.com\/lv\/wp-json\/wp\/v2\/media\/100991"}],"wp:attachment":[{"href":"https:\/\/www.europesays.com\/lv\/wp-json\/wp\/v2\/media?parent=100990"}],"wp:term":[{"taxonomy":"category","embeddable":true,"href":"https:\/\/www.europesays.com\/lv\/wp-json\/wp\/v2\/categories?post=100990"},{"taxonomy":"post_tag","embeddable":true,"href":"https:\/\/www.europesays.com\/lv\/wp-json\/wp\/v2\/tags?post=100990"}],"curies":[{"name":"wp","href":"https:\/\/api.w.org\/{rel}","templated":true}]}}