{"id":101018,"date":"2026-01-11T13:12:10","date_gmt":"2026-01-11T13:12:10","guid":{"rendered":"https:\/\/www.europesays.com\/lv\/101018\/"},"modified":"2026-01-11T13:12:10","modified_gmt":"2026-01-11T13:12:10","slug":"video-lavina-kaukaza-kalnos-aprok-turistus-no-krievijas","status":"publish","type":"post","link":"https:\/\/www.europesays.com\/lv\/101018\/","title":{"rendered":"VIDEO. Lav\u012bna Kauk\u0101za kalnos aprok t\u016bristus no Krievijas"},"content":{"rendered":"<p class=\"descr\">Lav\u012bna piemekl\u0113jusi krievu t\u016bristus Gruzij\u0101 un desmitiem cilv\u0113ku tika iesprostoti zem sniega, v\u0113sta medijs &#8220;Nexta&#8221;.<\/p>\n<p>Net\u0101lu no Tetnuldi nog\u0101zes <a href=\"https:\/\/nra.lv\/birka\/gruzija\/\" target=\"_blank\" rel=\"noopener nofollow\">Gruzij\u0101<\/a> notikusi lav\u012bna. Sniegs apraka vismaz 20 cilv\u0113kus, tostarp krievu t\u016bristus.<\/p>\n<p>Saska\u0146\u0101 ar provizoriskiem zi\u0146ojumiem, <a href=\"https:\/\/nra.lv\/birka\/upuri\/\" target=\"_blank\" rel=\"noopener nofollow\">upuri<\/a> zem sniega atrad\u0101s vair\u0101kas stundas.<\/p>\n<p>Gl\u0101b\u0161anas komandas atrodas notikuma viet\u0101, un \u0101rk\u0101rt\u012bgi sare\u017e\u0123\u012btos apst\u0101k\u013cos turpina mekl\u0113\u0161anas un <a href=\"https:\/\/nra.lv\/birka\/glabsanas-operacija\/\" target=\"_blank\" rel=\"noopener nofollow\">gl\u0101b\u0161anas oper\u0101cijas<\/a>.<\/p>\n<p>Vair\u0101kiem <a href=\"https:\/\/nra.lv\/birka\/krievijas-turisti\/\" target=\"_blank\" rel=\"noopener nofollow\">t\u016bristiem<\/a> izdev\u0101s pa\u0161iem izgl\u0101bties. Vismaz viens cilv\u0113ks tika izvilkts kop\u012bgiem sp\u0113kiem un bija bezsama\u0146\u0101.<\/p>\n<blockquote class=\"twitter-tweet\" data-media-max-width=\"560\">\n<p lang=\"en\" dir=\"ltr\">An avalanche hit Russian tourists in Georgia \u2014 dozens trapped under the snow<\/p>\n<p>An avalanche came down near Tetnuldi. At least 20 people were buried by the snow, including Russian tourists.<\/p>\n<p>According to preliminary reports, the victims have been under the snow for more than three\u2026 <a href=\"https:\/\/t.co\/sC4Jil8waT\" rel=\"nofollow\">pic.twitter.com\/sC4Jil8waT<\/a><\/p>\n<p>\u2014 NEXTA (@nexta_tv) <a href=\"https:\/\/twitter.com\/nexta_tv\/status\/2010048481789157378?ref_src=twsrc%5Etfw\" rel=\"nofollow noopener\" target=\"_blank\">January 10, 2026<\/a><\/p><\/blockquote>\n<p>\t\t\t\t\t\tinfo<\/p>\n<p>Uzzini pirmais<br \/>kas interesants noticis Latvij\u0101 un pasaul\u0113,<br \/>pievienojoties mums <a href=\"https:\/\/t.me\/neatkariga\" rel=\"nofollow\">Telegram<\/a> vai <a href=\"https:\/\/whatsapp.com\/channel\/0029VaMLFUH5K3zLU5s4wm3y\" rel=\"nofollow noopener\" target=\"_blank\">Whatsapp<\/a> kan\u0101l\u0101<\/p>\n<p>\t\t\t\t\t\t\t\t\t<script async src=\"https:\/\/platform.twitter.com\/widgets.js\" charset=\"utf-8\"><\/script><\/p>\n","protected":false},"excerpt":{"rendered":"Lav\u012bna piemekl\u0113jusi krievu t\u016bristus Gruzij\u0101 un desmitiem cilv\u0113ku tika iesprostoti zem sniega, v\u0113sta medijs &#8220;Nexta&#8221;. Net\u0101lu no Tetnuldi&hellip;\n","protected":false},"author":2,"featured_media":101019,"comment_status":"","ping_status":"","sticky":false,"template":"","format":"standard","meta":{"footnotes":""},"categories":[14],"tags":[23,57,28,29,32,33,22,30,31,35,39,38,36,37,34,40,20,26,27,24,25,54,55,56,21,58],"class_list":{"0":"post-101018","1":"post","2":"type-post","3":"status-publish","4":"format-standard","5":"has-post-thumbnail","7":"category-zinas-no-arvalstim","8":"tag-aktualitates","9":"tag-arvalstim","10":"tag-breaking-news","11":"tag-breakingnews","12":"tag-featured-news","13":"tag-featurednews","14":"tag-headlines","15":"tag-latest-news","16":"tag-latestnews","17":"tag-latvia","18":"tag-latvian","19":"tag-latviesu","20":"tag-latviesu-valoda","21":"tag-latviesuvaloda","22":"tag-latvija","23":"tag-lv","24":"tag-news","25":"tag-popularakas-zinas","26":"tag-popularakaszinas","27":"tag-top-stories","28":"tag-topstories","29":"tag-world","30":"tag-world-news","31":"tag-worldnews","32":"tag-zinas","33":"tag-zinas-no-arvalstim"},"share_on_mastodon":{"url":"https:\/\/pubeurope.com\/@lv\/115876642354127851","error":""},"_links":{"self":[{"href":"https:\/\/www.europesays.com\/lv\/wp-json\/wp\/v2\/posts\/101018","targetHints":{"allow":["GET"]}}],"collection":[{"href":"https:\/\/www.europesays.com\/lv\/wp-json\/wp\/v2\/posts"}],"about":[{"href":"https:\/\/www.europesays.com\/lv\/wp-json\/wp\/v2\/types\/post"}],"author":[{"embeddable":true,"href":"https:\/\/www.europesays.com\/lv\/wp-json\/wp\/v2\/users\/2"}],"replies":[{"embeddable":true,"href":"https:\/\/www.europesays.com\/lv\/wp-json\/wp\/v2\/comments?post=101018"}],"version-history":[{"count":0,"href":"https:\/\/www.europesays.com\/lv\/wp-json\/wp\/v2\/posts\/101018\/revisions"}],"wp:featuredmedia":[{"embeddable":true,"href":"https:\/\/www.europesays.com\/lv\/wp-json\/wp\/v2\/media\/101019"}],"wp:attachment":[{"href":"https:\/\/www.europesays.com\/lv\/wp-json\/wp\/v2\/media?parent=101018"}],"wp:term":[{"taxonomy":"category","embeddable":true,"href":"https:\/\/www.europesays.com\/lv\/wp-json\/wp\/v2\/categories?post=101018"},{"taxonomy":"post_tag","embeddable":true,"href":"https:\/\/www.europesays.com\/lv\/wp-json\/wp\/v2\/tags?post=101018"}],"curies":[{"name":"wp","href":"https:\/\/api.w.org\/{rel}","templated":true}]}}