{"id":101020,"date":"2026-01-11T13:13:07","date_gmt":"2026-01-11T13:13:07","guid":{"rendered":"https:\/\/www.europesays.com\/lv\/101020\/"},"modified":"2026-01-11T13:13:07","modified_gmt":"2026-01-11T13:13:07","slug":"ugunsgreka-jekabpils-novada-dzivibu-zaudejis-cilveks","status":"publish","type":"post","link":"https:\/\/www.europesays.com\/lv\/101020\/","title":{"rendered":"Ugunsgr\u0113k\u0101 J\u0113kabpils novad\u0101 dz\u012bv\u012bbu zaud\u0113jis cilv\u0113ks"},"content":{"rendered":"<p>Savuk\u0101rt plkst. 16.36 sa\u0146emts izsaukums uz Jelgavas novada Cenu pagastu, bija avar\u0113jusi viegl\u0101 automa\u0161\u012bna. Viens cilv\u0113ks no automa\u0161\u012bnas izk\u013cuva saviem sp\u0113kiem, bet v\u0113l vienam ugunsdz\u0113s\u0113ji gl\u0101b\u0113ji no automa\u0161\u012bnas pal\u012bdz\u0113ja izk\u013c\u016bt. Plkst. 17.06 darbs notikum\u0101 nosl\u0113dz\u0101s.<\/p>\n<p>Nakt\u012b plkst. 00.38 sa\u0146emts izsaukums uz Pr\u016b\u0161u ielu R\u012bg\u0101, kur piecst\u0101vu dz\u012bvojam\u0101s m\u0101jas piekt\u0101 st\u0101va dz\u012bvokl\u012b dega durvis un sadz\u012bves mantas divu kvadr\u0101tmetru plat\u012bb\u0101. No \u0113kas evaku\u0113ti pieci cilv\u0113ki. Plkst. 1.35 darbs notikum\u0101 nosl\u0113dz\u0101s.<\/p>\n<p>Aizvad\u012btaj\u0101 diennakt\u012b VUGD sa\u0146\u0113ma devi\u0146us izsaukumus par dego\u0161iem sodr\u0113jiem dz\u012bvojamo m\u0101ju d\u016bmvados un v\u0113l vienu izsaukumu uz notikumu, kur telp\u0101s bija izveidojies pied\u016bmojums, jo nepareizi tika ekspluat\u0113ta apkures iek\u0101rta.<\/p>\n<p>VUGD nor\u0101da, ka ik gadu ugunsdz\u0113s\u0113ji gl\u0101b\u0113ji dodas uz vair\u0101k nek\u0101 500 izsaukumiem, kuros d\u016bmvados deg sodr\u0113ji. Ciet\u0101 kurin\u0101m\u0101 sadeg\u0161anas proces\u0101 uz skurste\u0146u iek\u0161\u0113j\u0101m virsm\u0101m veidojas kv\u0113pu, sodr\u0113ju un darvas nos\u0113dumi, kas, laikus net\u012br\u012bti, var aizdegties. Intens\u012bvas deg\u0161anas rezult\u0101t\u0101 d\u016bmvad\u0101 var veidoties plaisas vis\u0101 t\u0101 konstrukcij\u0101, \u013caujot karstaj\u0101m d\u016bmg\u0101z\u0113m un liesm\u0101m nok\u013c\u016bt uz degtsp\u0113j\u012bg\u0101m sienu, griestu un jumta konstrukcij\u0101m, kas var izrais\u012bt ne tikai d\u016bmvada, bet ar\u012b visas \u0113kas aizdeg\u0161anos. VUGD aicina regul\u0101ri apsekot un t\u012br\u012bt sodr\u0113jus no d\u016bme\u0146iem un kr\u0101\u0161\u0146u un pavardu d\u016bmkan\u0101liem.<\/p>\n<p>Aizvad\u012btaj\u0101 diennakt\u012b, laika posm\u0101 no \u0161\u012b gada 10. janv\u0101ra plkst. 6.30 l\u012bdz 11. janv\u0101ra plkst. 6.30, VUGD sa\u0146\u0113ma 56 izsaukumus \u2013 devi\u0146us uz ugunsgr\u0113ku dz\u0113\u0161anu, 33 uz gl\u0101b\u0161anas darbiem, bet v\u0113l 14 izsaukumi bija maldin\u0101jumi.<\/p>\n<p class=\"tv3-fw-500\">Zi\u0146o par k\u013c\u016bdu rakst\u0101<\/p>\n<p class=\"d-md-block d-none\">Iez\u012bm\u0113 k\u013c\u016bdaino tekstu un spied Ctrl+Enter.<\/p>\n<p class=\"d-md-none d-block\">Iez\u012bm\u0113 k\u013c\u016bdaino tekstu un zi\u0146o par to!<\/p>\n","protected":false},"excerpt":{"rendered":"Savuk\u0101rt plkst. 16.36 sa\u0146emts izsaukums uz Jelgavas novada Cenu pagastu, bija avar\u0113jusi viegl\u0101 automa\u0161\u012bna. Viens cilv\u0113ks no automa\u0161\u012bnas&hellip;\n","protected":false},"author":2,"featured_media":101021,"comment_status":"","ping_status":"","sticky":false,"template":"","format":"standard","meta":{"footnotes":""},"categories":[12],"tags":[23,28,29,32,33,22,24620,30,31,35,39,38,36,37,34,40,20,26,27,24,25,21],"class_list":{"0":"post-101020","1":"post","2":"type-post","3":"status-publish","4":"format-standard","5":"has-post-thumbnail","7":"category-latvija","8":"tag-aktualitates","9":"tag-breaking-news","10":"tag-breakingnews","11":"tag-featured-news","12":"tag-featurednews","13":"tag-headlines","14":"tag-izsaukumi-vugdjekabpils-novadsvalsts-ugunsdzesibas-un-glabsanas-dienests","15":"tag-latest-news","16":"tag-latestnews","17":"tag-latvia","18":"tag-latvian","19":"tag-latviesu","20":"tag-latviesu-valoda","21":"tag-latviesuvaloda","22":"tag-latvija","23":"tag-lv","24":"tag-news","25":"tag-popularakas-zinas","26":"tag-popularakaszinas","27":"tag-top-stories","28":"tag-topstories","29":"tag-zinas"},"share_on_mastodon":{"url":"https:\/\/pubeurope.com\/@lv\/115876646351518942","error":""},"_links":{"self":[{"href":"https:\/\/www.europesays.com\/lv\/wp-json\/wp\/v2\/posts\/101020","targetHints":{"allow":["GET"]}}],"collection":[{"href":"https:\/\/www.europesays.com\/lv\/wp-json\/wp\/v2\/posts"}],"about":[{"href":"https:\/\/www.europesays.com\/lv\/wp-json\/wp\/v2\/types\/post"}],"author":[{"embeddable":true,"href":"https:\/\/www.europesays.com\/lv\/wp-json\/wp\/v2\/users\/2"}],"replies":[{"embeddable":true,"href":"https:\/\/www.europesays.com\/lv\/wp-json\/wp\/v2\/comments?post=101020"}],"version-history":[{"count":0,"href":"https:\/\/www.europesays.com\/lv\/wp-json\/wp\/v2\/posts\/101020\/revisions"}],"wp:featuredmedia":[{"embeddable":true,"href":"https:\/\/www.europesays.com\/lv\/wp-json\/wp\/v2\/media\/101021"}],"wp:attachment":[{"href":"https:\/\/www.europesays.com\/lv\/wp-json\/wp\/v2\/media?parent=101020"}],"wp:term":[{"taxonomy":"category","embeddable":true,"href":"https:\/\/www.europesays.com\/lv\/wp-json\/wp\/v2\/categories?post=101020"},{"taxonomy":"post_tag","embeddable":true,"href":"https:\/\/www.europesays.com\/lv\/wp-json\/wp\/v2\/tags?post=101020"}],"curies":[{"name":"wp","href":"https:\/\/api.w.org\/{rel}","templated":true}]}}