{"id":101043,"date":"2026-01-11T13:32:07","date_gmt":"2026-01-11T13:32:07","guid":{"rendered":"https:\/\/www.europesays.com\/lv\/101043\/"},"modified":"2026-01-11T13:32:07","modified_gmt":"2026-01-11T13:32:07","slug":"protestu-merkis-ir-izprovocet-asv-militaru-iejauksanos","status":"publish","type":"post","link":"https:\/\/www.europesays.com\/lv\/101043\/","title":{"rendered":"Protestu m\u0113r\u0137is ir izprovoc\u0113t ASV milit\u0101ru iejauk\u0161anos"},"content":{"rendered":"<p>K\u0101 nor\u0101d\u012bja sp\u012bkers, ienaidniekiem ir j\u0101zina, ka valsts aizst\u0101vji tos izn\u012bcin\u0101s.<\/p>\n<p>Jau vair\u0101kas dienas notieko\u0161\u0101s masu demonstr\u0101cijas pret Ir\u0101nas vad\u012bbu Galibafs raksturoja k\u0101 teroristu karu pret valsti, ko organiz\u0113 <a href=\"https:\/\/www.apollo.lv\/term\/555410\/asv\" class=\"topicLink\" target=\"_blank\" rel=\"nofollow noopener\">ASV<\/a>.<\/p>\n<p>Teroraktu dal\u012bbnieki, k\u0101 sac\u012bja sp\u012bkers, tiks vaj\u0101ti, liet\u0101 liekot vardarb\u012bbu, bet nek\u0101rt\u012bbu laik\u0101 aiztur\u0113tie &#8211; sod\u012bti.<\/p>\n<p><a href=\"https:\/\/www.apollo.lv\/term\/576593\/protesti\" class=\"topicLink\" target=\"_blank\" rel=\"nofollow noopener\">Protesti<\/a> s\u0101k\u0101s decembra beig\u0101s, un tos izrais\u012bja pla\u0161a ekonomisk\u0101 kr\u012bze un straujais val\u016btas kursa kritums.<\/p>\n<p>S\u0101kotn\u0113ji Teher\u0101nas iel\u0101s izg\u0101ja tirgot\u0101ji. P\u0113c tam protesti izplat\u012bj\u0101s vis\u0101 valst\u012b un jau bija v\u0113rsti pret visu Ir\u0101nas vad\u012bbu.<\/p>\n<p>Protestu apjoms nav skaidrs, ar\u012b t\u0101d\u0113\u013c, ka valst\u012b aptur\u0113ta interneta darb\u012bba.<\/p>\n<p>Ja ASV uzbruks, <a href=\"https:\/\/www.apollo.lv\/term\/555447\/irana\" class=\"topicLink\" target=\"_blank\" rel=\"nofollow noopener\">Ir\u0101na<\/a> k\u0101 le\u0123it\u012bmiem m\u0113r\u0137iem uzbruks ASV armijas b\u0101z\u0113m re\u0123ion\u0101 un Izra\u0113lai, intervij\u0101 raidsabiedr\u012bbai &#8220;Al Araby&#8221; sac\u012bja Galibafs.<\/p>\n<p>ASV prezidents Donalds Tramps neilgi pirms tam bija apliecin\u0101jis Ir\u0101n\u0101 notieko\u0161o masu protestu dal\u012bbniekiem savu atbalstu.<\/p>\n<p>&#8220;Ir\u0101na tiecas p\u0113c br\u012bv\u012bbas, iesp\u0113jams, t\u0101, k\u0101 v\u0113l nekad agr\u0101k,&#8221; sestdien platform\u0101 &#8220;Truth Social&#8221; pauda Tramps. &#8220;ASV ir gatavas pal\u012bdz\u0113t!&#8221;<\/p>\n<p>Atsaucoties uz ASV amatperson\u0101m, laikraksts &#8220;New York Times&#8221; zi\u0146oja, ka Tramps p\u0113d\u0113j\u0101s dien\u0101s ticis inform\u0113ts par jaun\u0101m milit\u0101ro triecienu iesp\u0113j\u0101m Ir\u0101n\u0101.<\/p>\n<p>Tramps nopietni apsver iesp\u0113ju \u012bstenot savus draudus uzbrukt \u0161ai valstij protestu apspie\u0161anas d\u0113\u013c, v\u0113sta laikraksts.<\/p>\n","protected":false},"excerpt":{"rendered":"K\u0101 nor\u0101d\u012bja sp\u012bkers, ienaidniekiem ir j\u0101zina, ka valsts aizst\u0101vji tos izn\u012bcin\u0101s. Jau vair\u0101kas dienas notieko\u0161\u0101s masu demonstr\u0101cijas pret&hellip;\n","protected":false},"author":2,"featured_media":99960,"comment_status":"","ping_status":"","sticky":false,"template":"","format":"standard","meta":{"footnotes":""},"categories":[14],"tags":[23,57,292,28,29,32,33,22,2562,30,31,35,39,38,36,37,34,40,20,26,27,4204,24,25,54,55,56,21,58],"class_list":{"0":"post-101043","1":"post","2":"type-post","3":"status-publish","4":"format-standard","5":"has-post-thumbnail","7":"category-zinas-no-arvalstim","8":"tag-aktualitates","9":"tag-arvalstim","10":"tag-asv","11":"tag-breaking-news","12":"tag-breakingnews","13":"tag-featured-news","14":"tag-featurednews","15":"tag-headlines","16":"tag-irana","17":"tag-latest-news","18":"tag-latestnews","19":"tag-latvia","20":"tag-latvian","21":"tag-latviesu","22":"tag-latviesu-valoda","23":"tag-latviesuvaloda","24":"tag-latvija","25":"tag-lv","26":"tag-news","27":"tag-popularakas-zinas","28":"tag-popularakaszinas","29":"tag-protesti","30":"tag-top-stories","31":"tag-topstories","32":"tag-world","33":"tag-world-news","34":"tag-worldnews","35":"tag-zinas","36":"tag-zinas-no-arvalstim"},"share_on_mastodon":{"url":"https:\/\/pubeurope.com\/@lv\/115876721035363365","error":""},"_links":{"self":[{"href":"https:\/\/www.europesays.com\/lv\/wp-json\/wp\/v2\/posts\/101043","targetHints":{"allow":["GET"]}}],"collection":[{"href":"https:\/\/www.europesays.com\/lv\/wp-json\/wp\/v2\/posts"}],"about":[{"href":"https:\/\/www.europesays.com\/lv\/wp-json\/wp\/v2\/types\/post"}],"author":[{"embeddable":true,"href":"https:\/\/www.europesays.com\/lv\/wp-json\/wp\/v2\/users\/2"}],"replies":[{"embeddable":true,"href":"https:\/\/www.europesays.com\/lv\/wp-json\/wp\/v2\/comments?post=101043"}],"version-history":[{"count":0,"href":"https:\/\/www.europesays.com\/lv\/wp-json\/wp\/v2\/posts\/101043\/revisions"}],"wp:featuredmedia":[{"embeddable":true,"href":"https:\/\/www.europesays.com\/lv\/wp-json\/wp\/v2\/media\/99960"}],"wp:attachment":[{"href":"https:\/\/www.europesays.com\/lv\/wp-json\/wp\/v2\/media?parent=101043"}],"wp:term":[{"taxonomy":"category","embeddable":true,"href":"https:\/\/www.europesays.com\/lv\/wp-json\/wp\/v2\/categories?post=101043"},{"taxonomy":"post_tag","embeddable":true,"href":"https:\/\/www.europesays.com\/lv\/wp-json\/wp\/v2\/tags?post=101043"}],"curies":[{"name":"wp","href":"https:\/\/api.w.org\/{rel}","templated":true}]}}