{"id":101048,"date":"2026-01-11T13:38:16","date_gmt":"2026-01-11T13:38:16","guid":{"rendered":"https:\/\/www.europesays.com\/lv\/101048\/"},"modified":"2026-01-11T13:38:16","modified_gmt":"2026-01-11T13:38:16","slug":"eiropas-savieniba-daliti-vertejumi-par-asv-operacijas-venecuela-legitimitati-lente-lv","status":"publish","type":"post","link":"https:\/\/www.europesays.com\/lv\/101048\/","title":{"rendered":"Eiropas Savien\u012bb\u0101 dal\u012bti v\u0113rt\u0113jumi par ASV oper\u0101cijas Venecu\u0113l\u0101 le\u0123itimit\u0101ti\u00a0\u2014\u00a0Lente.lv"},"content":{"rendered":"<p>ES dal\u012bbvalst\u012bs at\u0161\u0137iras viedok\u013ci par ASV r\u012bc\u012bbu Venecu\u0113l\u0101<\/p>\n<p>Eiropas Savien\u012bbas (ES) dal\u012bbvalst\u012bs nav vienotas nost\u0101jas attiec\u012bb\u0101 uz ASV karasp\u0113ka veikt\u0101s Venecu\u0113las autorit\u0101r\u0101 l\u012bdera Nikolasa Maduro g\u0101\u0161anas oper\u0101cijas le\u0123itimit\u0101ti. \u0160is jaut\u0101jums izgaismojis bloka vienpr\u0101t\u012bbas tr\u016bkumu suverenit\u0101tes un starptautisko ties\u012bbu jaut\u0101jumos, k\u0101 ar\u012b pastiprina ba\u017eas par transatlantisko vienot\u012bbu un iesp\u0113jamu ASV milit\u0101ru iejauk\u0161anos citu valstu teritorij\u0101s. K\u0101 inform\u0113 Latvijas Sabiedriskie Mediji, at\u0161\u0137ir\u012bgie viedok\u013ci apgr\u016btina vienotu Eiropas juridisku un politisku l\u0113mumu pie\u0146em\u0161anu, kas skar re\u0123iona stabilit\u0101ti. <\/p>\n<p>Kam\u0113r da\u017eas ES dal\u012bbvalstis, piem\u0113ram, It\u0101lija, paudu\u0161as atbalstu ASV r\u012bc\u012bbai, uzskatot to par le\u0123it\u012bmu demokr\u0101tisku p\u0101rmai\u0146u nodro\u0161in\u0101\u0161an\u0101, citas, k\u0101 Sp\u0101nija un Norv\u0113\u0123ija, ir nosod\u012bju\u0161as ASV darb\u012bbas Venecu\u0113l\u0101. Eiropas Komisijas p\u0101rst\u0101ve Kaja Kallasa uzsv\u0113rusi, ka Eiropa aicina visas iesaist\u012bt\u0101s puses saglab\u0101t mieru un savald\u012bbu, k\u0101 ar\u012b izvair\u012bties no milit\u0101risma eskal\u0101cijas, vienlaikus respekt\u0113jot Venecu\u0113las tautas ties\u012bbas izv\u0113l\u0113ties savu n\u0101kotni un starptautisk\u0101s ties\u012bbas. <\/p>\n<p>ASV prezidents Donalds Tramps ir publiskojis vair\u0101kus pazi\u0146ojumus par oper\u0101cijas m\u0113r\u0137iem un turpm\u0101ko r\u012bc\u012bbu Venecu\u0113l\u0101. Vi\u0146\u0161 ir nor\u0101d\u012bjis, ka ASV p\u0101rvald\u012bs Venecu\u0113lu un t\u0101s naftas kr\u0101jumus, k\u0101 ar\u012b izraudz\u012bsies nepiecie\u0161am\u0101s amatpersonas valst\u012b. Tramps ir ar\u012b pie\u013c\u0101vis ASV karasp\u0113ka izvieto\u0161anu Venecu\u0113l\u0101, uzsverot, ka Va\u0161ingtona ir gatava \u0161\u0101diem so\u013ciem. Vi\u0146a administr\u0101cija ir apsv\u0113rusi ar\u012b scen\u0101riju, kur\u0101 Nikolass Maduro sa\u0146emtu \u201cza\u013co gaismu\u201d atk\u0101pties no varas un pamest valsti. <\/p>\n<p>Latvijas nost\u0101ja un starptautisko ties\u012bbu iev\u0113ro\u0161ana<\/p>\n<p>Latvijas \u0101rlietu ministre Baiba Bra\u017ee ir paudusi stingru nost\u0101ju pret biju\u0161\u0101 Venecu\u0113las prezidenta Nikolasa Maduro re\u017e\u012bmu, uzsverot, ka Latvija nekad nav atzinusi vi\u0146a re\u017e\u012bma le\u0123itimit\u0101ti, atsaucoties uz, vi\u0146aspr\u0101t, nozagtaj\u0101m v\u0113l\u0113\u0161an\u0101m. Latvija stingri iest\u0101jas par starptautisko ties\u012bbu un ANO Stat\u016btu iev\u0113ro\u0161anu, aicinot visas iesaist\u012bt\u0101s puses uz savald\u012bbu un mierm\u012bl\u012bgu kr\u012bzes risin\u0101jumu. <\/p>\n<p>Eiropas Savien\u012bba kop\u0161 2017. gada ir noteikusi sankcijas pret Venecu\u0113lu, cen\u0161oties veicin\u0101t demokr\u0101tisku p\u0101reju un politisko stabilit\u0101ti. \u0160\u012bs sankcijas ietver iero\u010du embargo, ce\u013co\u0161anas ierobe\u017eojumus un finan\u0161u l\u012bdzek\u013cu iesald\u0113\u0161anu person\u0101m un vien\u012bb\u0101m, kas tiek uzskat\u012btas par atbild\u012bg\u0101m par cilv\u0113kties\u012bbu p\u0101rk\u0101pumiem un demokr\u0101tijas grau\u0161anu. <\/p>\n<p>Latvijas diplom\u0101tija cie\u0161i monitor\u0113 situ\u0101ciju Venecu\u0113l\u0101, sadarbojoties ar cit\u0101m ES dal\u012bbvalst\u012bm un starptautiskajiem partneriem. Lai gan notikumi Venecu\u0113l\u0101 tie\u0161i neietekm\u0113 degvielas cenas Latvij\u0101, svar\u012bgi ir \u0146emt v\u0113r\u0101 glob\u0101l\u0101s ekonomikas tendences. <\/p>\n<p>ASV oper\u0101cijas juridiskais un politiskais konteksts<\/p>\n<p>Ties\u012bbu zin\u0101tnieku vid\u016b izskan viedoklis, ka ASV darb\u012bbas Venecu\u0113l\u0101 neatbilst starptautisko ties\u012bbu norm\u0101m. Da\u017ei eksperti br\u012bdina, ka \u0161\u0101da r\u012bc\u012bba var iedro\u0161in\u0101t citas lielvaras, piem\u0113ram, \u0136\u012bnu un Krieviju, lietot milit\u0101ru sp\u0113ku savu intere\u0161u \u012bsteno\u0161anai, t\u0101d\u0113j\u0101di v\u0101jinot starptautisko ties\u012bbu normas. <\/p>\n<p>ASV prezidents Donalds Tramps ir paudis, ka \u0161\u0101da oper\u0101cija demonstr\u0113 jaunu ASV pasaules k\u0101rt\u012bbu, kur\u0101 ASV var veikt l\u012bdz\u012bgas specoper\u0101cijas, ja k\u0101ds re\u017e\u012bms tiek uzskat\u012bts par draudu ASV interes\u0113m vai dro\u0161\u012bbai. \u0160\u0101ds att\u012bst\u012bbas scen\u0101rijs rada ba\u017eas par iesp\u0113jamu agres\u012bv\u0101ku ASV \u0101rpolitiku un t\u0101s ietekmi uz glob\u0101lo stabilit\u0101ti. <\/p>\n<p>Venecu\u0113las naftas rezerves ir liel\u0101k\u0101s pasaul\u0113, un amerik\u0101\u0146u naftas komp\u0101nij\u0101m ir bijusi liela interese par t\u0101m. Tom\u0113r soci\u0101lists Ugo \u010cavess visu naftas industriju v\u0113l\u0113j\u0101s koncentr\u0113t valsts rok\u0101s, ko turpin\u0101ja ar\u012b vi\u0146a p\u0113ctecis Nikolass Maduro. <\/p>\n<p>Ietekme uz transatlantisko vienot\u012bbu un suverenit\u0101ti<\/p>\n<p>Notikumi ap Venecu\u0113lu un ar tiem saist\u012btie ASV prezidenta Donalda Trampa administr\u0101cijas izteikumi pastiprina ba\u017eas par transatlantisko vienot\u012bbu un iesp\u0113jamu ASV milit\u0101ru v\u0113r\u0161anos pret cit\u0101m teritorij\u0101m. Da\u017e\u0101di viedok\u013ci par ASV oper\u0101cijas le\u0123itimit\u0101ti Eiropas Savien\u012bb\u0101 atspogu\u013co dal\u012bbvalstu at\u0161\u0137ir\u012bgo izpratni par suverenit\u0101ti un starptautisko ties\u012bbu piem\u0113ro\u0161anu. <\/p>\n<p>Latvijas politi\u0137i, tostarp Saeimas \u0100rlietu komisijas vad\u012bt\u0101ja In\u0101ra M\u016brniece, ir uzsv\u0113ru\u0161i nepiecie\u0161am\u012bbu patur\u0113t pr\u0101t\u0101 Latvijas ilgtermi\u0146a dro\u0161\u012bbas intereses, sadarbojoties ar ASV un citiem NATO un ES sabiedrotajiem. Vi\u0146a nor\u0101d\u012bja, ka Venecu\u0113las situ\u0101cija un jaut\u0101jums par ASV r\u012bc\u012bbu pret Grenlandi ir da\u017e\u0101das situ\u0101cijas, neredzot tur paral\u0113les. <\/p>\n<p>Eksperti nor\u0101da, ka \u0161\u0101da nevienpr\u0101t\u012bba Eiropas Savien\u012bbas dal\u012bbvalstu vid\u016b apgr\u016btina vienotu juridisku un politisku l\u0113mumu pie\u0146em\u0161anu, kas skar re\u0123iona stabilit\u0101ti. <\/p>\n<p>Secin\u0101jumi un turpm\u0101k\u0101 att\u012bst\u012bba<\/p>\n<p>Eiropas Savien\u012bbas dal\u012bbvalstu neviennoz\u012bm\u012bg\u0101 reakcija uz ASV karasp\u0113ka \u012bstenoto Venecu\u0113las autorit\u0101r\u0101 l\u012bdera Nikolasa Maduro g\u0101\u0161anu atkl\u0101j bloka sp\u0113ju probl\u0113mas vienpr\u0101t\u012bbas un kop\u012bgas r\u012bc\u012bbas jaut\u0101jumos. Lai gan Eiropas Savien\u012bba aicina uz mierm\u012bl\u012bgu kr\u012bzes risin\u0101jumu un starptautisko ties\u012bbu iev\u0113ro\u0161anu, at\u0161\u0137ir\u012bgie viedok\u013ci par ASV oper\u0101cijas le\u0123itimit\u0101ti rada izaicin\u0101jumus kop\u012bg\u0101s \u0101rpolitikas veido\u0161an\u0101. <\/p>\n<p>Turpm\u0101k\u0101 situ\u0101cija Venecu\u0113l\u0101, k\u0101 ar\u012b ASV prezidenta Donalda Trampa administr\u0101cijas r\u012bc\u012bba un izteikumi par suverenit\u0101ti un starptautisko ties\u012bbu piem\u0113ro\u0161anu turpin\u0101s ietekm\u0113t transatlantisko attiec\u012bbu dinamiku un glob\u0101lo dro\u0161\u012bbas situ\u0101ciju. <\/p>\n","protected":false},"excerpt":{"rendered":"ES dal\u012bbvalst\u012bs at\u0161\u0137iras viedok\u013ci par ASV r\u012bc\u012bbu Venecu\u0113l\u0101 Eiropas Savien\u012bbas (ES) dal\u012bbvalst\u012bs nav vienotas nost\u0101jas attiec\u012bb\u0101 uz ASV&hellip;\n","protected":false},"author":2,"featured_media":101049,"comment_status":"","ping_status":"","sticky":false,"template":"","format":"standard","meta":{"footnotes":""},"categories":[14],"tags":[23,57,23936,28,29,514,32,33,22,30,31,35,39,38,36,37,34,40,20,5168,26,27,2405,24622,24,25,54,55,56,21,58],"class_list":{"0":"post-101048","1":"post","2":"type-post","3":"status-publish","4":"format-standard","5":"has-post-thumbnail","7":"category-zinas-no-arvalstim","8":"tag-aktualitates","9":"tag-arvalstim","10":"tag-asv-operacija-venecuela","11":"tag-breaking-news","12":"tag-breakingnews","13":"tag-eiropas-savieniba","14":"tag-featured-news","15":"tag-featurednews","16":"tag-headlines","17":"tag-latest-news","18":"tag-latestnews","19":"tag-latvia","20":"tag-latvian","21":"tag-latviesu","22":"tag-latviesu-valoda","23":"tag-latviesuvaloda","24":"tag-latvija","25":"tag-lv","26":"tag-news","27":"tag-nikolass-maduro","28":"tag-popularakas-zinas","29":"tag-popularakaszinas","30":"tag-starptautiskas-tiesibas","31":"tag-suverenitate","32":"tag-top-stories","33":"tag-topstories","34":"tag-world","35":"tag-world-news","36":"tag-worldnews","37":"tag-zinas","38":"tag-zinas-no-arvalstim"},"share_on_mastodon":{"url":"","error":"Validation failed: Text character limit of 500 exceeded"},"_links":{"self":[{"href":"https:\/\/www.europesays.com\/lv\/wp-json\/wp\/v2\/posts\/101048","targetHints":{"allow":["GET"]}}],"collection":[{"href":"https:\/\/www.europesays.com\/lv\/wp-json\/wp\/v2\/posts"}],"about":[{"href":"https:\/\/www.europesays.com\/lv\/wp-json\/wp\/v2\/types\/post"}],"author":[{"embeddable":true,"href":"https:\/\/www.europesays.com\/lv\/wp-json\/wp\/v2\/users\/2"}],"replies":[{"embeddable":true,"href":"https:\/\/www.europesays.com\/lv\/wp-json\/wp\/v2\/comments?post=101048"}],"version-history":[{"count":0,"href":"https:\/\/www.europesays.com\/lv\/wp-json\/wp\/v2\/posts\/101048\/revisions"}],"wp:featuredmedia":[{"embeddable":true,"href":"https:\/\/www.europesays.com\/lv\/wp-json\/wp\/v2\/media\/101049"}],"wp:attachment":[{"href":"https:\/\/www.europesays.com\/lv\/wp-json\/wp\/v2\/media?parent=101048"}],"wp:term":[{"taxonomy":"category","embeddable":true,"href":"https:\/\/www.europesays.com\/lv\/wp-json\/wp\/v2\/categories?post=101048"},{"taxonomy":"post_tag","embeddable":true,"href":"https:\/\/www.europesays.com\/lv\/wp-json\/wp\/v2\/tags?post=101048"}],"curies":[{"name":"wp","href":"https:\/\/api.w.org\/{rel}","templated":true}]}}