{"id":101058,"date":"2026-01-11T13:45:07","date_gmt":"2026-01-11T13:45:07","guid":{"rendered":"https:\/\/www.europesays.com\/lv\/101058\/"},"modified":"2026-01-11T13:45:07","modified_gmt":"2026-01-11T13:45:07","slug":"svetdien-pa-dienu-vissliktakie-brauksanas-apstakli-ir-kurzemes-ziemelos-1188-lv","status":"publish","type":"post","link":"https:\/\/www.europesays.com\/lv\/101058\/","title":{"rendered":"Sv\u0113tdien pa dienu visslikt\u0101kie brauk\u0161anas apst\u0101k\u013ci ir Kurzemes zieme\u013cos &#8211; 1188.lv"},"content":{"rendered":"<ol>\n<li><a href=\"https:\/\/news.google.com\/rss\/articles\/CBMipgFBVV95cUxPQ21RQS1xYlBZQzVvS2RYV0VGOTRTQkdKT3UtTkVvaTluWEtxSEJrN1g1Mzg3WDg2dnZfSFN5Z2tsRlpOeXhJTjNta01ZbjlmTUk2bU9WTGxzamRqcF8waWhrUTBTZ2R6Qkw4UzJVb2loUXo0aC1OMUtXOHZRajNBZTJTVV9Lb0NCR09JVGlvZEM1cFBIWUdMRmU0ekRVUm85YW16Z1Fn?oc=5\" target=\"_blank\" rel=\"nofollow noopener\">Sv\u0113tdien pa dienu visslikt\u0101kie brauk\u0161anas apst\u0101k\u013ci ir Kurzemes zieme\u013cos<\/a>&nbsp;&nbsp;1188.lv<\/li>\n<li><a href=\"https:\/\/news.google.com\/rss\/articles\/CBMirAFBVV95cUxNNXpUazIxa3h6Qi1henBqSEhDS2VkdHgzM2QyUjg0UFNWeHYtYzFDRnoxNVVSQjFjZFpiZVE3NDZRWHBqaV9NdXlJdWNydzZaOWtLdV92TFRuYVVYNjZpdUxNTHRubVd4Z24yZUtBeGdraFg0Z3N6TWxXMm9tSy1raktRQjV5SF8xQ3ZROFlsMWxONVFIc21YMndXdXdaU2RYaHk3MXE2dGNhSHVR?oc=5\" target=\"_blank\" rel=\"nofollow noopener\">Video: Daudzviet Kurzem\u0113 un Zemgal\u0113 putenis pamat\u012bgi apgr\u016btina brauk\u0161anu (plkst.14.10)<\/a>&nbsp;&nbsp;Delfi<\/li>\n<li><a href=\"https:\/\/news.google.com\/rss\/articles\/CBMirwFBVV95cUxQamtqZERNY2ptSnRGWDZTa2doUHB0a1VCWi02MTJIcTJGV2FBeUx0VnZid1JYRlJVU1IzNThoaEczcmdFeTM4Y3RlaEpwTFNJM0VsUTRFX2xCdy1qNzBYZE9ZWkh5XzBwb2RmMVNveXhzS3k1X0FDRlgwckk0dGJncjI0TEhSZkxLNnJsRzJUd1FFbUtOcDRiM0o1OUw1bS1LaFdXQ3lSU1otVDNtbERV?oc=5\" target=\"_blank\" rel=\"nofollow noopener\">Visslikt\u0101kie brauk\u0161anas apst\u0101k\u013ci sv\u0113tdienas pusdienlaik\u0101 ir Kurzemes zieme\u013cu da\u013c\u0101<\/a>&nbsp;&nbsp;TVNET<\/li>\n<li><a href=\"https:\/\/news.google.com\/rss\/articles\/CBMi2AFBVV95cUxOZGdEYkc5NjJLZGdNMWo0bDc3SG1oM2NfV3Fhdl9SVDE3ZDdxZk9oa2pwak52QTByVHhBU2dnbE03bDZkd0xVbDFQQXNzWWlPcC1tZzF6T3E3NFlabWpnYndoNnhWOVUtVnV0OGFBTllLcHMxNzlvd0RlU2NVYkVycGlGUzhoQU9rYzR6N0k3VGtVQUszbVNMT1ItdjY3UzlMejFQMVJoU1pDWGVmNVNrc1lmcDFVZnE2WFpQMVF1UWtSakJfV09sM3NodVptc0VHZGhGWUhsUS0?oc=5\" target=\"_blank\" rel=\"nofollow noopener\">\u0160or\u012bt valsts ce\u013cu t\u012bkl\u0101 saglab\u0101jas apgr\u016btin\u0101ti brauk\u0161anas apst\u0101k\u013ci, str\u0101d\u0101 104 ziemas tehnikas vien\u012bbas<\/a>&nbsp;&nbsp;Latvijas Valsts ce\u013ci<\/li>\n<li><a href=\"https:\/\/news.google.com\/rss\/articles\/CBMingFBVV95cUxQNFdONl9KU0pINGgtZW5ueFJYVVFSa0RPTnAtbURJS3NXVFdvc1FnOXZPVm16ZU5fdDBTSk5jalFSblRSaDRvbG9QcTdlWjljbE9jT05UeDBoT0gzVktaMGlmNHRVanRMRmpPNzBLN0tXUE40Nmd2UExzSjk3UmNvejVpSG9Db1FIclQ0bFJNR0V4MHFSS2d1eGlEWjNBZw?oc=5\" target=\"_blank\" rel=\"nofollow noopener\">Sestdienas r\u012bt\u0101 daudzviet valst\u012b ir apgr\u016btin\u0101ti brauk\u0161anas apst\u0101k\u013ci<\/a>&nbsp;&nbsp;Apollo.lv<\/li>\n<\/ol>\n","protected":false},"excerpt":{"rendered":"Sv\u0113tdien pa dienu visslikt\u0101kie brauk\u0161anas apst\u0101k\u013ci ir Kurzemes zieme\u013cos&nbsp;&nbsp;1188.lv Video: Daudzviet Kurzem\u0113 un Zemgal\u0113 putenis pamat\u012bgi apgr\u016btina brauk\u0161anu&hellip;\n","protected":false},"author":2,"featured_media":101059,"comment_status":"","ping_status":"","sticky":false,"template":"","format":"standard","meta":{"footnotes":""},"categories":[12],"tags":[129,4274,23007,23,28,29,32,33,22,30,31,35,39,38,36,37,34,40,20,26,27,4275,23008,4276,23009,24,25,21],"class_list":{"0":"post-101058","1":"post","2":"type-post","3":"status-publish","4":"format-standard","5":"has-post-thumbnail","7":"category-latvija","8":"tag-__typenameadvicekeyword","9":"tag-id558","10":"tag-id565","11":"tag-aktualitates","12":"tag-breaking-news","13":"tag-breakingnews","14":"tag-featured-news","15":"tag-featurednews","16":"tag-headlines","17":"tag-latest-news","18":"tag-latestnews","19":"tag-latvia","20":"tag-latvian","21":"tag-latviesu","22":"tag-latviesu-valoda","23":"tag-latviesuvaloda","24":"tag-latvija","25":"tag-lv","26":"tag-news","27":"tag-popularakas-zinas","28":"tag-popularakaszinas","29":"tag-slugcelu-satiksme","30":"tag-slugsniegs","31":"tag-titlecelu-satiksme","32":"tag-titlesniegs","33":"tag-top-stories","34":"tag-topstories","35":"tag-zinas"},"share_on_mastodon":{"url":"https:\/\/pubeurope.com\/@lv\/115876772179078462","error":""},"_links":{"self":[{"href":"https:\/\/www.europesays.com\/lv\/wp-json\/wp\/v2\/posts\/101058","targetHints":{"allow":["GET"]}}],"collection":[{"href":"https:\/\/www.europesays.com\/lv\/wp-json\/wp\/v2\/posts"}],"about":[{"href":"https:\/\/www.europesays.com\/lv\/wp-json\/wp\/v2\/types\/post"}],"author":[{"embeddable":true,"href":"https:\/\/www.europesays.com\/lv\/wp-json\/wp\/v2\/users\/2"}],"replies":[{"embeddable":true,"href":"https:\/\/www.europesays.com\/lv\/wp-json\/wp\/v2\/comments?post=101058"}],"version-history":[{"count":0,"href":"https:\/\/www.europesays.com\/lv\/wp-json\/wp\/v2\/posts\/101058\/revisions"}],"wp:featuredmedia":[{"embeddable":true,"href":"https:\/\/www.europesays.com\/lv\/wp-json\/wp\/v2\/media\/101059"}],"wp:attachment":[{"href":"https:\/\/www.europesays.com\/lv\/wp-json\/wp\/v2\/media?parent=101058"}],"wp:term":[{"taxonomy":"category","embeddable":true,"href":"https:\/\/www.europesays.com\/lv\/wp-json\/wp\/v2\/categories?post=101058"},{"taxonomy":"post_tag","embeddable":true,"href":"https:\/\/www.europesays.com\/lv\/wp-json\/wp\/v2\/tags?post=101058"}],"curies":[{"name":"wp","href":"https:\/\/api.w.org\/{rel}","templated":true}]}}