{"id":101102,"date":"2026-01-11T14:28:07","date_gmt":"2026-01-11T14:28:07","guid":{"rendered":"https:\/\/www.europesays.com\/lv\/101102\/"},"modified":"2026-01-11T14:28:07","modified_gmt":"2026-01-11T14:28:07","slug":"malaizija-apturejusi-piekluvi-ilona-maska-sarunbotam-grok","status":"publish","type":"post","link":"https:\/\/www.europesays.com\/lv\/101102\/","title":{"rendered":"Malaizija aptur\u0113jusi piek\u013cuvi \u012alona Maska sarunbotam &#8220;Grok&#8221;"},"content":{"rendered":"<p>L\u0113mums pie\u0146emts, atkl\u0101joties, ka &#8220;Grok&#8221; att\u0113lu veido\u0161anas funkcija \u013cauj lietot\u0101jiem seksualiz\u0113t att\u0113lus, ar\u012b b\u0113rnu, izmantojot vienk\u0101r\u0161us teksta nor\u0101d\u012bjumus.<\/p>\n<p>Sestdien Indon\u0113zija k\u013cuva par pirmo valsti, kas liedza piek\u013cuvi &#8220;Grok&#8221;.<\/p>\n<p>Malaizijas Komunik\u0101cijas un multivides komisija pazi\u0146ojum\u0101 nor\u0101d\u012bja, ka t\u0101 ir &#8220;uz laiku lietot\u0101jiem Malaizij\u0101 ierobe\u017eojusi piek\u013cuvi &#8220;Grok&#8221; m\u0101ksl\u012bgajam intelektam&#8221;.<\/p>\n<p>&#8220;\u0160\u012b r\u012bc\u012bba seko p\u0113c atk\u0101rtotas &#8220;Grok&#8221; \u013caunpr\u0101t\u012bgas izmanto\u0161anas, lai rad\u012btu ne\u0137\u012btrus, seksu\u0101li atkl\u0101tus, nepiekl\u0101j\u012bgus, rupji aizskaro\u0161us un bez piekri\u0161anas manipul\u0113tus att\u0113lus,&#8221; pazi\u0146oja regulators.<\/p>\n<p>Piek\u013cuve &#8220;Grok&#8221; tiks atjaunota tikai p\u0113c tam, kad tiks p\u0101rbaud\u012btas nepiecie\u0161am\u0101s izmai\u0146as, nor\u0101d\u012bja regulators.<\/p>\n<p>Kaut ar\u012b &#8220;Grok&#8221; att\u0113lu veido\u0161anas programma l\u012bdz ar nesenaj\u0101m izmai\u0146\u0101m pieejama tikai maksas abonentiem, Eiropas amatpersonas un nozares akt\u012bvisti piektdien sarunbota izstr\u0101d\u0101t\u0101jiem p\u0101rmeta, ka izmai\u0146as nerisina ba\u017eas par seksualiz\u0113tiem dzi\u013cviltojumiem.<\/p>\n","protected":false},"excerpt":{"rendered":"L\u0113mums pie\u0146emts, atkl\u0101joties, ka &#8220;Grok&#8221; att\u0113lu veido\u0161anas funkcija \u013cauj lietot\u0101jiem seksualiz\u0113t att\u0113lus, ar\u012b b\u0113rnu, izmantojot vienk\u0101r\u0161us teksta nor\u0101d\u012bjumus.&hellip;\n","protected":false},"author":2,"featured_media":101103,"comment_status":"","ping_status":"","sticky":false,"template":"","format":"standard","meta":{"footnotes":""},"categories":[5],"tags":[23,11540,28,29,32,33,24634,22,79,30,31,35,39,38,36,37,34,40,87,16453,20,26,27,18493,24,25,21],"class_list":{"0":"post-101102","1":"post","2":"type-post","3":"status-publish","4":"format-standard","5":"has-post-thumbnail","7":"category-aktualitates","8":"tag-aktualitates","9":"tag-bernu-pornografija","10":"tag-breaking-news","11":"tag-breakingnews","12":"tag-featured-news","13":"tag-featurednews","14":"tag-grok","15":"tag-headlines","16":"tag-ilons-masks","17":"tag-latest-news","18":"tag-latestnews","19":"tag-latvia","20":"tag-latvian","21":"tag-latviesu","22":"tag-latviesu-valoda","23":"tag-latviesuvaloda","24":"tag-latvija","25":"tag-lv","26":"tag-maksligais-intelekts","27":"tag-malaizija","28":"tag-news","29":"tag-popularakas-zinas","30":"tag-popularakaszinas","31":"tag-pornografija","32":"tag-top-stories","33":"tag-topstories","34":"tag-zinas"},"share_on_mastodon":{"url":"https:\/\/pubeurope.com\/@lv\/115876941159561989","error":""},"_links":{"self":[{"href":"https:\/\/www.europesays.com\/lv\/wp-json\/wp\/v2\/posts\/101102","targetHints":{"allow":["GET"]}}],"collection":[{"href":"https:\/\/www.europesays.com\/lv\/wp-json\/wp\/v2\/posts"}],"about":[{"href":"https:\/\/www.europesays.com\/lv\/wp-json\/wp\/v2\/types\/post"}],"author":[{"embeddable":true,"href":"https:\/\/www.europesays.com\/lv\/wp-json\/wp\/v2\/users\/2"}],"replies":[{"embeddable":true,"href":"https:\/\/www.europesays.com\/lv\/wp-json\/wp\/v2\/comments?post=101102"}],"version-history":[{"count":0,"href":"https:\/\/www.europesays.com\/lv\/wp-json\/wp\/v2\/posts\/101102\/revisions"}],"wp:featuredmedia":[{"embeddable":true,"href":"https:\/\/www.europesays.com\/lv\/wp-json\/wp\/v2\/media\/101103"}],"wp:attachment":[{"href":"https:\/\/www.europesays.com\/lv\/wp-json\/wp\/v2\/media?parent=101102"}],"wp:term":[{"taxonomy":"category","embeddable":true,"href":"https:\/\/www.europesays.com\/lv\/wp-json\/wp\/v2\/categories?post=101102"},{"taxonomy":"post_tag","embeddable":true,"href":"https:\/\/www.europesays.com\/lv\/wp-json\/wp\/v2\/tags?post=101102"}],"curies":[{"name":"wp","href":"https:\/\/api.w.org\/{rel}","templated":true}]}}