{"id":101104,"date":"2026-01-11T14:29:13","date_gmt":"2026-01-11T14:29:13","guid":{"rendered":"https:\/\/www.europesays.com\/lv\/101104\/"},"modified":"2026-01-11T14:29:13","modified_gmt":"2026-01-11T14:29:13","slug":"kulta-seriala-nemiletie-nosledzosa-sezona-latvijas-skatitajus-sasniegs-jau-drizuma-lente-lv","status":"publish","type":"post","link":"https:\/\/www.europesays.com\/lv\/101104\/","title":{"rendered":"Kulta seri\u0101la \u201cNem\u012bl\u0113tie\u201d nosl\u0113dzo\u0161\u0101 sezona Latvijas skat\u012bt\u0101jus sasniegs jau dr\u012bzum\u0101\u00a0\u2014\u00a0Lente.lv"},"content":{"rendered":"<p>\u0112ras beigas Latvijas seri\u0101lam \u201cNem\u012bl\u0113tie\u201d<\/p>\n<p>K\u0101 inform\u0113 port\u0101ls jauns.lv, popul\u0101rais latvie\u0161u telev\u012bzijas seri\u0101ls \u201cNem\u012bl\u0113tie\u201d gatavojas savai nosl\u0113dzo\u0161ajai sezonai. No 19. janv\u0101ra darbdien\u0101s, no pirmdienas l\u012bdz ceturtdienai, kan\u0101l\u0101 TV3 plkst. 21.10 tiks demonstr\u0113ta seri\u0101la fin\u0101lsezona, kur\u0101 notikumi sasniegs savu kulmin\u0101ciju. Spriedze starp ietekm\u012bgaj\u0101m Ozola, \u0136\u0113ni\u0146a un Kogana \u0123imen\u0113m p\u0101raugs atkl\u0101t\u0101 kar\u0101, kur\u0101 vairs neb\u016bs vietas kompromisiem.<\/p>\n<p>Devi\u0146u sezonu ce\u013c\u0161 un gaid\u0101m\u0101 kulmin\u0101cija<\/p>\n<p>Seri\u0101ls \u201cNem\u012bl\u0113tie\u201d Latvijas skat\u012bt\u0101ju uzman\u012bbu ieguvis kop\u0161 2020. gada 31. augusta, kad tas pirmo reizi tika p\u0101rraid\u012bts kan\u0101l\u0101 TV3. Veidots p\u0113c lietuvie\u0161u rakstnieka Edv\u012bna Kaledas trilo\u0123ijas mot\u012bviem, seri\u0101ls balst\u012bts uz patiesiem notikumiem un re\u0101lu cilv\u0113ku dz\u012bves st\u0101stiem. Devi\u0146u sezonu garum\u0101 skat\u012bt\u0101ji ir liecinieki neskait\u0101m\u0101m intr\u012bg\u0101m, nodev\u012bb\u0101m un varas sp\u0113l\u0113m, kas ir main\u012bju\u0161as galvenos varo\u0146us. Tagad seri\u0101la veidot\u0101ji sola, ka nosl\u0113dzo\u0161\u0101 sezona sag\u0101d\u0101s v\u0113l liel\u0101kus p\u0101rsteigumus un \u0161ok\u0113s skat\u012bt\u0101jus vair\u0101k nek\u0101 iepriek\u0161.<\/p>\n<p>Intens\u012bvi notikumi un jauni izaicin\u0101jumi<\/p>\n<p>Nosl\u0113dzo\u0161aj\u0101 sezon\u0101 notikumi att\u012bst\u012bsies strauj\u0101k nek\u0101 jebkad agr\u0101k. Ietekm\u012bgo \u0123ime\u0146u savstarp\u0113j\u0101 spriedze p\u0101rv\u0113rt\u012bsies atkl\u0101t\u0101 konflikt\u0101, kur\u0101 liksies, ka vairs nav iesp\u0113jami nek\u0101di kompromisi. Seri\u0101la veidot\u0101ji br\u012bdina, ka tiks vilkta \u013coti pl\u0101na robe\u017ea starp dz\u012bv\u012bbu un n\u0101vi, draudz\u012bbu un nodev\u012bbu, paties\u012bbu un meliem. Tiek sol\u012bts, ka tiks iepaz\u012bstin\u0101ti ar\u012b jauni t\u0113li, kuru patiesie nodomi nav skaidri, un vi\u0146u klus\u0113\u0161ana var\u0113tu izjaukt l\u012bdz\u0161in\u0113jo k\u0101rt\u012bbu. T\u0101pat gaid\u0101ms, ka b\u012bstami s\u0101ks \u0161\u016bpoties ierastais sp\u0113ku l\u012bdzsvars, jo notikumi satricin\u0101s visu l\u012bdz \u0161im stabilo.<\/p>\n<p>Aktieru ansamblis un seri\u0101la n\u0101kotne<\/p>\n<p>Seri\u0101l\u0101 \u201cNem\u012bl\u0113tie\u201d kop\u0161 t\u0101 pirms\u0101kumiem ir piedal\u012bju\u0161ies daudzi Latvij\u0101 iem\u012b\u013coti aktieri, tostarp R\u0113zija Kalni\u0146a, Egons Dombrovskis, El\u012bna Bojarkina, Edijs Zalaks, Art\u016brs D\u012bcis un daudzi citi. \u0160\u012bs devi\u0146as sezonas ir pier\u0101d\u012bju\u0161as seri\u0101la sp\u0113ju notur\u0113t skat\u012bt\u0101ju uzman\u012bbu ar aizraujo\u0161iem si\u017eeta pav\u0113rsieniem un sp\u0113c\u012bgu aktieru sniegumu. Lai gan seri\u0101ls non\u0101ks pie sav\u0101m nosl\u0113guma s\u0113rij\u0101m, t\u0101 popularit\u0101te un ietekme uz Latvijas telev\u012bzijas ainavu ir neap\u0161aub\u0101ma. Nosl\u0113dzo\u0161\u0101s sezonas pirmais raid\u012bjums gaid\u0101ms jau 19. janv\u0101r\u012b, kur\u0101 notikumi turpin\u0101sies aizraujo\u0161\u0101 temp\u0101.<\/p>\n","protected":false},"excerpt":{"rendered":"\u0112ras beigas Latvijas seri\u0101lam \u201cNem\u012bl\u0113tie\u201d K\u0101 inform\u0113 port\u0101ls jauns.lv, popul\u0101rais latvie\u0161u telev\u012bzijas seri\u0101ls \u201cNem\u012bl\u0113tie\u201d gatavojas savai nosl\u0113dzo\u0161ajai sezonai.&hellip;\n","protected":false},"author":2,"featured_media":101105,"comment_status":"","ping_status":"","sticky":false,"template":"","format":"standard","meta":{"footnotes":""},"categories":[19],"tags":[89,15457,90,35,39,38,24635,36,37,34,40,24357,24636,267],"class_list":{"0":"post-101104","1":"post","2":"type-post","3":"status-publish","4":"format-standard","5":"has-post-thumbnail","7":"category-izklaide","8":"tag-entertainment","9":"tag-finalsezona","10":"tag-izklaide","11":"tag-latvia","12":"tag-latvian","13":"tag-latviesu","14":"tag-latviesu-serials","15":"tag-latviesu-valoda","16":"tag-latviesuvaloda","17":"tag-latvija","18":"tag-lv","19":"tag-nemiletie","20":"tag-nosledzosa-sezona","21":"tag-tv3"},"share_on_mastodon":{"url":"https:\/\/pubeurope.com\/@lv\/115876945190544905","error":""},"_links":{"self":[{"href":"https:\/\/www.europesays.com\/lv\/wp-json\/wp\/v2\/posts\/101104","targetHints":{"allow":["GET"]}}],"collection":[{"href":"https:\/\/www.europesays.com\/lv\/wp-json\/wp\/v2\/posts"}],"about":[{"href":"https:\/\/www.europesays.com\/lv\/wp-json\/wp\/v2\/types\/post"}],"author":[{"embeddable":true,"href":"https:\/\/www.europesays.com\/lv\/wp-json\/wp\/v2\/users\/2"}],"replies":[{"embeddable":true,"href":"https:\/\/www.europesays.com\/lv\/wp-json\/wp\/v2\/comments?post=101104"}],"version-history":[{"count":0,"href":"https:\/\/www.europesays.com\/lv\/wp-json\/wp\/v2\/posts\/101104\/revisions"}],"wp:featuredmedia":[{"embeddable":true,"href":"https:\/\/www.europesays.com\/lv\/wp-json\/wp\/v2\/media\/101105"}],"wp:attachment":[{"href":"https:\/\/www.europesays.com\/lv\/wp-json\/wp\/v2\/media?parent=101104"}],"wp:term":[{"taxonomy":"category","embeddable":true,"href":"https:\/\/www.europesays.com\/lv\/wp-json\/wp\/v2\/categories?post=101104"},{"taxonomy":"post_tag","embeddable":true,"href":"https:\/\/www.europesays.com\/lv\/wp-json\/wp\/v2\/tags?post=101104"}],"curies":[{"name":"wp","href":"https:\/\/api.w.org\/{rel}","templated":true}]}}