{"id":101108,"date":"2026-01-11T14:32:06","date_gmt":"2026-01-11T14:32:06","guid":{"rendered":"https:\/\/www.europesays.com\/lv\/101108\/"},"modified":"2026-01-11T14:32:06","modified_gmt":"2026-01-11T14:32:06","slug":"sveices-bara-kur-jaungada-nakti-boja-gaja-40-cilveki-piecus-gadus-nebija-veikta-ugunsdrosibas-parbaude-lente-lv","status":"publish","type":"post","link":"https:\/\/www.europesays.com\/lv\/101108\/","title":{"rendered":"\u0160veices b\u0101r\u0101, kur Jaungada nakt\u012b boj\u0101 g\u0101ja 40 cilv\u0113ki, piecus gadus nebija veikta ugunsdro\u0161\u012bbas p\u0101rbaude\u00a0\u2014\u00a0Lente.lv"},"content":{"rendered":"<p>Tra\u0123\u0113dija ar smag\u0101m sek\u0101m<\/p>\n<p>\u0160veices varasiest\u0101des ir atzinu\u0161as, ka b\u0101r\u0101 \u201cLe Constellation\u201d Kranmontanas k\u016brort\u0101, kur Jaungada nakt\u012b ugunsgr\u0113k\u0101 dz\u012bv\u012bbu zaud\u0113ja 40 cilv\u0113ki, p\u0113d\u0113jos piecus gadus nebija veikta oblig\u0101t\u0101 ugunsdro\u0161\u012bbas p\u0101rbaude. K\u0101 zi\u0146o Latvijas Av\u012bze, \u0161\u012b atkl\u0101sme rad\u012bjusi nopietnas ba\u017eas par dro\u0161\u012bbas standartu iev\u0113ro\u0161anu izklaides viet\u0101s un uzraugo\u0161o instit\u016bciju darbu.<\/p>\n<p>Ugunsgr\u0113k\u0101 g\u0101ja boj\u0101 40 cilv\u0113ki, bet ievainojumus guva 116. Vi\u0146u vid\u016b bija daudz jaunie\u0161u \u2013 vair\u0101k nek\u0101 puse upuru bija jaun\u0101ki par 18 gadiem, bet boj\u0101g\u0101ju\u0161ie kopum\u0101 bija vecum\u0101 no 14 l\u012bdz 39 gadiem. Tra\u0123\u0113dija sk\u0101ra daudzas \u0123imenes vis\u0101 Eirop\u0101, jo boj\u0101g\u0101ju\u0161o vid\u016b bija da\u017e\u0101du valstu pilso\u0146i, tai skait\u0101 \u0160veices, Francijas, It\u0101lijas, Be\u013c\u0123ijas, Portug\u0101les, Rum\u0101nijas un Turcijas pilso\u0146i. K\u0101 zi\u0146o tv3.lv, tika identific\u0113ti visi 40 boj\u0101g\u0101ju\u0161ie, un s\u0113ras par upuriem tika izsludin\u0101tas vis\u0101 \u0160veic\u0113.<\/p>\n<p>Nolaid\u012bba un t\u0101s sekas<\/p>\n<p>K\u0101 atkl\u0101jies, p\u0113d\u0113j\u0101 ofici\u0101l\u0101 ugunsdro\u0161\u012bbas p\u0101rbaude b\u0101r\u0101 \u201cLe Constellation\u201d tika veikta 2019. gad\u0101. Likums paredz, ka pa\u0161vald\u012bbas ugunsdz\u0113s\u012bbas dienestam ir j\u0101veic ikgad\u0113jas p\u0101rbaudes sabiedr\u012bbai pieejam\u0101s iest\u0101d\u0113s, ta\u010du \u0161\u012bs p\u0101rbaudes netika veiktas no 2020. l\u012bdz 2025. gadam. Kranmontanas m\u0113rs Nikol\u0101 Fero atzinis, ka nav skaidrs, k\u0101p\u0113c p\u0101rbaudes netika veiktas, un pa\u0161vald\u012bba uz\u0146emsies pilnu atbild\u012bbu, k\u0101 to noteiks tiesa.<\/p>\n<p>\u0160\u012b nolaid\u012bba ir izrais\u012bjusi jaut\u0101jumus par atbild\u012bgo instit\u016bciju uzraudz\u012bbu. Pa\u0161vald\u012bba ir pazi\u0146ojusi, ka uzdos neatkar\u012bgiem speci\u0101listiem p\u0101rbaud\u012bt visas sabiedrisk\u0101s iest\u0101des un aizliegs pirotehnisko ier\u012b\u010du izmanto\u0161anu telp\u0101s. T\u0101pat tika pie\u0146emts l\u0113mums par pirotehnikas izmanto\u0161anas aizliegumu sl\u0113gt\u0101s telp\u0101s.<\/p>\n<p>Ugunsgr\u0113ka c\u0113lo\u0146i un izmekl\u0113\u0161ana<\/p>\n<p>Lai gan prec\u012bzs ugunsgr\u0113ka c\u0113lonis v\u0113l tiek skaidrots, s\u0101kotn\u0113j\u0101s versijas liecina, ka to, iesp\u0113jams, izrais\u012bju\u0161as \u0161ampanie\u0161a pudel\u0113s iespraustas dzirkste\u013cojo\u0161\u0101s sveces, kas aizdedzin\u0101ju\u0161as ska\u0146as izol\u0101cijas materi\u0101lus uz griestiem. K\u0101da b\u0101ra apmekl\u0113t\u0101ja uz\u0146emtais video, ko demonstr\u0113ja \u0160veices raidorganiz\u0101cija RTS, liecina, ka par aizdeg\u0161an\u0101s briesm\u0101m bija zin\u0101ms jau agr\u0101k \u2013 2019. gad\u0101 b\u0101ra darbiniece br\u012bdin\u0101jusi uzman\u012bties no put\u0101m, pace\u013cot \u0161ampanie\u0161a pudeles ar br\u012bnumsvec\u012bt\u0113m.<\/p>\n<p>Ugunsgr\u0113ks izc\u0113l\u0101s neilgi p\u0113c pusnakts Jaungada nakt\u012b, kad b\u0101rs, kas sp\u0113j uz\u0146emt vair\u0101k nek\u0101 300 apmekl\u0113t\u0101ju, bija pilns, galvenok\u0101rt ar jaunie\u0161iem. Da\u017ei liecinieki zi\u0146oja par spr\u0101dzienu, ta\u010du policija skaidro, ka tas noticis jau p\u0113c ugunsgr\u0113ka s\u0101kuma.<\/p>\n<p>Atbild\u012bba un turpm\u0101kie so\u013ci<\/p>\n<p>Pret b\u0101ra \u012bpa\u0161niekiem, Francijas pilso\u0146iem \u017daku un D\u017eesiku Moreti, ir s\u0101kta krimin\u0101lizmekl\u0113\u0161ana. Vi\u0146iem izvirz\u012btas aps\u016bdz\u012bbas par net\u012b\u0161u slepkav\u012bbu aiz neuzman\u012bbas, miesas boj\u0101jumu nodar\u012b\u0161anu aiz neuzman\u012bbas un ugunsgr\u0113ka izrais\u012b\u0161anu aiz neuzman\u012bbas.<\/p>\n<p>Kransmontanas pa\u0161vald\u012bbas padomes priek\u0161s\u0113d\u0113t\u0101js Nikol\u0101 Fero ir paudis dzi\u013cu no\u017e\u0113lu par notiku\u0161o un atzinis, ka pa\u0161vald\u012bba uz\u0146emsies pilnu atbild\u012bbu, k\u0101 to noteiks tiesa. \u0160\u012b tra\u0123\u0113dija ir izrais\u012bjusi pla\u0161u rezonansi un mudin\u0101jusi piev\u0113rst pastiprin\u0101tu uzman\u012bbu dro\u0161\u012bbas norm\u0101m izklaides viet\u0101s gan \u0160veic\u0113, gan citur Eirop\u0101. It\u0101lijas v\u0113stnieks \u0160veic\u0113 uzsv\u0113ris, ka no \u0161\u012bs tra\u0123\u0113dijas var\u0113ja un vajadz\u0113ja izvair\u012bties.<\/p>\n","protected":false},"excerpt":{"rendered":"Tra\u0123\u0113dija ar smag\u0101m sek\u0101m \u0160veices varasiest\u0101des ir atzinu\u0161as, ka b\u0101r\u0101 \u201cLe Constellation\u201d Kranmontanas k\u016brort\u0101, kur Jaungada nakt\u012b ugunsgr\u0113k\u0101&hellip;\n","protected":false},"author":2,"featured_media":101109,"comment_status":"","ping_status":"","sticky":false,"template":"","format":"standard","meta":{"footnotes":""},"categories":[14],"tags":[23,57,24640,28,29,32,33,22,24638,23402,30,31,35,39,38,36,37,34,40,20,26,27,24637,24,25,24639,54,55,56,21,58],"class_list":{"0":"post-101108","1":"post","2":"type-post","3":"status-publish","4":"format-standard","5":"has-post-thumbnail","7":"category-zinas-no-arvalstim","8":"tag-aktualitates","9":"tag-arvalstim","10":"tag-bara-drosiba","11":"tag-breaking-news","12":"tag-breakingnews","13":"tag-featured-news","14":"tag-featurednews","15":"tag-headlines","16":"tag-jaungada-nakts-tragedija","17":"tag-kransmontana","18":"tag-latest-news","19":"tag-latestnews","20":"tag-latvia","21":"tag-latvian","22":"tag-latviesu","23":"tag-latviesu-valoda","24":"tag-latviesuvaloda","25":"tag-latvija","26":"tag-lv","27":"tag-news","28":"tag-popularakas-zinas","29":"tag-popularakaszinas","30":"tag-sveices-bara-ugunsgreks","31":"tag-top-stories","32":"tag-topstories","33":"tag-ugunsdrosibas-parbaudes","34":"tag-world","35":"tag-world-news","36":"tag-worldnews","37":"tag-zinas","38":"tag-zinas-no-arvalstim"},"share_on_mastodon":{"url":"","error":"Validation failed: Text character limit of 500 exceeded"},"_links":{"self":[{"href":"https:\/\/www.europesays.com\/lv\/wp-json\/wp\/v2\/posts\/101108","targetHints":{"allow":["GET"]}}],"collection":[{"href":"https:\/\/www.europesays.com\/lv\/wp-json\/wp\/v2\/posts"}],"about":[{"href":"https:\/\/www.europesays.com\/lv\/wp-json\/wp\/v2\/types\/post"}],"author":[{"embeddable":true,"href":"https:\/\/www.europesays.com\/lv\/wp-json\/wp\/v2\/users\/2"}],"replies":[{"embeddable":true,"href":"https:\/\/www.europesays.com\/lv\/wp-json\/wp\/v2\/comments?post=101108"}],"version-history":[{"count":0,"href":"https:\/\/www.europesays.com\/lv\/wp-json\/wp\/v2\/posts\/101108\/revisions"}],"wp:featuredmedia":[{"embeddable":true,"href":"https:\/\/www.europesays.com\/lv\/wp-json\/wp\/v2\/media\/101109"}],"wp:attachment":[{"href":"https:\/\/www.europesays.com\/lv\/wp-json\/wp\/v2\/media?parent=101108"}],"wp:term":[{"taxonomy":"category","embeddable":true,"href":"https:\/\/www.europesays.com\/lv\/wp-json\/wp\/v2\/categories?post=101108"},{"taxonomy":"post_tag","embeddable":true,"href":"https:\/\/www.europesays.com\/lv\/wp-json\/wp\/v2\/tags?post=101108"}],"curies":[{"name":"wp","href":"https:\/\/api.w.org\/{rel}","templated":true}]}}