{"id":101114,"date":"2026-01-11T14:35:24","date_gmt":"2026-01-11T14:35:24","guid":{"rendered":"https:\/\/www.europesays.com\/lv\/101114\/"},"modified":"2026-01-11T14:35:24","modified_gmt":"2026-01-11T14:35:24","slug":"dzenifera-garnere-atklati-par-skirsanos-ar-benu-afleku-gimenes-izjuksana-bija-visgrutaka-lente-lv","status":"publish","type":"post","link":"https:\/\/www.europesays.com\/lv\/101114\/","title":{"rendered":"D\u017eenifera G\u0101rnere atkl\u0101ti par \u0161\u0137ir\u0161anos ar Benu Afleku: &#8220;\u0122imenes izjuk\u0161ana bija visgr\u016bt\u0101k\u0101&#8221;\u00a0\u2014\u00a0Lente.lv"},"content":{"rendered":"<p>\u0160\u0137ir\u0161an\u0101s s\u0101pes: G\u0101rnere dal\u0101s p\u0101rdom\u0101s par attiec\u012bbu beig\u0101m<\/p>\n<p>Aktrise D\u017eenifera G\u0101rnere, kura pla\u0161\u0101ku atpaz\u012bstam\u012bbu guvusi ar lomu seri\u0101l\u0101 &#8220;Alias&#8221;, p\u0113c vair\u0101ku gadu klus\u0113\u0161anas ir atkl\u0101jusi, cik s\u0101p\u012bga vi\u0146ai bijusi \u0161\u0137ir\u0161an\u0101s no aktiera Bena Afleka 2015. gad\u0101. K\u0101 zi\u0146o telekan\u0101ls TV3, G\u0101rnere intervij\u0101 izdevumam &#8220;Marie Claire UK&#8221; atzinusi, ka visliel\u0101k\u0101s gr\u016bt\u012bbas rad\u012bjis nevis publiskais skatiens un mediju spekul\u0101cijas, bet gan pa\u0161a attiec\u012bbu izir\u0161anas process un patiesas partner\u012bbas un draudz\u012bbas zaud\u0113\u0161ana. &#8220;\u0122imenes izjuk\u0161ana bija tas, kas bija gr\u016bti. Patiesas partner\u012bbas un draudz\u012bbas zaud\u0113\u0161ana bija tas, kas bija gr\u016bti,&#8221; sac\u012bja aktrise. <\/p>\n<p>G\u0101rnere un Afleks, kuri kop\u0101 audzina tr\u012bs b\u0113rnus \u2013 Violetu (20), Seraf\u012bnu (17) un Semjuelu (13) \u2013, laul\u012bb\u0101 nodz\u012bvoja desmit gadus, \u0161\u0137iroties 2015. gad\u0101 un ofici\u0101li iz\u0161\u0137iroties tr\u012bs gadus v\u0113l\u0101k. <\/p>\n<p>Sabiedr\u012bbas spiediens un person\u012bg\u0101 pieredze<\/p>\n<p>Aktrise atzina, ka, lai gan sabiedr\u012bbas spekul\u0101cijas un mediju uzman\u012bba bija liels izaicin\u0101jums, t\u0101 nebija vissare\u017e\u0123\u012bt\u0101k\u0101 da\u013ca. &#8220;Jums ir j\u0101b\u016bt gudram par to, ko j\u016bs varat un ko nevarat iztur\u0113t, un es nevar\u0113ju iztur\u0113t to, kas tur bija,&#8221; vi\u0146a teica, nor\u0101dot, ka publisk\u0101 telp\u0101 pieejam\u0101 inform\u0101cija nebija galvenais s\u0101pju avots. G\u0101rnere uzsv\u0113ra, ka pati realit\u0101te, kad \u0123imene faktiski izirst, ir bijusi vissmag\u0101k\u0101. <\/p>\n<p>Bens Afleks agr\u0101k ir atzinis, ka alkohola probl\u0113mas biju\u0161as viens no galvenajiem iemesliem vi\u0146u laul\u012bbas izir\u0161anai, 2018. gad\u0101 laikrakstam &#8220;The New York Times&#8221; sakot, ka tas bijis &#8220;liel\u0101kais vi\u0146a dz\u012bves kauns&#8221;. <\/p>\n<p>Sp\u0113ks kopien\u0101 un turpin\u0101jums<\/p>\n<p>Lai p\u0101rvar\u0113tu \u0161o gr\u016bto posmu, G\u0101rnere akt\u012bvi mekl\u0113jusi atbalstu savu tuvinieku un draugu vid\u016b. &#8220;Es cen\u0161os p\u0113c iesp\u0113jas vair\u0101k pavad\u012bt laiku ar saviem cilv\u0113kiem, jo tas ir tas, kas patie\u0161\u0101m ir svar\u012bgs,&#8221; vi\u0146a sac\u012bja, uzsverot, ka tie\u0161i attiec\u012bbas un cilv\u0113ki, kas m\u016bs atbalsta, sniedz iztur\u012bbu. <\/p>\n<p>Neskatoties uz biju\u0161o laul\u012bbas izjuk\u0161anu, G\u0101rnere un Afleks ir sp\u0113ju\u0161i uztur\u0113t cie\u0161as un cie\u0146pilnas attiec\u012bbas, kas \u013cauj vi\u0146iem veiksm\u012bgi kop\u012bgi audzin\u0101t b\u0113rnus. Aktrise ir nov\u0113rt\u0113jusi iesp\u0113ju atjaunot mier\u012bg\u0101kas partnerattiec\u012bbas ar Afleku, ko s\u0101kotn\u0113ji uzskat\u012bja par neiesp\u0113jamu. <\/p>\n<p>Karjera un person\u012bg\u0101 dz\u012bve p\u0113c \u0161\u0137ir\u0161an\u0101s<\/p>\n<p>D\u017eenifera G\u0101rnere ir turpin\u0101jusi akt\u012bvi darboties kino un telev\u012bzij\u0101, pier\u0101dot savu daudzpus\u012bbu da\u017e\u0101dos \u017eanros. Vi\u0146a ir ar\u012b veiksm\u012bga uz\u0146\u0113m\u0113ja, radot organisko b\u0113rnu p\u0101rtikas z\u012bmolu &#8220;Once Upon a Farm&#8221;, un iesaist\u0101s labdar\u012bbas darbos. <\/p>\n<p>P\u0113c \u0161\u0137ir\u0161an\u0101s Bens Afleks ir atjaunojis attiec\u012bbas ar D\u017eeniferu Lopesu, ar kuru apprec\u0113j\u0101s 2022. gad\u0101, ta\u010du p\u0101ris iz\u0161\u0137\u012br\u0101s 2024. gad\u0101. Lai gan vi\u0146u ce\u013ci ir iz\u0161\u0137\u012bru\u0161ies, G\u0101rnere un Afleks saglab\u0101ju\u0161i draudz\u012bgas attiec\u012bbas un kop\u012bgi pavada laiku ar b\u0113rniem, pat piedaloties svin\u012bb\u0101s kop\u0101. <\/p>\n","protected":false},"excerpt":{"rendered":"\u0160\u0137ir\u0161an\u0101s s\u0101pes: G\u0101rnere dal\u0101s p\u0101rdom\u0101s par attiec\u012bbu beig\u0101m Aktrise D\u017eenifera G\u0101rnere, kura pla\u0161\u0101ku atpaz\u012bstam\u012bbu guvusi ar lomu seri\u0101l\u0101&hellip;\n","protected":false},"author":2,"featured_media":101115,"comment_status":"","ping_status":"","sticky":false,"template":"","format":"standard","meta":{"footnotes":""},"categories":[19],"tags":[262,5444,24641,89,90,35,39,38,36,37,34,40,3434,1647],"class_list":{"0":"post-101114","1":"post","2":"type-post","3":"status-publish","4":"format-standard","5":"has-post-thumbnail","7":"category-izklaide","8":"tag-attiecibas","9":"tag-bens-afleks","10":"tag-dzenifera-garnere","11":"tag-entertainment","12":"tag-izklaide","13":"tag-latvia","14":"tag-latvian","15":"tag-latviesu","16":"tag-latviesu-valoda","17":"tag-latviesuvaloda","18":"tag-latvija","19":"tag-lv","20":"tag-skirsanas","21":"tag-slavenibu-dzive"},"share_on_mastodon":{"url":"https:\/\/pubeurope.com\/@lv\/115876968733605399","error":""},"_links":{"self":[{"href":"https:\/\/www.europesays.com\/lv\/wp-json\/wp\/v2\/posts\/101114","targetHints":{"allow":["GET"]}}],"collection":[{"href":"https:\/\/www.europesays.com\/lv\/wp-json\/wp\/v2\/posts"}],"about":[{"href":"https:\/\/www.europesays.com\/lv\/wp-json\/wp\/v2\/types\/post"}],"author":[{"embeddable":true,"href":"https:\/\/www.europesays.com\/lv\/wp-json\/wp\/v2\/users\/2"}],"replies":[{"embeddable":true,"href":"https:\/\/www.europesays.com\/lv\/wp-json\/wp\/v2\/comments?post=101114"}],"version-history":[{"count":0,"href":"https:\/\/www.europesays.com\/lv\/wp-json\/wp\/v2\/posts\/101114\/revisions"}],"wp:featuredmedia":[{"embeddable":true,"href":"https:\/\/www.europesays.com\/lv\/wp-json\/wp\/v2\/media\/101115"}],"wp:attachment":[{"href":"https:\/\/www.europesays.com\/lv\/wp-json\/wp\/v2\/media?parent=101114"}],"wp:term":[{"taxonomy":"category","embeddable":true,"href":"https:\/\/www.europesays.com\/lv\/wp-json\/wp\/v2\/categories?post=101114"},{"taxonomy":"post_tag","embeddable":true,"href":"https:\/\/www.europesays.com\/lv\/wp-json\/wp\/v2\/tags?post=101114"}],"curies":[{"name":"wp","href":"https:\/\/api.w.org\/{rel}","templated":true}]}}