{"id":101116,"date":"2026-01-11T14:38:07","date_gmt":"2026-01-11T14:38:07","guid":{"rendered":"https:\/\/www.europesays.com\/lv\/101116\/"},"modified":"2026-01-11T14:38:07","modified_gmt":"2026-01-11T14:38:07","slug":"reagejot-uz-uzbrukumiem-kritiskajai-infrastrukturai-vacija-stiprinas-izlukdienestus-tvnet","status":"publish","type":"post","link":"https:\/\/www.europesays.com\/lv\/101116\/","title":{"rendered":"Rea\u0123\u0113jot uz uzbrukumiem kritiskajai infrastrukt\u016brai, V\u0101cija stiprin\u0101s izl\u016bkdienestus &#8211; TVNET"},"content":{"rendered":"<ol>\n<li><a href=\"https:\/\/news.google.com\/rss\/articles\/CBMisgFBVV95cUxPdlY3Mkx2TFhqSUpISk51TW5sVU9fVGdEN1JTaGp4WmZMeWdZcU1pWXAtaWx4emtVN0lTME8yRTE2QW9KUHFwYVEwbGFCdHoxd2FZdHhVemsyb0VsbFFHeWtUMndmbmdzMWdnOVpMWHlmRzRvd3ZsdDE5bVIxZEZ1YkRmdlhnSmNULU1EYWI4LWp1dWptUTFvb1NsRU5KN0RjZC1KZEd1dkVNTjdpYkctOGhB?oc=5\" target=\"_blank\" rel=\"nofollow noopener\">Rea\u0123\u0113jot uz uzbrukumiem kritiskajai infrastrukt\u016brai, V\u0101cija stiprin\u0101s izl\u016bkdienestus<\/a>&nbsp;&nbsp;TVNET<\/li>\n<li><a href=\"https:\/\/news.google.com\/rss\/articles\/CBMi3wFBVV95cUxNOGh2UndRNUFLdVVmMFBCZ0x3QnBRQ0JhcjRoN0JlN183VUZld2FySklfZF8zS3AyQWVEWEpWT190NTFIRE5zQzJ6LXZmYWxpN3lYMnd3Uy05WndJMm1IUXlPYVhCZ211THVyeUg5RkVtU1dVbHlRek5ULTZFOVJuSmhoUk1TdFVvYXlFNzVOeGpSQ3MxYjFaUFpISnktSlZuOFNSaTNIUmo5eVRSanNYc0hzTWIxM3NZRmJFV19xMXN5NEY4TGdvZjJsOFp5MTBERVZOVnY4eWlPX2hKNjlv?oc=5\" target=\"_blank\" rel=\"nofollow noopener\">P\u0113c kreiso ekstr\u0113mistu sabot\u0101\u017eas Berl\u012bn\u0113 25 000 m\u0101jsaimniec\u012bbu joproj\u0101m bez elektr\u012bbas \/ Raksts<\/a>&nbsp;&nbsp;LSM<\/li>\n<li><a href=\"https:\/\/news.google.com\/rss\/articles\/CBMixwFBVV95cUxQV2RLMmxlRDBubnVXV1lUdGNBYXVmTVZRandUSkhZUVJ1NnZHdFhZNHZXV2ZRVXBKeUUxSmJUUE9HRi1BV3dpTk8tenZHWURKYUpGV1hwczdhUWN6aDA2c3R3Qnp2c0NVd3RESzZIVFRwNXpUQzVOTmRaS0NYT19yTE1mcXlyVU92X0RXbVk5ck56cDhDN0hLM2JYTllydmJpZ3RXa0E4dUNCYUl1ZHJPR1A1VG1keDJ6cTdncWJXcWd5UkRMQ2NJ?oc=5\" target=\"_blank\" rel=\"nofollow noopener\">50 000 cilv\u0113ku bez elektr\u012bbas jau otro dienu. Berl\u012bn\u0113 noticis elektroapg\u0101des p\u0101rr\u0101vums \u2013 ir aizdomas par sabot\u0101\u017eu<\/a>&nbsp;&nbsp;LA.LV<\/li>\n<li><a href=\"https:\/\/news.google.com\/rss\/articles\/CBMiuAFBVV95cUxON3lndkJ2VTE4NC1CVGRtamlYbUpZMHBWMXVQTFk3dHluN181NUI3MWVraEtlYkpwR0JMNWNQcVFIRDVNXzc0Nm54aDN3eng2U3paWkpTdndmRjRiaGw4RkZvT1ZiM1lXanRXeTF2SUszYVREVVdsRFFLNF9rT2hFdkIxRFd6T1hvQlNZSkc4elAyQVgxeFhrZlM5LTI0ZmVtcUJkQ3NEX2ZOY0tVdGFxanR4eXYwLTFv?oc=5\" target=\"_blank\" rel=\"nofollow noopener\">V\u0101cij\u0101 s\u0101kta terorisma izmekl\u0113\u0161ana par elektroapg\u0101des trauc\u0113jumiem Berl\u012bn\u0113<\/a>&nbsp;&nbsp;Lente.lv<\/li>\n<li><a href=\"https:\/\/news.google.com\/rss\/articles\/CBMikAFBVV95cUxPcW43Y2hGLUJLRU1vNU1WLWFVZjNNMGl6bG9IRFdEMFBtem5IVzItVVUtVUlHOUNicEhmTEZZWWdxbk5zRFFmbmZvdWJ6ZnlTYlRaVkt3Y1NJbHJVUlFjN2tIZHlvS3RxOTA4TlUyUFpqM3NndXh4TkNvR3FrMnV4RUoyNFZnd082b3ZKRU03T2s?oc=5\" target=\"_blank\" rel=\"nofollow noopener\">Aizdomas par sabot\u0101\u017eu: Berl\u012bn\u0113 masveida elektr\u012bbas p\u0101rr\u0101vums<\/a>&nbsp;&nbsp;ReTV<\/li>\n<\/ol>\n","protected":false},"excerpt":{"rendered":"Rea\u0123\u0113jot uz uzbrukumiem kritiskajai infrastrukt\u016brai, V\u0101cija stiprin\u0101s izl\u016bkdienestus&nbsp;&nbsp;TVNET P\u0113c kreiso ekstr\u0113mistu sabot\u0101\u017eas Berl\u012bn\u0113 25 000 m\u0101jsaimniec\u012bbu joproj\u0101m bez&hellip;\n","protected":false},"author":2,"featured_media":101117,"comment_status":"","ping_status":"","sticky":false,"template":"","format":"standard","meta":{"footnotes":""},"categories":[14],"tags":[23,57,3700,1804,28,29,12617,32,33,22,1571,234,17595,30,31,35,39,38,36,37,34,40,20,26,27,2197,4282,24,25,2238,299,54,55,56,21,58],"class_list":{"0":"post-101116","1":"post","2":"type-post","3":"status-publish","4":"format-standard","5":"has-post-thumbnail","7":"category-zinas-no-arvalstim","8":"tag-aktualitates","9":"tag-arvalstim","10":"tag-autoritarisma-ena-par-eiropu","11":"tag-berline","12":"tag-breaking-news","13":"tag-breakingnews","14":"tag-elektroapgade","15":"tag-featured-news","16":"tag-featurednews","17":"tag-headlines","18":"tag-hibridkars","19":"tag-krievija","20":"tag-kritiska-infrastruktura","21":"tag-latest-news","22":"tag-latestnews","23":"tag-latvia","24":"tag-latvian","25":"tag-latviesu","26":"tag-latviesu-valoda","27":"tag-latviesuvaloda","28":"tag-latvija","29":"tag-lv","30":"tag-news","31":"tag-popularakas-zinas","32":"tag-popularakaszinas","33":"tag-sabotaza","34":"tag-terorisms","35":"tag-top-stories","36":"tag-topstories","37":"tag-tvnet-arvalstis","38":"tag-vacija","39":"tag-world","40":"tag-world-news","41":"tag-worldnews","42":"tag-zinas","43":"tag-zinas-no-arvalstim"},"share_on_mastodon":{"url":"","error":"Validation failed: Text character limit of 500 exceeded"},"_links":{"self":[{"href":"https:\/\/www.europesays.com\/lv\/wp-json\/wp\/v2\/posts\/101116","targetHints":{"allow":["GET"]}}],"collection":[{"href":"https:\/\/www.europesays.com\/lv\/wp-json\/wp\/v2\/posts"}],"about":[{"href":"https:\/\/www.europesays.com\/lv\/wp-json\/wp\/v2\/types\/post"}],"author":[{"embeddable":true,"href":"https:\/\/www.europesays.com\/lv\/wp-json\/wp\/v2\/users\/2"}],"replies":[{"embeddable":true,"href":"https:\/\/www.europesays.com\/lv\/wp-json\/wp\/v2\/comments?post=101116"}],"version-history":[{"count":0,"href":"https:\/\/www.europesays.com\/lv\/wp-json\/wp\/v2\/posts\/101116\/revisions"}],"wp:featuredmedia":[{"embeddable":true,"href":"https:\/\/www.europesays.com\/lv\/wp-json\/wp\/v2\/media\/101117"}],"wp:attachment":[{"href":"https:\/\/www.europesays.com\/lv\/wp-json\/wp\/v2\/media?parent=101116"}],"wp:term":[{"taxonomy":"category","embeddable":true,"href":"https:\/\/www.europesays.com\/lv\/wp-json\/wp\/v2\/categories?post=101116"},{"taxonomy":"post_tag","embeddable":true,"href":"https:\/\/www.europesays.com\/lv\/wp-json\/wp\/v2\/tags?post=101116"}],"curies":[{"name":"wp","href":"https:\/\/api.w.org\/{rel}","templated":true}]}}