{"id":101122,"date":"2026-01-11T14:44:13","date_gmt":"2026-01-11T14:44:13","guid":{"rendered":"https:\/\/www.europesays.com\/lv\/101122\/"},"modified":"2026-01-11T14:44:13","modified_gmt":"2026-01-11T14:44:13","slug":"runa-ir-ne-tikai-par-ukrainu-eksperts-les-ka-sis-varetu-klut-par-desmitgades-bistamako-gadu","status":"publish","type":"post","link":"https:\/\/www.europesays.com\/lv\/101122\/","title":{"rendered":"\u201cRuna ir ne tikai par Ukrainu!\u201d Eksperts l\u0113\u0161, ka \u0161is var\u0113tu k\u013c\u016bt par desmitgades b\u012bstam\u0101ko gadu"},"content":{"rendered":"<p>    <img decoding=\"async\" src=\"https:\/\/www.europesays.com\/lv\/wp-content\/uploads\/2026\/01\/47rs220228b915-1-800x534.jpg\" alt=\"&#10;\"\/><\/p>\n<p>Foto: REUTERS\/SCANPIX\/LETA\n<\/p>\n<p>16:15, 11. janv\u0101ris 2026<\/p>\n<p>\u201cDom\u0101jot par 2026. gadu, es izt\u0113lojos n\u0101kotni ar v\u0113l liel\u0101ku haosu nek\u0101 2025. gad\u0101. Man ir saj\u016bta, ka \u0161\u012b nestabilit\u0101te tikai pasliktin\u0101sies. Un runa ir ne tikai par Ukrainu \u2014 visa pasaule non\u0101k jaun\u0101 turbulences f\u0101z\u0113,\u201d soci\u0101laj\u0101 vietn\u0113 \u201cFacebook\u201d raksta ukrai\u0146u publicists Vit\u0101lijs Port\u0146ikovs.<\/p>\n<p>        Las\u012bt\u0101kie<br \/>\n        <a data-imagesrc=\"{&quot;300&quot;:&quot;https:\\\/\\\/lastatic.ams3.cdn.digitaloceanspaces.com\\\/2026\\\/01\\\/mi-300x200.png&quot;,&quot;1024&quot;:&quot;https:\\\/\\\/lastatic.ams3.cdn.digitaloceanspaces.com\\\/2026\\\/01\\\/mi-1024x683.png&quot;,&quot;500&quot;:&quot;https:\\\/\\\/lastatic.ams3.cdn.digitaloceanspaces.com\\\/2026\\\/01\\\/mi-500x333.png&quot;,&quot;800&quot;:&quot;https:\\\/\\\/lastatic.ams3.cdn.digitaloceanspaces.com\\\/2026\\\/01\\\/mi-800x533.png&quot;,&quot;1536&quot;:&quot;https:\\\/\\\/lastatic.ams3.cdn.digitaloceanspaces.com\\\/2026\\\/01\\\/mi.png&quot;}\" data-focuspoint=\"&quot;&quot;\" data-p=\"2491547\" href=\"https:\/\/www.la.lv\/paregojums-par-2026-gadu-piepildijies-tikai-nedelu-pec-gada-sakuma-gaisrege-aicina-gatavoties-talakajam\" class=\"content-item lazy-load\" wp_automatic_readability=\"26.5\" rel=\"nofollow noopener\" target=\"_blank\"><\/p>\n<p>                                <img decoding=\"async\" src=\"\" alt=\"\" style=\"\" data-imageid=\"\"\/><\/p>\n<p>                                Kokteilis<\/p>\n<p>\n                                                Pare\u0123ojums par 2026. gadu piepild\u012bjies tikai ned\u0113\u013cu p\u0113c gada s\u0101kuma: gai\u0161re\u0123e aicina gatavoties t\u0101l\u0101kajam\n                            <\/p>\n<p><\/a><a data-imagesrc=\"{&quot;300&quot;:&quot;https:\\\/\\\/lastatic.ams3.cdn.digitaloceanspaces.com\\\/2026\\\/01\\\/LET_9547010-300x200.jpg&quot;,&quot;1024&quot;:&quot;https:\\\/\\\/lastatic.ams3.cdn.digitaloceanspaces.com\\\/2026\\\/01\\\/LET_9547010-1024x683.jpg&quot;,&quot;1536&quot;:&quot;https:\\\/\\\/lastatic.ams3.cdn.digitaloceanspaces.com\\\/2026\\\/01\\\/LET_9547010-1536x1024.jpg&quot;,&quot;500&quot;:&quot;https:\\\/\\\/lastatic.ams3.cdn.digitaloceanspaces.com\\\/2026\\\/01\\\/LET_9547010-500x333.jpg&quot;,&quot;800&quot;:&quot;https:\\\/\\\/lastatic.ams3.cdn.digitaloceanspaces.com\\\/2026\\\/01\\\/LET_9547010-800x533.jpg&quot;,&quot;2560&quot;:&quot;https:\\\/\\\/lastatic.ams3.cdn.digitaloceanspaces.com\\\/2026\\\/01\\\/LET_9547010-scaled.jpg&quot;}\" data-focuspoint=\"&quot;&quot;\" data-p=\"2489646\" href=\"https:\/\/www.la.lv\/tehniskas-apskates-laika-notiek-divainas-lietas-fenomens-par-kuru-neviens-skali-neruna\" class=\"content-item lazy-load\" wp_automatic_readability=\"26.5\" rel=\"nofollow noopener\" target=\"_blank\"><\/p>\n<p>                                <img decoding=\"async\" src=\"\" alt=\"\" style=\"\" data-imageid=\"\"\/><\/p>\n<p>\n                                                Tehnisk\u0101s apskates laik\u0101 notiek d\u012bvainas lietas \u2013 fenomens, par kuru neviens ska\u013ci nerun\u0101\n                            <\/p>\n<p><\/a><a data-imagesrc=\"{&quot;300&quot;:&quot;https:\\\/\\\/lastatic.ams3.cdn.digitaloceanspaces.com\\\/2026\\\/01\\\/FotoJet-22-300x200.jpg&quot;,&quot;1024&quot;:&quot;https:\\\/\\\/lastatic.ams3.cdn.digitaloceanspaces.com\\\/2026\\\/01\\\/FotoJet-22-1024x683.jpg&quot;,&quot;1536&quot;:&quot;https:\\\/\\\/lastatic.ams3.cdn.digitaloceanspaces.com\\\/2026\\\/01\\\/FotoJet-22-1536x1024.jpg&quot;,&quot;500&quot;:&quot;https:\\\/\\\/lastatic.ams3.cdn.digitaloceanspaces.com\\\/2026\\\/01\\\/FotoJet-22-500x333.jpg&quot;,&quot;800&quot;:&quot;https:\\\/\\\/lastatic.ams3.cdn.digitaloceanspaces.com\\\/2026\\\/01\\\/FotoJet-22-800x533.jpg&quot;,&quot;1800&quot;:&quot;https:\\\/\\\/lastatic.ams3.cdn.digitaloceanspaces.com\\\/2026\\\/01\\\/FotoJet-22.jpg&quot;}\" data-focuspoint=\"&quot;&quot;\" data-p=\"2492223\" href=\"https:\/\/www.la.lv\/foto-luk-sadas-personibas-maina-liktenus-serojosa-sieva-un-daudzi-sabiedriba-zinami-cilveki-atvadas-no-imanta-freiberga\" class=\"content-item lazy-load\" wp_automatic_readability=\"27\" rel=\"nofollow noopener\" target=\"_blank\"><\/p>\n<p>                                <img decoding=\"async\" src=\"\" alt=\"\" style=\"\" data-imageid=\"\"\/><\/p>\n<p>                                            FOTO. \u201cL\u016bk, \u0161\u0101das person\u012bbas maina likte\u0146us!\u201d S\u0113rojo\u0161\u0101 sieva un daudzi sabiedr\u012bb\u0101 zin\u0101mi cilv\u0113ki atvad\u0101s no Imanta Freiberga\n                            <\/p>\n<p><\/a><br \/>\n        <a class=\"read-more\" href=\"https:\/\/www.la.lv\/top\" rel=\"nofollow noopener\" target=\"_blank\">Las\u012bt citas zi\u0146as<\/a><\/p>\n<p>Eksperts atkl\u0101ti dal\u012bjies p\u0101rdom\u0101s, ko \u0161is gads var\u0113tu nest. \u201cKo tas noz\u012bm\u0113 praks\u0113? Sarunas starp Ukrainu un Krieviju turpin\u0101sies, ta\u010du bez re\u0101la izr\u0101viena. Tikm\u0113r ASV un citas Rietumvalstis palielin\u0101s spiedienu uz Kremli. Karadarb\u012bba turpin\u0101sies. T\u0101 b\u016bs maz\u0101k intens\u012bva nek\u0101 2025. gada otraj\u0101 pus\u0113, ta\u010du t\u0101 paliks sist\u0113miska. Krievija turpin\u0101s uzbrukt m\u016bsu ener\u0123\u0113tikas infrastrukt\u016brai, \u012bpa\u0161i D\u0146epras kreisaj\u0101 krast\u0101. Vi\u0146u m\u0113r\u0137is ir atkal izprovoc\u0113t liela m\u0113roga elektroener\u0123ijas padeves p\u0101rtraukumus un atsp\u0113jot sist\u0113mu. <\/p>\n<p>Savuk\u0101rt Ukraina turpin\u0101s uzbrukt Krievijas naftas p\u0101rstr\u0101des infrastrukt\u016brai, graujot t\u0101s naftas ie\u0146\u0113mumus. \u0160is process jau s\u0101k darboties saist\u012bb\u0101 ar jaunaj\u0101m ASV sankcij\u0101m, kas ir ieviestas un tiks papla\u0161in\u0101tas. <\/p>\n<p>    CITI \u0160OBR\u012aD LASA<\/p>\n<p>Ta\u010du \u0161\u012b ir tikai da\u013ca no pla\u0161\u0101kiem glob\u0101liem nemieriem. Krievijas hibr\u012bdkar\u0161 pret Eiropas valst\u012bm k\u013c\u016bst arvien redzam\u0101ka un satrauco\u0161\u0101ka tendence. <\/p>\n<blockquote><p>Un, jo skaidr\u0101ks Kremlim k\u013c\u016bs, ka tas nevar g\u016bt iz\u0161\u0137iro\u0161us pan\u0101kumus front\u0113, jo akt\u012bv\u0101k tas mekl\u0113s veidus, k\u0101 destabiliz\u0113t situ\u0101ciju \u0101rpus Ukrainas robe\u017e\u0101m,\u201d savu viedokli pau\u017e \u017eurn\u0101lists. <\/p><\/blockquote>\n<p>\u201cTom\u0113r uzbrukumi m\u016bsu infrastrukt\u016brai nenoved\u012bs pie t\u0101das kapitul\u0101cijas, k\u0101du Maskava v\u0113las; tas jau ir pier\u0101d\u012bjies. Visvair\u0101k mani uztrauc cits scen\u0101rijs: potenci\u0101ls konflikts, kas teor\u0113tiski var\u0113tu sa\u0161\u0137elt Rietumus. Visb\u012bstam\u0101kais variants ir ASV milit\u0101rs m\u0113\u0123in\u0101jums ieg\u016bt kontroli p\u0101r Grenlandi. T\u0101 b\u016btu politiska katastrofa, ap\u0161aub\u012btu NATO n\u0101kotni un izrais\u012btu dzi\u013cu plaisu Eiropas Savien\u012bb\u0101. <\/p>\n<p>Es neuzskatu \u0161o scen\u0101riju par ticamu, bet risks diem\u017e\u0113l past\u0101v. Tas noz\u012bm\u0113 ar\u012b pak\u0101peniskas Rietumu vienot\u012bbas v\u0101jin\u0101\u0161an\u0101s draudus. <\/p>\n<p>Papildus tam notiek attiec\u012bbu eskal\u0101cija starp ASV un \u0136\u012bnu. Pekina, visticam\u0101k, izmantos glob\u0101lo spriedzi, lai nostiprin\u0101tu savu poz\u012bciju re\u0123ion\u0101. Lai gan konflikts par Taiv\u0101nu, iesp\u0113jams, neizcelsies jau 2026. gad\u0101, Sji Dzji\u0146pina flirts ar konfront\u0101ciju turpin\u0101sies. Iesp\u0113jams, vi\u0146\u0161 m\u0113\u0123in\u0101s izmantot Taiv\u0101nu k\u0101 spiediena un \u0161ant\u0101\u017eas instrumentu pret Donaldu Trampu. Tas viss notiks ASV v\u0113l\u0113\u0161anu kampa\u0146as fon\u0101. Daudzi Trampa administr\u0101cijas l\u0113mumi, lai ar\u012b \u0161\u0137ietami nelo\u0123iski no \u0101rpolitikas viedok\u013ca, b\u016bs piln\u012bgi racion\u0101li no vi\u0146a person\u012bg\u0101s c\u012b\u0146as par varas saglab\u0101\u0161anu viedok\u013ca. Gandr\u012bz noteikti vi\u0146\u0161 kampa\u0146\u0101 vad\u012bs saukli: \u201cRepublik\u0101\u0146i vai imp\u012b\u010dments\u201d. Vai imp\u012b\u010dments ir iesp\u0113jams? No pirm\u0101 acu uzmetiena n\u0113. Demokr\u0101ti var ieg\u016bt vair\u0101kumu P\u0101rst\u0101vju pal\u0101t\u0101, ta\u010du maz ticams, ka vi\u0146i nodro\u0161in\u0101s 67 balsis Sen\u0101t\u0101, kas nepiecie\u0161amas Trampa atcel\u0161anai no amata. Tom\u0113r pat imp\u012b\u010dmenta draudi jau ir destabiliz\u0113jo\u0161s faktors.<\/p>\n<p>Demokr\u0101tu uzvara p\u0101rv\u0113rstu Trampu par klibu p\u012bli ilgi pirms 2028. gada, un jaut\u0101jums par p\u0113cteci k\u013c\u016btu par jut\u012bgu t\u0113mu ne tikai republik\u0101\u0146iem, bet ar\u012b demokr\u0101tiem. Tas ar\u012b grautu sist\u0113mu. <\/p>\n<p>Es nep\u0101rsp\u012bl\u0113ju, sakot, ka 2026. gads b\u016bs politisk\u0101s un ekonomisk\u0101s nenoteikt\u012bbas gads. Un potenci\u0101lu katastrofu gads,\u201d tie\u0161s sav\u0101 viedokl\u012b ir ukrai\u0146u eksperts.  <\/p>\n<p>T\u0113mas<\/p>\n<p>    SAIST\u012aTIE RAKSTI<\/p>\n","protected":false},"excerpt":{"rendered":"Foto: REUTERS\/SCANPIX\/LETA 16:15, 11. janv\u0101ris 2026 \u201cDom\u0101jot par 2026. gadu, es izt\u0113lojos n\u0101kotni ar v\u0113l liel\u0101ku haosu nek\u0101&hellip;\n","protected":false},"author":2,"featured_media":86300,"comment_status":"","ping_status":"","sticky":false,"template":"","format":"standard","meta":{"footnotes":""},"categories":[14],"tags":[23,57,28,29,32,33,22,30,31,35,39,38,36,37,34,40,20,26,27,24,25,54,55,56,21,58],"class_list":{"0":"post-101122","1":"post","2":"type-post","3":"status-publish","4":"format-standard","5":"has-post-thumbnail","7":"category-zinas-no-arvalstim","8":"tag-aktualitates","9":"tag-arvalstim","10":"tag-breaking-news","11":"tag-breakingnews","12":"tag-featured-news","13":"tag-featurednews","14":"tag-headlines","15":"tag-latest-news","16":"tag-latestnews","17":"tag-latvia","18":"tag-latvian","19":"tag-latviesu","20":"tag-latviesu-valoda","21":"tag-latviesuvaloda","22":"tag-latvija","23":"tag-lv","24":"tag-news","25":"tag-popularakas-zinas","26":"tag-popularakaszinas","27":"tag-top-stories","28":"tag-topstories","29":"tag-world","30":"tag-world-news","31":"tag-worldnews","32":"tag-zinas","33":"tag-zinas-no-arvalstim"},"share_on_mastodon":{"url":"https:\/\/pubeurope.com\/@lv\/115877004160551565","error":""},"_links":{"self":[{"href":"https:\/\/www.europesays.com\/lv\/wp-json\/wp\/v2\/posts\/101122","targetHints":{"allow":["GET"]}}],"collection":[{"href":"https:\/\/www.europesays.com\/lv\/wp-json\/wp\/v2\/posts"}],"about":[{"href":"https:\/\/www.europesays.com\/lv\/wp-json\/wp\/v2\/types\/post"}],"author":[{"embeddable":true,"href":"https:\/\/www.europesays.com\/lv\/wp-json\/wp\/v2\/users\/2"}],"replies":[{"embeddable":true,"href":"https:\/\/www.europesays.com\/lv\/wp-json\/wp\/v2\/comments?post=101122"}],"version-history":[{"count":0,"href":"https:\/\/www.europesays.com\/lv\/wp-json\/wp\/v2\/posts\/101122\/revisions"}],"wp:featuredmedia":[{"embeddable":true,"href":"https:\/\/www.europesays.com\/lv\/wp-json\/wp\/v2\/media\/86300"}],"wp:attachment":[{"href":"https:\/\/www.europesays.com\/lv\/wp-json\/wp\/v2\/media?parent=101122"}],"wp:term":[{"taxonomy":"category","embeddable":true,"href":"https:\/\/www.europesays.com\/lv\/wp-json\/wp\/v2\/categories?post=101122"},{"taxonomy":"post_tag","embeddable":true,"href":"https:\/\/www.europesays.com\/lv\/wp-json\/wp\/v2\/tags?post=101122"}],"curies":[{"name":"wp","href":"https:\/\/api.w.org\/{rel}","templated":true}]}}