{"id":101123,"date":"2026-01-11T14:45:11","date_gmt":"2026-01-11T14:45:11","guid":{"rendered":"https:\/\/www.europesays.com\/lv\/101123\/"},"modified":"2026-01-11T14:45:11","modified_gmt":"2026-01-11T14:45:11","slug":"tragedija-stopinos-opel-vaditajs-ietriecas-cela-barjera-un-mirst-notikuma-vieta-tv3-lv","status":"publish","type":"post","link":"https:\/\/www.europesays.com\/lv\/101123\/","title":{"rendered":"Tra\u0123\u0113dija Stopi\u0146os. \u201cOpel\u201d vad\u012bt\u0101js ietriecas ce\u013ca barjer\u0101 un mirst notikuma viet\u0101 &#8211; tv3.lv"},"content":{"rendered":"<ol>\n<li><a href=\"https:\/\/news.google.com\/rss\/articles\/CBMiwgFBVV95cUxPYlBmS2hZTkJSVGxlLS01bFhmM2pLdUw5bmJuM1BOZWp5ZXlBcXkwSUpaeW9RWHVaMERvaFBSTmc3d0xNOGlfd0VtNGRHQWFTZDJWbmprQ2hSemN5dUE0VHdaS1llVW9XT3N2enUwWS1vN2FxT1NmTzV5Q053MVBFbGcxYmVmYUx3cGNZcnhiakRuNWZ0RzM1M28tckFGVjNPRkRuY25hMzlraUptblJrbHBsUS1FWFM3a3lQa2F5SVpiUQ?oc=5\" target=\"_blank\" rel=\"nofollow noopener\">Tra\u0123\u0113dija Stopi\u0146os. \u201cOpel\u201d vad\u012bt\u0101js ietriecas ce\u013ca barjer\u0101 un mirst notikuma viet\u0101<\/a>&nbsp;&nbsp;tv3.lv<\/li>\n<li><a href=\"https:\/\/news.google.com\/rss\/articles\/CBMi1AFBVV95cUxNNXlIZS1SODBQWUZzaWlNWHNKLTlNNlJ1REsxai05LTc0Wmo4TmROMEwwdVhkVE9vTzdPOGpGb2l6QzBSaUM1TkFnTW9FdHRuWlZSdDBSZDl3b2xpMFpWcThtRUlQUFU5ck05d1VlTzN0a1VPbVZRamJ3SEkyX291QXNkWkdMX1hscGl3Y2JfdVJwT2lGRElXeFpoZEdZdEhPbXhZbWRUTnpxem04Wi1iY1N0cnpYWWcxSDY3NlRGWEk0UjE5RHl5U1UxWk5LU1VtaVZEag?oc=5\" target=\"_blank\" rel=\"nofollow noopener\">Ce\u013cu satiksmes negad\u012bjum\u0101 Ulbrok\u0101 g\u0101jis boj\u0101 automa\u0161\u012bnas vad\u012bt\u0101js<\/a>&nbsp;&nbsp;Apri\u0146\u0137is<\/li>\n<li><a href=\"https:\/\/news.google.com\/rss\/articles\/CBMiswFBVV95cUxQeTRJWHAxZDdfZVhjSlFnZWJjSDhkaDRjTkpqTy1zOGxVc0JiTU43SVd2TEU1cDBsaGhYMUZDNUg3ZHhiMkVBNXJ1NVFIZElxMDFBYmNkVV9GTHc3VVNZaTl2c2I1WFl2a190UVlsbXNmUWYyR2l3enVIUm5CaTJYVkFrM202TVJwTHNiekFla1JHQl9WLVF4Y0VfZTR6TERoR0hKQTYzM0dVblZ6T2ptMXhrMA?oc=5\" target=\"_blank\" rel=\"nofollow noopener\">Ulbrok\u0101 satiksmes negad\u012bjum\u0101 boj\u0101ts &#8220;Opel Meriva&#8221; vad\u012bt\u0101js<\/a>&nbsp;&nbsp;Lente.lv<\/li>\n<li><a href=\"https:\/\/news.google.com\/rss\/articles\/CBMizgFBVV95cUxOY3JlcDRyOVc3MDMzVXpadV9FZkZENERhcERyejF5YlNBX0c3aDlGSGkwODMzSnNVVk51VkpiWHdGUjhxNlRWT2FqTkNFc3NYUVByQ3FFckNnSUYyMlVtU1o2TmdnbDExSXE3UURfbjBiZ2gwY0pVQngyVjRDTEN0THdMODVGY2pDbnlFWXJQd24tT1RoYnJxTGVIcjctN2FSbDhTSHpMX2dhZzhYQlZ6U0hEQlltMFhyVV9qTUpBMHNWX214Sk1tUl93MU85QQ?oc=5\" target=\"_blank\" rel=\"nofollow noopener\">Tra\u0123\u0113dija Stopi\u0146os: &#8220;Opel&#8221; vad\u012bt\u0101js zaud\u0113 dz\u012bv\u012bbu p\u0113c ietriek\u0161an\u0101s ce\u013ca barjer\u0101<\/a>&nbsp;&nbsp;Lente.lv<\/li>\n<li><a href=\"https:\/\/news.google.com\/rss\/articles\/CBMinAFBVV95cUxQTFZnVkRwS25JWnNhb0FVZEpZQXRUX2NRRWFPc00xZzJjb3RXTV9PcnUtbVhLWlpEek5VVnNIWmx6VmstdUpNaGkwU1VlSTVpaHVRRG9EVHZpX0RGaEwtNkR1cHpCelNSYnR3bTlZejhhMl9yOTQyR3EyLXdsVE5LQTQzajRoVGQ3YXozNTFLN2VGQzdpUTgxTXQzR3U?oc=5\" target=\"_blank\" rel=\"nofollow noopener\">Sniegotaj\u0101 sestdien\u0101 Latvij\u0101 re\u0123istr\u0113ti 172 ce\u013cu satiksmes negad\u012bjumi; viens cilv\u0113ks g\u0101jis boj\u0101<\/a>&nbsp;&nbsp;NRA<\/li>\n<\/ol>\n","protected":false},"excerpt":{"rendered":"Tra\u0123\u0113dija Stopi\u0146os. \u201cOpel\u201d vad\u012bt\u0101js ietriecas ce\u013ca barjer\u0101 un mirst notikuma viet\u0101&nbsp;&nbsp;tv3.lv Ce\u013cu satiksmes negad\u012bjum\u0101 Ulbrok\u0101 g\u0101jis boj\u0101 automa\u0161\u012bnas&hellip;\n","protected":false},"author":2,"featured_media":101124,"comment_status":"","ping_status":"","sticky":false,"template":"","format":"standard","meta":{"footnotes":""},"categories":[12],"tags":[23,24643,28,29,32,33,22,30,31,35,39,38,36,37,34,40,20,26,27,24,25,21],"class_list":{"0":"post-101123","1":"post","2":"type-post","3":"status-publish","4":"format-standard","5":"has-post-thumbnail","7":"category-latvija","8":"tag-aktualitates","9":"tag-avarijaboja-gajusiecelu-satiksmes-negadijumsopelstopiniulbroka","10":"tag-breaking-news","11":"tag-breakingnews","12":"tag-featured-news","13":"tag-featurednews","14":"tag-headlines","15":"tag-latest-news","16":"tag-latestnews","17":"tag-latvia","18":"tag-latvian","19":"tag-latviesu","20":"tag-latviesu-valoda","21":"tag-latviesuvaloda","22":"tag-latvija","23":"tag-lv","24":"tag-news","25":"tag-popularakas-zinas","26":"tag-popularakaszinas","27":"tag-top-stories","28":"tag-topstories","29":"tag-zinas"},"share_on_mastodon":{"url":"https:\/\/pubeurope.com\/@lv\/115877008081994253","error":""},"_links":{"self":[{"href":"https:\/\/www.europesays.com\/lv\/wp-json\/wp\/v2\/posts\/101123","targetHints":{"allow":["GET"]}}],"collection":[{"href":"https:\/\/www.europesays.com\/lv\/wp-json\/wp\/v2\/posts"}],"about":[{"href":"https:\/\/www.europesays.com\/lv\/wp-json\/wp\/v2\/types\/post"}],"author":[{"embeddable":true,"href":"https:\/\/www.europesays.com\/lv\/wp-json\/wp\/v2\/users\/2"}],"replies":[{"embeddable":true,"href":"https:\/\/www.europesays.com\/lv\/wp-json\/wp\/v2\/comments?post=101123"}],"version-history":[{"count":0,"href":"https:\/\/www.europesays.com\/lv\/wp-json\/wp\/v2\/posts\/101123\/revisions"}],"wp:featuredmedia":[{"embeddable":true,"href":"https:\/\/www.europesays.com\/lv\/wp-json\/wp\/v2\/media\/101124"}],"wp:attachment":[{"href":"https:\/\/www.europesays.com\/lv\/wp-json\/wp\/v2\/media?parent=101123"}],"wp:term":[{"taxonomy":"category","embeddable":true,"href":"https:\/\/www.europesays.com\/lv\/wp-json\/wp\/v2\/categories?post=101123"},{"taxonomy":"post_tag","embeddable":true,"href":"https:\/\/www.europesays.com\/lv\/wp-json\/wp\/v2\/tags?post=101123"}],"curies":[{"name":"wp","href":"https:\/\/api.w.org\/{rel}","templated":true}]}}