{"id":101125,"date":"2026-01-11T14:46:09","date_gmt":"2026-01-11T14:46:09","guid":{"rendered":"https:\/\/www.europesays.com\/lv\/101125\/"},"modified":"2026-01-11T14:46:09","modified_gmt":"2026-01-11T14:46:09","slug":"jau-sovakar-raidijuma-divi-krauzes-viesosies-maestro-raimonds-pauls-un-vinam-tuvi-skatuves-makslinieki","status":"publish","type":"post","link":"https:\/\/www.europesays.com\/lv\/101125\/","title":{"rendered":"Jau \u0161ovakar raid\u012bjum\u0101 \u201cDivi Krauzes\u201d viesosies maestro Raimonds Pauls un vi\u0146am tuvi skatuves m\u0101kslinieki"},"content":{"rendered":"<p class=\"lead mb-md-2 mb-1 js-tv3-orphus\">Sv\u0113tdienas, 11. janv\u0101ra, izska\u0146\u0101, skaties raid\u012bjumu \u201cDivi Krauzes un Raimonds Pauls\u201d, kur\u0101 viesosies pats maestro un skatuves kol\u0113\u0123i ar kuriem vi\u0146\u0161 sadarbojas. Baudi sirsn\u012bgu, muzik\u0101lu, jautru, atmi\u0146\u0101m bag\u0101tu sv\u0113tdienas nosl\u0113gumu!\n<\/p>\n<p>Jau \u0161ovakar, plkst.20:30, skaties raid\u012bjuma speci\u0101lizlaidumu kan\u0101l\u0101 TV3 un kop\u0101 ar raid\u012bjuma viesiem \u2013 Intaru Busuli, Viktoru Lap\u010denoku, \u017dor\u017eu Siksnu, Zigfr\u012bdu Muktup\u0101velu, Margaritu Vilc\u0101ni un citiem, gremd\u0113jies atmi\u0146\u0101s par Raimondu Paulu.<\/p>\n","protected":false},"excerpt":{"rendered":"Sv\u0113tdienas, 11. janv\u0101ra, izska\u0146\u0101, skaties raid\u012bjumu \u201cDivi Krauzes un Raimonds Pauls\u201d, kur\u0101 viesosies pats maestro un skatuves kol\u0113\u0123i&hellip;\n","protected":false},"author":2,"featured_media":101126,"comment_status":"","ping_status":"","sticky":false,"template":"","format":"standard","meta":{"footnotes":""},"categories":[5],"tags":[23,28,29,24644,32,33,22,30,31,35,39,38,36,37,34,40,20,26,27,24,25,21],"class_list":{"0":"post-101125","1":"post","2":"type-post","3":"status-publish","4":"format-standard","5":"has-post-thumbnail","7":"category-aktualitates","8":"tag-aktualitates","9":"tag-breaking-news","10":"tag-breakingnews","11":"tag-divi-krauzesmaestro-raimonds-pauls","12":"tag-featured-news","13":"tag-featurednews","14":"tag-headlines","15":"tag-latest-news","16":"tag-latestnews","17":"tag-latvia","18":"tag-latvian","19":"tag-latviesu","20":"tag-latviesu-valoda","21":"tag-latviesuvaloda","22":"tag-latvija","23":"tag-lv","24":"tag-news","25":"tag-popularakas-zinas","26":"tag-popularakaszinas","27":"tag-top-stories","28":"tag-topstories","29":"tag-zinas"},"share_on_mastodon":{"url":"https:\/\/pubeurope.com\/@lv\/115877012099739448","error":""},"_links":{"self":[{"href":"https:\/\/www.europesays.com\/lv\/wp-json\/wp\/v2\/posts\/101125","targetHints":{"allow":["GET"]}}],"collection":[{"href":"https:\/\/www.europesays.com\/lv\/wp-json\/wp\/v2\/posts"}],"about":[{"href":"https:\/\/www.europesays.com\/lv\/wp-json\/wp\/v2\/types\/post"}],"author":[{"embeddable":true,"href":"https:\/\/www.europesays.com\/lv\/wp-json\/wp\/v2\/users\/2"}],"replies":[{"embeddable":true,"href":"https:\/\/www.europesays.com\/lv\/wp-json\/wp\/v2\/comments?post=101125"}],"version-history":[{"count":0,"href":"https:\/\/www.europesays.com\/lv\/wp-json\/wp\/v2\/posts\/101125\/revisions"}],"wp:featuredmedia":[{"embeddable":true,"href":"https:\/\/www.europesays.com\/lv\/wp-json\/wp\/v2\/media\/101126"}],"wp:attachment":[{"href":"https:\/\/www.europesays.com\/lv\/wp-json\/wp\/v2\/media?parent=101125"}],"wp:term":[{"taxonomy":"category","embeddable":true,"href":"https:\/\/www.europesays.com\/lv\/wp-json\/wp\/v2\/categories?post=101125"},{"taxonomy":"post_tag","embeddable":true,"href":"https:\/\/www.europesays.com\/lv\/wp-json\/wp\/v2\/tags?post=101125"}],"curies":[{"name":"wp","href":"https:\/\/api.w.org\/{rel}","templated":true}]}}