{"id":10114,"date":"2025-10-02T03:14:09","date_gmt":"2025-10-02T03:14:09","guid":{"rendered":"https:\/\/www.europesays.com\/lv\/10114\/"},"modified":"2025-10-02T03:14:09","modified_gmt":"2025-10-02T03:14:09","slug":"arsti-strada-nerealas-slodzes-sistema-neefektiva-lente-lv","status":"publish","type":"post","link":"https:\/\/www.europesays.com\/lv\/10114\/","title":{"rendered":"\u0100rsti str\u0101d\u0101 nere\u0101las slodzes, sist\u0113ma neefekt\u012bva\u00a0\u2014\u00a0Lente.lv"},"content":{"rendered":"<p>Vesel\u012bbas ministrija izsaka p\u0101rsteigumu par Valsts kontroles rev\u012bzijas atkl\u0101jumiem par \u0101rstu darba slodz\u0113m<\/p>\n<p>Vesel\u012bbas ministrija (VM) ir p\u0101rsteigta par Valsts kontroles (VK) rev\u012bzij\u0101 konstat\u0113taj\u0101m probl\u0113m\u0101m, \u012bpa\u0161i par speci\u0101listiem, kas it k\u0101 str\u0101d\u0101 neiesp\u0113jamas darba slodzes. \u0160\u0101du inform\u0101ciju ministrijai iepriek\u0161 nebija sniegts. \u0160is atkl\u0101jums tika izteikts Saeimas Juridisk\u0101s komisijas Krimin\u0101lties\u012bbu un sodu politikas apak\u0161komisijas s\u0113d\u0113, kur\u0101 piedal\u012bj\u0101s ar\u012b VM Vesel\u012bbas apr\u016bpes departamenta direktore Sanita Janka. Zi\u0146ojums, kas tika publiskots 2025. gada septembra beig\u0101s, izgaismo satrauco\u0161u ainu Latvijas stacion\u0101raj\u0101 vesel\u012bbas apr\u016bp\u0113, nor\u0101dot uz sist\u0113mas neefektivit\u0101ti un nepareizu finan\u0161u l\u012bdzek\u013cu prioritiz\u0101ciju. Valsts kontrole nor\u0101da, ka aptuveni 700 miljoni eiro gad\u0101, kas ir gandr\u012bz 40% no visa vesel\u012bbas apr\u016bpes bud\u017eeta, tiek izlietoti slimn\u012bcu t\u012bkla uztur\u0113\u0161anai, nevis pacientu tie\u0161aj\u0101m vajadz\u012bb\u0101m .<\/p>\n<p>Valsts kontroles rev\u012bzijas galvenie secin\u0101jumi<\/p>\n<p>Valsts kontroles veikt\u0101 lietder\u012bbas rev\u012bzija par stacion\u0101r\u0101s vesel\u012bbas apr\u016bpes pl\u0101no\u0161anu un organiz\u0113\u0161anu Latvij\u0101 atkl\u0101j vair\u0101kas b\u016btiskas probl\u0113mas. Viens no satrauco\u0161\u0101kajiem atkl\u0101jumiem ir saist\u012bts ar \u0101rstu darba slodz\u0113m. Rev\u012bzij\u0101 identific\u0113tas situ\u0101cijas, kur\u0101s sertific\u0113ti un pat nesertific\u0113ti \u0101rsti str\u0101d\u0101 neiesp\u0113jami daudz stundu m\u0113nes\u012b \u2013 l\u012bdz pat 452 stund\u0101m, kas ir vair\u0101k nek\u0101 tr\u012bs reizes p\u0101rsniedz norm\u0101lo darba laiku . \u0160\u0101das slodzes ir vienk\u0101r\u0161i nere\u0101las un liecina par nopietniem tr\u016bkumiem darba organiz\u0113\u0161an\u0101 un uzskait\u0113. Turkl\u0101t daudz\u0101s uz\u0146em\u0161anas noda\u013c\u0101s netiek nodro\u0161in\u0101tas vair\u0101k nek\u0101 puse no nepiecie\u0161amaj\u0101m de\u017e\u016br\u0101m, un t\u0101s bie\u017ei pilda nesertific\u0113ti \u0101rsti .<\/p>\n<p>Zi\u0146ojum\u0101 ar\u012b uzsv\u0113rts, ka pirms devi\u0146iem gadiem izstr\u0101d\u0101tie priek\u0161likumi slimn\u012bcu t\u012bkla optimiz\u0101cijai nav tiku\u0161i \u012bstenoti. T\u0101 viet\u0101 slimn\u012bcu skaits pat ir audzis, radot absurdu situ\u0101ciju, kur\u0101 valsts uztur sadrumstalotu slimn\u012bcu t\u012bklu, kas nav efekt\u012bvs un neatbilst pacientu interes\u0113m. Valsts kontrole secina, ka pa\u0161reiz\u0113j\u0101 finans\u0113\u0161anas sist\u0113ma ir gan sare\u017e\u0123\u012bta, gan netaisn\u012bga. Liel\u0101s slimn\u012bcas sa\u0146em maz\u0101k l\u012bdzek\u013cu nek\u0101 nepiecie\u0161ams, kam\u0113r maz\u0101s tiek subsid\u0113tas, veicinot pa\u0161m\u0113r\u0137i saglab\u0101t eso\u0161o, sadrumstaloto strukt\u016bru, nevis koncentr\u0113ties uz pacientu vajadz\u012bb\u0101m .<\/p>\n<p>Vesel\u012bbas ministrijas nost\u0101ja un turpm\u0101kie so\u013ci<\/p>\n<p>Sanita Janka, Vesel\u012bbas ministrijas Vesel\u012bbas apr\u016bpes departamenta direktore, akcent\u0113, ka ministrija pret Valsts kontroles atzinumiem izturas ar lielu atbild\u012bbu un nov\u0113rt\u0113 sniegtos ieteikumus, kas ir v\u0113rsti uz vesel\u012bbas apr\u016bpes pl\u0101no\u0161anas un organiz\u0101cijas pilnveidi . Vi\u0146a nor\u0101da, ka ministrija ir sa\u0146\u0113musi Valsts kontroles l\u0113mumu un rev\u012bzijas zi\u0146ojumu, un apzin\u0101s nepiecie\u0161am\u012bbu p\u0113c izmai\u0146\u0101m slimn\u012bcu t\u012bkl\u0101. Janka uzsver, ka objekt\u012bva situ\u0101cijas anal\u012bze ir b\u016btiska, lai pie\u0146emtu pamatotus l\u0113mumus turpm\u0101kaj\u0101m reform\u0101m .<\/p>\n<p>Neskatoties uz ministrijas p\u0101rsteigumu par nezin\u0101\u0161anu attiec\u012bb\u0101 uz konkr\u0113tiem gad\u012bjumiem, Vesel\u012bbas ministrs Hosams Abu Meri ir atzinis Valsts kontroles pausto un apsol\u012bjis veikt nepiecie\u0161am\u0101s p\u0101rmai\u0146as . Vi\u0146\u0161 nor\u0101da, ka ministrijas m\u0113r\u0137is ir novirz\u012bt finans\u0113jumu tikai t\u0101m slimn\u012bc\u0101m, kas nodro\u0161ina kvalitat\u012bvu apr\u016bpi. Tom\u0113r ministrs atz\u012bst, ka p\u0101rmai\u0146\u0101m bie\u017ei vien pretojas pa\u0161vald\u012bbas un slimn\u012bcu vad\u012bba . Valsts kontrole aicina optimiz\u0113t slimn\u012bcu t\u012bklu un noteikt t\u0101 l\u012bme\u0146us atbilsto\u0161i faktiski sniegtajiem pakalpojumiem ne v\u0113l\u0101k k\u0101 l\u012bdz 2029. gadam . \u0160is process ir kritiski svar\u012bgs, lai nodro\u0161in\u0101tu efekt\u012bvu resursu izmanto\u0161anu un ilgtsp\u0113j\u012bgu vesel\u012bbas apr\u016bpes att\u012bst\u012bbu Latvijas iedz\u012bvot\u0101ju interes\u0113s .<\/p>\n<p>\u0100rstu neiesp\u0113jamo slod\u017eu konteksts<\/p>\n<p>Satrauco\u0161\u0101 situ\u0101cija ar \u0101rstu darba slodz\u0113m nav jauna probl\u0113ma Latvijas vesel\u012bbas apr\u016bpes sist\u0113m\u0101. Valsts kontroles rev\u012bzija ir tikai apstiprin\u0101jusi un dokument\u0113jusi to, kas jau sen tika run\u0101ts neform\u0101l\u0101s aprind\u0101s. \u0100rsti bie\u017ei vien non\u0101k situ\u0101cij\u0101, kur\u0101 ir spiesti str\u0101d\u0101t virsstundas, lai nodro\u0161in\u0101tu nepiecie\u0161amo medic\u012bnisko pal\u012bdz\u012bbu, \u012bpa\u0161i re\u0123ionos, kur medi\u0137u tr\u016bkst. Ta\u010du skait\u013ci, ko uzr\u0101da Valsts kontrole, ir \u0161ok\u0113jo\u0161i un prasa nekav\u0113jo\u0161as r\u012bc\u012bbas. Tie liecina ne tikai par p\u0101rslodzi, bet ar\u012b par iesp\u0113jamu datu falsifik\u0101ciju vai sist\u0113mas nepiln\u012bb\u0101m, kas \u013cauj uzr\u0101d\u012bt nere\u0101las darba stundas. \u0160\u012bs probl\u0113mas risin\u0101\u0161anai nepiecie\u0161ama gan sist\u0113miska pieeja slimn\u012bcu t\u012bkla optimiz\u0101cijai, gan ar\u012b darba apst\u0101k\u013cu uzlabo\u0161ana medi\u0137iem, lai nodro\u0161in\u0101tu vi\u0146u notur\u0113\u0161anu vesel\u012bbas apr\u016bpes sist\u0113m\u0101 .<\/p>\n<p>Lai gan Vesel\u012bbas ministrija publiski pau\u017e izbr\u012bnu par Valsts kontroles atkl\u0101jumiem, ir skaidrs, ka \u0161\u012b rev\u012bzija kalpos k\u0101 sp\u0113c\u012bgs impulss nepiecie\u0161amo reformu veik\u0161anai. Ir j\u0101veic r\u016bp\u012bga anal\u012bze par to, k\u0101 tika pie\u013cauta \u0161\u0101da situ\u0101cija, un j\u0101izstr\u0101d\u0101 konkr\u0113ti pas\u0101kumi, lai nov\u0113rstu l\u012bdz\u012bgu probl\u0113mu atk\u0101rto\u0161anos n\u0101kotn\u0113. Pacientu dro\u0161\u012bba un vesel\u012bbas apr\u016bpes kvalit\u0101te ir un paliek prim\u0101rais m\u0113r\u0137is, kas j\u0101pan\u0101k, neatkar\u012bgi no pretest\u012bbas reform\u0101m.<\/p>\n","protected":false},"excerpt":{"rendered":"Vesel\u012bbas ministrija izsaka p\u0101rsteigumu par Valsts kontroles rev\u012bzijas atkl\u0101jumiem par \u0101rstu darba slodz\u0113m Vesel\u012bbas ministrija (VM) ir p\u0101rsteigta&hellip;\n","protected":false},"author":2,"featured_media":10115,"comment_status":"","ping_status":"","sticky":false,"template":"","format":"standard","meta":{"footnotes":""},"categories":[5],"tags":[23,3875,28,29,32,33,22,30,31,35,39,38,36,37,34,40,20,26,27,788,24,25,786,3141,1454,21],"class_list":{"0":"post-10114","1":"post","2":"type-post","3":"status-publish","4":"format-standard","5":"has-post-thumbnail","7":"category-aktualitates","8":"tag-aktualitates","9":"tag-arstu-darba-slodzes","10":"tag-breaking-news","11":"tag-breakingnews","12":"tag-featured-news","13":"tag-featurednews","14":"tag-headlines","15":"tag-latest-news","16":"tag-latestnews","17":"tag-latvia","18":"tag-latvian","19":"tag-latviesu","20":"tag-latviesu-valoda","21":"tag-latviesuvaloda","22":"tag-latvija","23":"tag-lv","24":"tag-news","25":"tag-popularakas-zinas","26":"tag-popularakaszinas","27":"tag-slimnicu-tikls","28":"tag-top-stories","29":"tag-topstories","30":"tag-valsts-kontrole","31":"tag-veselibas-aprupes-sistema","32":"tag-veselibas-ministrija","33":"tag-zinas"},"share_on_mastodon":{"url":"","error":""},"_links":{"self":[{"href":"https:\/\/www.europesays.com\/lv\/wp-json\/wp\/v2\/posts\/10114","targetHints":{"allow":["GET"]}}],"collection":[{"href":"https:\/\/www.europesays.com\/lv\/wp-json\/wp\/v2\/posts"}],"about":[{"href":"https:\/\/www.europesays.com\/lv\/wp-json\/wp\/v2\/types\/post"}],"author":[{"embeddable":true,"href":"https:\/\/www.europesays.com\/lv\/wp-json\/wp\/v2\/users\/2"}],"replies":[{"embeddable":true,"href":"https:\/\/www.europesays.com\/lv\/wp-json\/wp\/v2\/comments?post=10114"}],"version-history":[{"count":0,"href":"https:\/\/www.europesays.com\/lv\/wp-json\/wp\/v2\/posts\/10114\/revisions"}],"wp:featuredmedia":[{"embeddable":true,"href":"https:\/\/www.europesays.com\/lv\/wp-json\/wp\/v2\/media\/10115"}],"wp:attachment":[{"href":"https:\/\/www.europesays.com\/lv\/wp-json\/wp\/v2\/media?parent=10114"}],"wp:term":[{"taxonomy":"category","embeddable":true,"href":"https:\/\/www.europesays.com\/lv\/wp-json\/wp\/v2\/categories?post=10114"},{"taxonomy":"post_tag","embeddable":true,"href":"https:\/\/www.europesays.com\/lv\/wp-json\/wp\/v2\/tags?post=10114"}],"curies":[{"name":"wp","href":"https:\/\/api.w.org\/{rel}","templated":true}]}}