{"id":101140,"date":"2026-01-11T15:08:08","date_gmt":"2026-01-11T15:08:08","guid":{"rendered":"https:\/\/www.europesays.com\/lv\/101140\/"},"modified":"2026-01-11T15:08:08","modified_gmt":"2026-01-11T15:08:08","slug":"pasliktinoties-kadirova-veselibai-kremlis-verte-alternativas","status":"publish","type":"post","link":"https:\/\/www.europesays.com\/lv\/101140\/","title":{"rendered":"Pasliktinoties Kadirova vesel\u012bbai, Kremlis v\u0113rt\u0113 alternat\u012bvas"},"content":{"rendered":"<p>Kadirovam nieru mazsp\u0113jas d\u0113\u013c tiek veiktas dial\u012bzes proced\u016bras, nor\u0101d\u012bja avoti, piebilstot, ka \u0101rsti nesniedz nek\u0101das prognozes.<\/p>\n<p>L\u012bderis atrodas sav\u0101 slimn\u012bc\u0101 \u010ce\u010denij\u0101, un vi\u0146u apmekl\u0113t ieradu\u0161ies \u0123imenes klana locek\u013ci, ar\u012b no \u0101rvalst\u012bm.<\/p>\n<p>&#8220;\u0145emot v\u0113r\u0101 Ramzana Kadirova atra\u0161anos pie Josifa Kobzona koncerta durv\u012bm, iev\u0113rojami aktiviz\u0113jies process, lai noteiktu \u010ce\u010denijas barve\u017ea vietas kandid\u0101tus,&#8221; sac\u012bja a\u0123ent\u016bras sarunbiedrs.<\/p>\n<p>Kremlim \u0113rto ticam\u0101ko kandid\u0101tu vid\u016b ir \u010ce\u010denijas premjers Magomeds Daudovs, vien\u012bbas &#8220;Ahmat&#8221; komandieris Apti Alaudinovs un Ramzana Kadirova vec\u0101kais d\u0113ls Ahmats Kadirovs, kas nule iecelts \u010ce\u010denijas pirm\u0101 vicepremjera amat\u0101, nor\u0101d\u012bja avoti.<\/p>\n","protected":false},"excerpt":{"rendered":"Kadirovam nieru mazsp\u0113jas d\u0113\u013c tiek veiktas dial\u012bzes proced\u016bras, nor\u0101d\u012bja avoti, piebilstot, ka \u0101rsti nesniedz nek\u0101das prognozes. L\u012bderis atrodas&hellip;\n","protected":false},"author":2,"featured_media":101141,"comment_status":"","ping_status":"","sticky":false,"template":"","format":"standard","meta":{"footnotes":""},"categories":[14],"tags":[23,57,28,29,14031,32,33,22,234,30,31,35,39,38,36,37,34,40,20,26,27,14028,24,25,54,55,56,21,58],"class_list":{"0":"post-101140","1":"post","2":"type-post","3":"status-publish","4":"format-standard","5":"has-post-thumbnail","7":"category-zinas-no-arvalstim","8":"tag-aktualitates","9":"tag-arvalstim","10":"tag-breaking-news","11":"tag-breakingnews","12":"tag-cecenija","13":"tag-featured-news","14":"tag-featurednews","15":"tag-headlines","16":"tag-krievija","17":"tag-latest-news","18":"tag-latestnews","19":"tag-latvia","20":"tag-latvian","21":"tag-latviesu","22":"tag-latviesu-valoda","23":"tag-latviesuvaloda","24":"tag-latvija","25":"tag-lv","26":"tag-news","27":"tag-popularakas-zinas","28":"tag-popularakaszinas","29":"tag-ramzans-kadirovs","30":"tag-top-stories","31":"tag-topstories","32":"tag-world","33":"tag-world-news","34":"tag-worldnews","35":"tag-zinas","36":"tag-zinas-no-arvalstim"},"share_on_mastodon":{"url":"https:\/\/pubeurope.com\/@lv\/115877098423317392","error":""},"_links":{"self":[{"href":"https:\/\/www.europesays.com\/lv\/wp-json\/wp\/v2\/posts\/101140","targetHints":{"allow":["GET"]}}],"collection":[{"href":"https:\/\/www.europesays.com\/lv\/wp-json\/wp\/v2\/posts"}],"about":[{"href":"https:\/\/www.europesays.com\/lv\/wp-json\/wp\/v2\/types\/post"}],"author":[{"embeddable":true,"href":"https:\/\/www.europesays.com\/lv\/wp-json\/wp\/v2\/users\/2"}],"replies":[{"embeddable":true,"href":"https:\/\/www.europesays.com\/lv\/wp-json\/wp\/v2\/comments?post=101140"}],"version-history":[{"count":0,"href":"https:\/\/www.europesays.com\/lv\/wp-json\/wp\/v2\/posts\/101140\/revisions"}],"wp:featuredmedia":[{"embeddable":true,"href":"https:\/\/www.europesays.com\/lv\/wp-json\/wp\/v2\/media\/101141"}],"wp:attachment":[{"href":"https:\/\/www.europesays.com\/lv\/wp-json\/wp\/v2\/media?parent=101140"}],"wp:term":[{"taxonomy":"category","embeddable":true,"href":"https:\/\/www.europesays.com\/lv\/wp-json\/wp\/v2\/categories?post=101140"},{"taxonomy":"post_tag","embeddable":true,"href":"https:\/\/www.europesays.com\/lv\/wp-json\/wp\/v2\/tags?post=101140"}],"curies":[{"name":"wp","href":"https:\/\/api.w.org\/{rel}","templated":true}]}}