{"id":101144,"date":"2026-01-11T15:12:10","date_gmt":"2026-01-11T15:12:10","guid":{"rendered":"https:\/\/www.europesays.com\/lv\/101144\/"},"modified":"2026-01-11T15:12:10","modified_gmt":"2026-01-11T15:12:10","slug":"marta-andzane-izcina-otro-sudraba-medalu-pec-kartas-eiropas-kausa-posma-skeletona-insbruka-lente-lv","status":"publish","type":"post","link":"https:\/\/www.europesays.com\/lv\/101144\/","title":{"rendered":"Marta And\u017e\u0101ne izc\u012bna otro sudraba meda\u013cu p\u0113c k\u0101rtas Eiropas kausa posm\u0101 skeleton\u0101 Insbruk\u0101\u00a0\u2014\u00a0Lente.lv"},"content":{"rendered":"<p>And\u017e\u0101ne turpina veiksm\u012bgo sniegumu Eiropas kaus\u0101<\/p>\n<p>Latvijas skeletoniste Marta And\u017e\u0101ne sestdien, 9. janv\u0101r\u012b, Insbruk\u0101, Austrij\u0101, aizvad\u012btaj\u0101 Eiropas kausa posm\u0101 izc\u012bn\u012bja otro vietu, otro dienu p\u0113c k\u0101rtas tiekot pie sudraba godalgas. K\u0101 zi\u0146o telekan\u0101ls TV3, sportiste demonstr\u0113ja stabilu sniegumu, apliecinot savu progresu skeletona discipl\u012bn\u0101. \u0160is pan\u0101kums ir noz\u012bm\u012bgs solis vi\u0146as karjer\u0101, \u012bpa\u0161i pirms olimpisk\u0101s kvalifik\u0101cijas nosl\u0113guma.<\/p>\n<p>Detaliz\u0113ts rezult\u0101tu apskats<\/p>\n<p>Sacens\u012bb\u0101s uzvar\u0113ja it\u0101liete Valent\u012bna Margaljo, kura abu braucienu summ\u0101 fini\u0161\u0113ja min\u016bt\u0113 un 49,37 sekund\u0113s. Marta And\u017e\u0101ne uzvar\u0113t\u0101jai piek\u0101p\u0101s tikai par 0,16 sekund\u0113m, apliecinot s\u012bvo konkurenci tras\u0113. P\u0113c pirm\u0101 brauciena And\u017e\u0101ne bija l\u012bdere, apsteidzot Margaljo par 0,11 sekund\u0113m, ta\u010du otraj\u0101 braucien\u0101 it\u0101liete uzr\u0101d\u012bja lab\u0101ko rezult\u0101tu, nodro\u0161inot sev uzvaru. Tre\u0161aj\u0101 viet\u0101 ierindoj\u0101s \u0137\u012bniete Jana Juisji\u0146a, kura zaud\u0113ja 0,55 sekundes. Ar\u012b cita Latvijas skeletoniste D\u0101rta Neimane start\u0113ja Insbruk\u0101, summ\u0101 ie\u0146emot 20. vietu, 34 sportistu konkurenc\u0113, piek\u0101pjoties uzvar\u0113t\u0101jai 2,57 sekundes.<\/p>\n<p>Eiropas kausa noz\u012bme un Latvijas skeletona perspekt\u012bvas<\/p>\n<p>Marta And\u017e\u0101ne, kura ir dzimusi 2008. gad\u0101, ir viena no jaun\u0101kaj\u0101m talant\u012bgaj\u0101m Latvijas skeletonist\u0113m. Vi\u0146as sniegums Eiropas kausa posmos ir \u013coti cer\u012bgs, \u012bpa\u0161i \u0146emot v\u0113r\u0101, ka Latvijas skeletona izlase ir main\u012bjusi pl\u0101nus un vair\u0101k koncentr\u0113jas uz Eiropas kausa posmiem, lai uzlabotu IBSF reitingu un nodro\u0161in\u0101tu lab\u0101kas poz\u012bcijas olimpiskaj\u0101 kvalifik\u0101cij\u0101. Lai gan olimpisk\u0101s kvalifik\u0101cijas ieskaite iek\u013cauj tikai septi\u0146as sacens\u012bbas ar lab\u0101ko rezult\u0101tu, \u0161ie pan\u0101kumi Eiropas kaus\u0101 ir noz\u012bm\u012bgi punktu kr\u0101\u0161anai un pieredzes g\u016b\u0161anai. Latvijas izlases treneris Ivo \u0160teinbergs uzsv\u0113ris, ka ir nepiecie\u0161ams aizst\u0101t v\u0101j\u0101k\u0101s sacens\u012bbas, lai apsteigtu konkurentus.<\/p>\n<p>Konteksts: Protesti un starptautisk\u0101 politika<\/p>\n<p>\u0160\u012bs sacens\u012bbas notika ar\u012b protestu gaisotn\u0113 saist\u012bb\u0101 ar Krievijas sportistu dal\u012bbu, kuri start\u0113ja neitr\u0101lo atl\u0113tu status\u0101. Latvijas skeletona izlases treneris Ivo \u0160teinbergs kop\u0101 ar ukrai\u0146u sportistiem iepriek\u0161\u0113j\u0101 dien\u0101 protest\u0113ja pret Krievijas sportistu dal\u012bbu, pau\u017eot nost\u0101ju, ka tas nav pie\u0146emami, kam\u0113r Ukrain\u0101 turpin\u0101s kar\u0161. Lai gan tika izteiktas ba\u017eas par sacens\u012bbu norises ietekmi, protests neietekm\u0113ja sacens\u012bbu gaitu. Starptautisk\u0101 Bobsleja un skeletona feder\u0101cija (IBSF) br\u012bdin\u0101ja Latvijas treneri par protestu r\u012bko\u0161anu, ta\u010du tas neattur\u0113ja latvie\u0161u sportistus paust savu viedokli.<\/p>\n<p>N\u0101kamie so\u013ci un izaicin\u0101jumi<\/p>\n<p>Marta And\u017e\u0101ne ir par\u0101d\u012bjusi stabilu progresu un ir viena no galvenaj\u0101m Latvijas cer\u012bb\u0101m skeleton\u0101. N\u0101kamie Eiropas kausa posmi paredz\u0113ti Vinterberg\u0101 un Sanktmoric\u0101. Sportistei un visai Latvijas izlasei ir svar\u012bgi turpin\u0101t uzkr\u0101t punktus un pieredzi, lai nodro\u0161in\u0101tu veiksm\u012bgu startu turpm\u0101kaj\u0101s sacens\u012bb\u0101s un kvalifik\u0101cij\u0101 uz noz\u012bm\u012bgiem starptautiskiem notikumiem.<\/p>\n","protected":false},"excerpt":{"rendered":"And\u017e\u0101ne turpina veiksm\u012bgo sniegumu Eiropas kaus\u0101 Latvijas skeletoniste Marta And\u017e\u0101ne sestdien, 9. janv\u0101r\u012b, Insbruk\u0101, Austrij\u0101, aizvad\u012btaj\u0101 Eiropas kausa&hellip;\n","protected":false},"author":2,"featured_media":101145,"comment_status":"","ping_status":"","sticky":false,"template":"","format":"standard","meta":{"footnotes":""},"categories":[17],"tags":[19308,24648,35,39,38,36,37,34,24649,40,18088,11526,67],"class_list":{"0":"post-101144","1":"post","2":"type-post","3":"status-publish","4":"format-standard","5":"has-post-thumbnail","7":"category-sports","8":"tag-eiropas-kauss","9":"tag-insbruka","10":"tag-latvia","11":"tag-latvian","12":"tag-latviesu","13":"tag-latviesu-valoda","14":"tag-latviesuvaloda","15":"tag-latvija","16":"tag-latvijas-skeletona-izlase","17":"tag-lv","18":"tag-marta-andzane","19":"tag-skeletons","20":"tag-sports"},"share_on_mastodon":{"url":"https:\/\/pubeurope.com\/@lv\/115877114227111741","error":""},"_links":{"self":[{"href":"https:\/\/www.europesays.com\/lv\/wp-json\/wp\/v2\/posts\/101144","targetHints":{"allow":["GET"]}}],"collection":[{"href":"https:\/\/www.europesays.com\/lv\/wp-json\/wp\/v2\/posts"}],"about":[{"href":"https:\/\/www.europesays.com\/lv\/wp-json\/wp\/v2\/types\/post"}],"author":[{"embeddable":true,"href":"https:\/\/www.europesays.com\/lv\/wp-json\/wp\/v2\/users\/2"}],"replies":[{"embeddable":true,"href":"https:\/\/www.europesays.com\/lv\/wp-json\/wp\/v2\/comments?post=101144"}],"version-history":[{"count":0,"href":"https:\/\/www.europesays.com\/lv\/wp-json\/wp\/v2\/posts\/101144\/revisions"}],"wp:featuredmedia":[{"embeddable":true,"href":"https:\/\/www.europesays.com\/lv\/wp-json\/wp\/v2\/media\/101145"}],"wp:attachment":[{"href":"https:\/\/www.europesays.com\/lv\/wp-json\/wp\/v2\/media?parent=101144"}],"wp:term":[{"taxonomy":"category","embeddable":true,"href":"https:\/\/www.europesays.com\/lv\/wp-json\/wp\/v2\/categories?post=101144"},{"taxonomy":"post_tag","embeddable":true,"href":"https:\/\/www.europesays.com\/lv\/wp-json\/wp\/v2\/tags?post=101144"}],"curies":[{"name":"wp","href":"https:\/\/api.w.org\/{rel}","templated":true}]}}