{"id":101146,"date":"2026-01-11T15:14:09","date_gmt":"2026-01-11T15:14:09","guid":{"rendered":"https:\/\/www.europesays.com\/lv\/101146\/"},"modified":"2026-01-11T15:14:09","modified_gmt":"2026-01-11T15:14:09","slug":"scenarijs-kuru-eiropa-baidas-izrunat-skali-tramps-pret-grenlandi","status":"publish","type":"post","link":"https:\/\/www.europesays.com\/lv\/101146\/","title":{"rendered":"Scen\u0101rijs, kuru Eiropa baid\u0101s izrun\u0101t ska\u013ci: Tramps pret Grenlandi"},"content":{"rendered":"<p>Amerikas Savienoto Valstu (ASV) prezidenta Donalda Trampa pretenzijas uz pasaul\u0113 liel\u0101ko salu \u2014 Grenlandi, kas ir D\u0101nijas Karalistes da\u013ca, \u2014 k\u013c\u016bst arvien uzst\u0101j\u012bg\u0101kas. Ja iepriek\u0161 Eiropas politi\u0137i to neuztv\u0113ra nopietni, tad tagad Trampa retoriku vairs neignor\u0113. K\u0101 Eiropa var\u0113tu attur\u0113t Trampu no Grenlandes sagr\u0101b\u0161anas, un k\u0101das iesp\u0113jas past\u0101v gad\u012bjum\u0101, ja vi\u0146\u0161 tom\u0113r izlemtu to dar\u012bt?<\/p>\n<p>Ja <a href=\"https:\/\/www.tvnet.lv\/term\/555410\/asv\" class=\"topicLink\" target=\"_blank\" rel=\"nofollow noopener\">ASV<\/a> patie\u0161\u0101m nolemtu ar milit\u0101ru sp\u0113ku p\u0101r\u0146emt Grenlandi, eiropie\u0161i maz ko sp\u0113tu dar\u012bt, lai to nov\u0113rstu.<\/p>\n","protected":false},"excerpt":{"rendered":"Amerikas Savienoto Valstu (ASV) prezidenta Donalda Trampa pretenzijas uz pasaul\u0113 liel\u0101ko salu \u2014 Grenlandi, kas ir D\u0101nijas Karalistes&hellip;\n","protected":false},"author":2,"featured_media":101147,"comment_status":"","ping_status":"","sticky":false,"template":"","format":"standard","meta":{"footnotes":""},"categories":[14],"tags":[23,7204,57,292,28,29,1418,542,32,33,20878,22,4213,234,74,30,31,35,39,38,36,37,34,40,71,20,26,27,24,25,2238,54,55,56,21,58],"class_list":{"0":"post-101146","1":"post","2":"type-post","3":"status-publish","4":"format-standard","5":"has-post-thumbnail","7":"category-zinas-no-arvalstim","8":"tag-aktualitates","9":"tag-arktika","10":"tag-arvalstim","11":"tag-asv","12":"tag-breaking-news","13":"tag-breakingnews","14":"tag-danija","15":"tag-donalds-tramps","16":"tag-featured-news","17":"tag-featurednews","18":"tag-grenlande","19":"tag-headlines","20":"tag-kina","21":"tag-krievija","22":"tag-krievijas-iebrukums-ukraina","23":"tag-latest-news","24":"tag-latestnews","25":"tag-latvia","26":"tag-latvian","27":"tag-latviesu","28":"tag-latviesu-valoda","29":"tag-latviesuvaloda","30":"tag-latvija","31":"tag-lv","32":"tag-nato","33":"tag-news","34":"tag-popularakas-zinas","35":"tag-popularakaszinas","36":"tag-top-stories","37":"tag-topstories","38":"tag-tvnet-arvalstis","39":"tag-world","40":"tag-world-news","41":"tag-worldnews","42":"tag-zinas","43":"tag-zinas-no-arvalstim"},"share_on_mastodon":{"url":"","error":"Validation failed: Text character limit of 500 exceeded"},"_links":{"self":[{"href":"https:\/\/www.europesays.com\/lv\/wp-json\/wp\/v2\/posts\/101146","targetHints":{"allow":["GET"]}}],"collection":[{"href":"https:\/\/www.europesays.com\/lv\/wp-json\/wp\/v2\/posts"}],"about":[{"href":"https:\/\/www.europesays.com\/lv\/wp-json\/wp\/v2\/types\/post"}],"author":[{"embeddable":true,"href":"https:\/\/www.europesays.com\/lv\/wp-json\/wp\/v2\/users\/2"}],"replies":[{"embeddable":true,"href":"https:\/\/www.europesays.com\/lv\/wp-json\/wp\/v2\/comments?post=101146"}],"version-history":[{"count":0,"href":"https:\/\/www.europesays.com\/lv\/wp-json\/wp\/v2\/posts\/101146\/revisions"}],"wp:featuredmedia":[{"embeddable":true,"href":"https:\/\/www.europesays.com\/lv\/wp-json\/wp\/v2\/media\/101147"}],"wp:attachment":[{"href":"https:\/\/www.europesays.com\/lv\/wp-json\/wp\/v2\/media?parent=101146"}],"wp:term":[{"taxonomy":"category","embeddable":true,"href":"https:\/\/www.europesays.com\/lv\/wp-json\/wp\/v2\/categories?post=101146"},{"taxonomy":"post_tag","embeddable":true,"href":"https:\/\/www.europesays.com\/lv\/wp-json\/wp\/v2\/tags?post=101146"}],"curies":[{"name":"wp","href":"https:\/\/api.w.org\/{rel}","templated":true}]}}