{"id":101148,"date":"2026-01-11T15:15:19","date_gmt":"2026-01-11T15:15:19","guid":{"rendered":"https:\/\/www.europesays.com\/lv\/101148\/"},"modified":"2026-01-11T15:15:19","modified_gmt":"2026-01-11T15:15:19","slug":"smaga-avarija-uz-riga-ventspils-cela-bloketa-satiksme","status":"publish","type":"post","link":"https:\/\/www.europesays.com\/lv\/101148\/","title":{"rendered":"Smaga av\u0101rija uz R\u012bga-Ventspils ce\u013ca. Blo\u0137\u0113ta satiksme"},"content":{"rendered":"<p>11.01.20261<\/p>\n<p>Krimin\u0101lzi\u0146as<\/p>\n<p>K\u0101 zi\u0146o aculiecinieki, \u0161odien, 11. janv\u0101ra p\u0113cpusdien\u0101,  uz \u0161osejas A10, net\u0101lu no pagrieziena uz Sm\u0101rdi,  notikusi smaga av\u0101rija, kur\u0101 iesaist\u012bti vair\u0101ki transportl\u012bdzek\u013ci, to skait\u0101 kravas auto.  Viena no automa\u0161\u012bn\u0101m atrodas zem kravas auto. Visticam\u0101k, ir cietu\u0161ie.  Notikuma viet\u0101 str\u0101d\u0101 operat\u012bvie dienesti.<br \/>\nK\u0101 inform\u0113 Latvijas valsts ce\u013ci,  satiksme \u0161obr\u012bd piln\u012bb\u0101 blo\u0137\u0113ta. Apbrauk\u0161ana iesp\u0113jama pa a\/c P101 Kalnciems-K\u016bdra, a\/c A9 R\u012bga-Liep\u0101ja un a\/c P98 Jelgava-Tu\u0161\u0137i- Tukums.<\/p>\n","protected":false},"excerpt":{"rendered":"11.01.20261 Krimin\u0101lzi\u0146as K\u0101 zi\u0146o aculiecinieki, \u0161odien, 11. janv\u0101ra p\u0113cpusdien\u0101, uz \u0161osejas A10, net\u0101lu no pagrieziena uz Sm\u0101rdi, notikusi&hellip;\n","protected":false},"author":2,"featured_media":101149,"comment_status":"","ping_status":"","sticky":false,"template":"","format":"standard","meta":{"footnotes":""},"categories":[12],"tags":[23,28,29,32,33,22,30,31,35,39,38,36,37,34,40,20,26,27,24,25,21],"class_list":{"0":"post-101148","1":"post","2":"type-post","3":"status-publish","4":"format-standard","5":"has-post-thumbnail","7":"category-latvija","8":"tag-aktualitates","9":"tag-breaking-news","10":"tag-breakingnews","11":"tag-featured-news","12":"tag-featurednews","13":"tag-headlines","14":"tag-latest-news","15":"tag-latestnews","16":"tag-latvia","17":"tag-latvian","18":"tag-latviesu","19":"tag-latviesu-valoda","20":"tag-latviesuvaloda","21":"tag-latvija","22":"tag-lv","23":"tag-news","24":"tag-popularakas-zinas","25":"tag-popularakaszinas","26":"tag-top-stories","27":"tag-topstories","28":"tag-zinas"},"share_on_mastodon":{"url":"https:\/\/pubeurope.com\/@lv\/115877126155418664","error":""},"_links":{"self":[{"href":"https:\/\/www.europesays.com\/lv\/wp-json\/wp\/v2\/posts\/101148","targetHints":{"allow":["GET"]}}],"collection":[{"href":"https:\/\/www.europesays.com\/lv\/wp-json\/wp\/v2\/posts"}],"about":[{"href":"https:\/\/www.europesays.com\/lv\/wp-json\/wp\/v2\/types\/post"}],"author":[{"embeddable":true,"href":"https:\/\/www.europesays.com\/lv\/wp-json\/wp\/v2\/users\/2"}],"replies":[{"embeddable":true,"href":"https:\/\/www.europesays.com\/lv\/wp-json\/wp\/v2\/comments?post=101148"}],"version-history":[{"count":0,"href":"https:\/\/www.europesays.com\/lv\/wp-json\/wp\/v2\/posts\/101148\/revisions"}],"wp:featuredmedia":[{"embeddable":true,"href":"https:\/\/www.europesays.com\/lv\/wp-json\/wp\/v2\/media\/101149"}],"wp:attachment":[{"href":"https:\/\/www.europesays.com\/lv\/wp-json\/wp\/v2\/media?parent=101148"}],"wp:term":[{"taxonomy":"category","embeddable":true,"href":"https:\/\/www.europesays.com\/lv\/wp-json\/wp\/v2\/categories?post=101148"},{"taxonomy":"post_tag","embeddable":true,"href":"https:\/\/www.europesays.com\/lv\/wp-json\/wp\/v2\/tags?post=101148"}],"curies":[{"name":"wp","href":"https:\/\/api.w.org\/{rel}","templated":true}]}}