{"id":101154,"date":"2026-01-11T15:21:08","date_gmt":"2026-01-11T15:21:08","guid":{"rendered":"https:\/\/www.europesays.com\/lv\/101154\/"},"modified":"2026-01-11T15:21:08","modified_gmt":"2026-01-11T15:21:08","slug":"par-ko-nedrikst-nerunat-lampa-aicina-pieteikt-pasakumus-2026-gada-programmai-news-sarunu-festivals-lampa","status":"publish","type":"post","link":"https:\/\/www.europesays.com\/lv\/101154\/","title":{"rendered":"Par ko nedr\u012bkst nerun\u0101t? LAMPA aicina pieteikt pas\u0101kumus 2026. gada programmai \u2013 News \u2013 Sarunu festiv\u0101ls LAMPA"},"content":{"rendered":"<p>No 12. janv\u0101ra l\u012bdz 20. febru\u0101rim ikviens aicin\u0101ts pieteikt savu pas\u0101kumu Sarunu festiv\u0101lam LAMPA, kas 2026. gada 10. un 11. j\u016blij\u0101 notiks C\u0113s\u012bs. Festiv\u0101la programma veidojas koprad\u0113 ar cilv\u0113kiem un organiz\u0101cij\u0101m no visda\u017e\u0101d\u0101kaj\u0101m jom\u0101m, t\u0101p\u0113c pieteikumi gaid\u012bti no sarunu entuziastiem, priv\u0101t\u0101, valsts un nevalstisk\u0101 sektora organiz\u0101cij\u0101m, k\u0101 ar\u012b visiem, kam svar\u012bgas j\u0113gpilnas sarunas un piem\u012bt drosme t\u0101s celt gaism\u0101.<\/p>\n<blockquote>\n<p>\u201cDemokr\u0101tisk\u0101 sabiedr\u012bb\u0101 var un vajag run\u0101t par visu, ta\u010du realit\u0101t\u0113 m\u0113s bie\u017ei klus\u0113jam. M\u012b\u013c\u0101 miera labad necil\u0101jam t\u0113mas, par kur\u0101m run\u0101t ir ne\u0113rti, sare\u017e\u0123\u012bti vai riskanti, un tikpat bie\u017ei nerun\u0101jam ar\u012b par labo \u2013 par uzvar\u0101m, pan\u0101kumiem, amb\u012bcij\u0101m un to, k\u0101du Latviju v\u0113lamies redz\u0113t n\u0101kotn\u0113. \u0160\u012b gada Sarunu festiv\u0101ls LAMPA aicina run\u0101t un pieteikt pas\u0101kumus par t\u0113m\u0101m, par ko nedr\u012bkst nerun\u0101t \u2013 drosm\u012bgi, uzdodot jaut\u0101jumus un mekl\u0113jot atbildes. Par to, kas iedvesmo un par to, kas s\u0101p. Ja ir k\u0101da t\u0113ma, par kuru jau sen gribas uzs\u0101kt sarunu, aicinu to pieteikt LAMP\u0100,\u201d saka Sarunu festiv\u0101la LAMPA direktore un programmas kuratore Egita Pr\u0101ma.<\/p>\n<\/blockquote>\n<p>Pas\u0101kumu form\u0101ti LAMP\u0100 ir tikpat da\u017e\u0101di k\u0101 pa\u0161as sarunas. L\u012bdz\u0101s diskusij\u0101m un debat\u0113m notiek ar\u012b darbn\u012bcas, performances, sp\u0113les, k\u0101 ar\u012b citas izzino\u0161as un iesaisto\u0161as aktivit\u0101tes. Ikvienam interesentam ir iesp\u0113ja pieteikt savu pas\u0101kumu, tom\u0113r j\u0101atceras, ka festiv\u0101la programma veidojas konkursa k\u0101rt\u012bb\u0101 un pieteikums negarant\u0113 dal\u012bbu festiv\u0101l\u0101. Par satura veidot\u0101ju LAMP\u0100 var k\u013c\u016bt tr\u012bs veidos: organiz\u0113jot divu dienu pas\u0101kumu programmu, divu dienu aktivit\u0101ti vai vienu pas\u0101kumu uz festiv\u0101la nodro\u0161in\u0101taj\u0101m skatuv\u0113m, un katrs var izv\u0113l\u0113ties sev atbilsto\u0161\u0101ko dal\u012bbas formu.<\/p>\n","protected":false},"excerpt":{"rendered":"No 12. janv\u0101ra l\u012bdz 20. febru\u0101rim ikviens aicin\u0101ts pieteikt savu pas\u0101kumu Sarunu festiv\u0101lam LAMPA, kas 2026. gada 10.&hellip;\n","protected":false},"author":2,"featured_media":101155,"comment_status":"","ping_status":"","sticky":false,"template":"","format":"standard","meta":{"footnotes":""},"categories":[12],"tags":[23,28,29,32,33,22,30,31,35,39,38,36,37,34,40,20,26,27,24,25,21],"class_list":{"0":"post-101154","1":"post","2":"type-post","3":"status-publish","4":"format-standard","5":"has-post-thumbnail","7":"category-latvija","8":"tag-aktualitates","9":"tag-breaking-news","10":"tag-breakingnews","11":"tag-featured-news","12":"tag-featurednews","13":"tag-headlines","14":"tag-latest-news","15":"tag-latestnews","16":"tag-latvia","17":"tag-latvian","18":"tag-latviesu","19":"tag-latviesu-valoda","20":"tag-latviesuvaloda","21":"tag-latvija","22":"tag-lv","23":"tag-news","24":"tag-popularakas-zinas","25":"tag-popularakaszinas","26":"tag-top-stories","27":"tag-topstories","28":"tag-zinas"},"share_on_mastodon":{"url":"https:\/\/pubeurope.com\/@lv\/115877149626306882","error":""},"_links":{"self":[{"href":"https:\/\/www.europesays.com\/lv\/wp-json\/wp\/v2\/posts\/101154","targetHints":{"allow":["GET"]}}],"collection":[{"href":"https:\/\/www.europesays.com\/lv\/wp-json\/wp\/v2\/posts"}],"about":[{"href":"https:\/\/www.europesays.com\/lv\/wp-json\/wp\/v2\/types\/post"}],"author":[{"embeddable":true,"href":"https:\/\/www.europesays.com\/lv\/wp-json\/wp\/v2\/users\/2"}],"replies":[{"embeddable":true,"href":"https:\/\/www.europesays.com\/lv\/wp-json\/wp\/v2\/comments?post=101154"}],"version-history":[{"count":0,"href":"https:\/\/www.europesays.com\/lv\/wp-json\/wp\/v2\/posts\/101154\/revisions"}],"wp:featuredmedia":[{"embeddable":true,"href":"https:\/\/www.europesays.com\/lv\/wp-json\/wp\/v2\/media\/101155"}],"wp:attachment":[{"href":"https:\/\/www.europesays.com\/lv\/wp-json\/wp\/v2\/media?parent=101154"}],"wp:term":[{"taxonomy":"category","embeddable":true,"href":"https:\/\/www.europesays.com\/lv\/wp-json\/wp\/v2\/categories?post=101154"},{"taxonomy":"post_tag","embeddable":true,"href":"https:\/\/www.europesays.com\/lv\/wp-json\/wp\/v2\/tags?post=101154"}],"curies":[{"name":"wp","href":"https:\/\/api.w.org\/{rel}","templated":true}]}}