{"id":101156,"date":"2026-01-11T15:22:12","date_gmt":"2026-01-11T15:22:12","guid":{"rendered":"https:\/\/www.europesays.com\/lv\/101156\/"},"modified":"2026-01-11T15:22:12","modified_gmt":"2026-01-11T15:22:12","slug":"latvijas-biatlonistiem-sezonas-labakais-rezultats-stafete-uzvaru-izrauj-norvegi-ziemas-sports-sportacentrs-com","status":"publish","type":"post","link":"https:\/\/www.europesays.com\/lv\/101156\/","title":{"rendered":"Latvijas biatlonistiem sezonas lab\u0101kais rezult\u0101ts stafet\u0113, uzvaru izrauj norv\u0113\u0123i \u2013 Ziemas sports \u2013 Sportacentrs.com"},"content":{"rendered":"<p>Latviju \u0161oreiz p\u0101rst\u0101v\u0113ja Ren\u0101rs Birkent\u0101ls, Andrejs Rastorgujevs, Aleksandrs Patrijuks un Edgars Mise. Latvie\u0161i ar diviem soda ap\u013ciem un kopum\u0101 pie\u013caut\u0101m 11 k\u013c\u016bd\u0101m no uzvar\u0113t\u0101jas Norv\u0113\u0123ijas atpalika tr\u012bs min\u016btes un 27,6 sekundes.<\/p>\n<p>Norv\u0113\u0123ijas komandai zelta godalgu sar\u016bp\u0113ja Isaks Lekness Frejs, Juhanness D\u0101le-\u0160evd\u0101ls, Martins Uld\u0101ls un Vetle \u0160ostads Kristiansens. Otr\u0101 vieta Francijai ar Fabienu Klodu, Emilj\u0113nu \u017dakl\u0113nu, Kent\u0113nu Fijonu Maj\u0113 un \u0112riku Pero ierind\u0101. Savuk\u0101rt bronzas godalgu izc\u012bn\u012bja Zviedrija, ko p\u0101rst\u0101v\u0113ja Jespers Nelins, Matle Stefansons, Martins Ponsiluoma un Sebastians Samuelsons.<\/p>\n<p>Latvijas kaimi\u0146valsts Igaunija \u0161aj\u0101s sac\u012bkst\u0113s izc\u0113l\u0101s ar augsto astoto poz\u012bciju.<\/p>\n<p>Pirmaj\u0101 \u0161autuv\u0113 viss peletons iesl\u0113poja reiz\u0113. Birkent\u0101lam \u0161au\u0161an\u0101 gu\u013cus izdev\u0101s aizv\u0113rt visus piecus m\u0113r\u0137us, tom\u0113r latvie\u0161u sportistam bija nepiecie\u0161ama viena rezerves patrona. \u0160autuvi vi\u0146\u0161 pameta 12. poz\u012bcij\u0101, l\u012bderim Isakam Leknesam Frejam no Norv\u0113\u0123ijas zaud\u0113jot 10,6 sekundes.<\/p>\n<p>Ar\u012b otro \u0161au\u0161anu Birkent\u0101ls sasniedza, atrodoties galvenaj\u0101 grup\u0101. Diem\u017e\u0113l \u0161aj\u0101 ugunsl\u012bnij\u0101 Latvijas sportistam visu piecu m\u0113r\u0137u aizv\u0113r\u0161anai vajadz\u0113ja divas rezerves patronas, k\u0101 rezult\u0101t\u0101 vi\u0146\u0161 tras\u0113 atgriez\u0101s 15. viet\u0101. Stafeti Rastorgujevam Birkent\u0101ls nodeva k\u0101 12.<\/p>\n<p>Latvijas izlases l\u012bderim \u0161au\u0161an\u0101 gu\u013cus bija nepiecie\u0161ama viena papildus patrona, bet tas vi\u0146am netrauc\u0113ja tras\u0113 atgriezties ceturtaj\u0101 poz\u012bcij\u0101. Tikm\u0113r otr\u0101 etapa pirmaj\u0101 \u0161au\u0161an\u0101 Francijas komandas izredzes b\u016btiski sare\u017e\u0123\u012bja Emilj\u0113ns \u017dakl\u0113ns, kur\u0161 bija spiests veikt divus soda ap\u013cus.<\/p>\n<p>Norv\u0113\u0123is Juhanness D\u0101le-\u0160evd\u0101ls otraj\u0101 \u0161autuv\u0113 iesl\u0113poja lepn\u0101 vientul\u012bb\u0101, bet iekr\u0101to p\u0101rsvaru \u0101tri vien pazaud\u0113ja, jo bija spiests veikt divus soda ap\u013cus. Savuk\u0101rt Rastorgujevs atkal visus piecus m\u0113r\u0137us aizv\u0113ra ar vienu papildus patronu un ar\u012b \u0161oreiz tras\u0113 atgriez\u0101s ceturtaj\u0101 viet\u0101. Etapa turpin\u0101jum\u0101 Andrejs zaud\u0113ja sl\u0113pojum\u0101 un Patrijukam stafeti nodeva sept\u012btaj\u0101 viet\u0101. Vi\u0146\u0161 ab\u0101s ugunsl\u012bnij\u0101 uzr\u0101d\u012bja attiec\u012bgi sept\u012bto un astoto \u0101tr\u0101ko \u0161au\u0161anas laiku.<\/p>\n<p>Tre\u0161\u0101 etapa pirmaj\u0101 \u0161autuv\u0113 k\u0101 l\u012bderis ierad\u0101s zviedrs Martins Ponsiluoma, bet vi\u0146\u0161 pie\u013c\u0101va tr\u012bs k\u013c\u016bdas, kam\u0113r \u0161veicietis D\u017eo\u0161a Burhalters bez probl\u0113m\u0101m aizv\u0113ra visus piecus m\u0113r\u0137us. Tiesa, vi\u0146\u0161 distanc\u0113 atgriez\u0101s otraj\u0101 viet\u0101, jo l\u012bderpoz\u012bciju p\u0101r\u0146\u0113ma v\u0101cietis Filips Navrats. Savuk\u0101rt Patrijuks visus piecus m\u0113r\u0137us ar \u0101tru \u0161au\u0161anu aizv\u0113ra bez papildus patron\u0101m. Sac\u012bkstes latvie\u0161u biatlonists ats\u0101ka sestaj\u0101 viet\u0101.<\/p>\n<p>Sestaj\u0101 \u0161autuv\u0113 Latvijas izlasi piev\u012bla sniegums \u0161au\u0161an\u0101 \u2013 Patrijuks m\u0113r\u0137im secen raid\u012bja pirmos \u010detrus \u0161\u0101vienus un rezult\u0101t\u0101 tika pie diviem soda ap\u013ciem. Tikm\u0113r kol\u0113\u0123a iepriek\u0161 rad\u012bto handikapu bija atsp\u0113l\u0113jis Norv\u0113\u0123ijas sportists Martins Uld\u0101ls, stafeti nododot l\u012bderpoz\u012bcij\u0101. Tikm\u0113r Mise sacens\u012bbu nosl\u0113dzo\u0161o etapu s\u0101ka 13. viet\u0101.<\/p>\n<p>Pirmsp\u0113d\u0113j\u0101 \u0161autuv\u0113 vis\u0101tr\u0101k ar m\u0113r\u0137iem gal\u0101 tika v\u0101cietis D\u0101vids Cobels, aiz vi\u0146a distanc\u0113 dev\u0101s Vetle \u0160ostads Kristiansens, bet tre\u0161aj\u0101 viet\u0101 ierindoj\u0101s fran\u010du biatlonists \u0112riks Pero. Tikm\u0113r Mise visus m\u0113r\u0137us aizv\u0113ra ar se\u0161iem \u0161\u0101vieniem un distanc\u0113 dev\u0101s 13. viet\u0101.<\/p>\n<p>P\u0113d\u0113jo \u0161au\u0161anu vis\u0101tr\u0101k p\u0101rvar\u0113ja Pero, bet Kristiansens savus m\u0113r\u0137us aizv\u0113ra uzreiz p\u0113c fran\u010du biatlonista. Tr\u012bs sekundes aiz vi\u0146iem ierindoj\u0101s Cobels. T\u0101pat c\u012b\u0146\u0101 par goda pjedest\u0101lu atgriez\u0101s Zviedrija ar Sebastianu Samuelsonu priek\u0161gal\u0101, k\u0101 ar\u012b it\u0101lietis Tomaso D\u017eakomels. Misem \u0161au\u0161an\u0101 st\u0101vus bija vajadz\u012bgas divas papildus patronas, bet ar\u012b \u0161oreiz latvie\u0161u sportists aizv\u0113ra visus m\u0113r\u0137us.<\/p>\n<p>Sac\u012bk\u0161u izska\u0146\u0101 sp\u0113ku sl\u0113pojum\u0101 apliecin\u0101ja Kristiansens, apsteidzot Pero, bet vietu uz goda pjedest\u0101la izc\u012bn\u012bja ar\u012b Samuelsons.<\/p>\n<p>Pasaules kausa posms Oberhof\u0101, v\u012brie\u0161u stafete<\/p>\n<tr>VKomanda\u0160au\u0161anaLaiks<\/tr>\n<tr class=\"even\">\n<td>1.<\/td>\n<td>Norv\u0113\u0123ija<\/td>\n<td class=\"ralign\">2+7<\/td>\n<td class=\"ralign\">1:20:29.1<\/td>\n<\/tr>\n<tr class=\"odd\">\n<td>2.<\/td>\n<td>Francija<\/td>\n<td class=\"ralign\">2+9<\/td>\n<td class=\"ralign\">+2.6<\/td>\n<\/tr>\n<tr class=\"even\">\n<td>3.<\/td>\n<td>Zviedrija<\/td>\n<td class=\"ralign\">0+12<\/td>\n<td class=\"ralign\">+3.8<\/td>\n<\/tr>\n<tr class=\"odd\">\n<td>4.<\/td>\n<td>It\u0101lija<\/td>\n<td class=\"ralign\">1+9<\/td>\n<td class=\"ralign\">+4.8<\/td>\n<\/tr>\n<tr class=\"even\">\n<td>5.<\/td>\n<td>V\u0101cija<\/td>\n<td class=\"ralign\">0+10<\/td>\n<td class=\"ralign\">+5.4<\/td>\n<\/tr>\n<tr class=\"odd\">\n<td\/>\n<td\/>\n<td class=\"ralign\"\/>\n<td class=\"ralign\"\/><\/tr>\n<tr class=\"even\">\n<td>12.<\/td>\n<td>Latvija<\/td>\n<td class=\"ralign\">2+11<\/td>\n<td class=\"ralign\">+3:27.6<\/td>\n<\/tr>\n","protected":false},"excerpt":{"rendered":"Latviju \u0161oreiz p\u0101rst\u0101v\u0113ja Ren\u0101rs Birkent\u0101ls, Andrejs Rastorgujevs, Aleksandrs Patrijuks un Edgars Mise. Latvie\u0161i ar diviem soda ap\u013ciem un&hellip;\n","protected":false},"author":2,"featured_media":101157,"comment_status":"","ping_status":"","sticky":false,"template":"","format":"standard","meta":{"footnotes":""},"categories":[5],"tags":[23,28,29,32,33,22,30,31,35,39,38,36,37,34,40,20,26,27,24,25,620,21],"class_list":{"0":"post-101156","1":"post","2":"type-post","3":"status-publish","4":"format-standard","5":"has-post-thumbnail","7":"category-aktualitates","8":"tag-aktualitates","9":"tag-breaking-news","10":"tag-breakingnews","11":"tag-featured-news","12":"tag-featurednews","13":"tag-headlines","14":"tag-latest-news","15":"tag-latestnews","16":"tag-latvia","17":"tag-latvian","18":"tag-latviesu","19":"tag-latviesu-valoda","20":"tag-latviesuvaloda","21":"tag-latvija","22":"tag-lv","23":"tag-news","24":"tag-popularakas-zinas","25":"tag-popularakaszinas","26":"tag-top-stories","27":"tag-topstories","28":"tag-ziemas-sports","29":"tag-zinas"},"share_on_mastodon":{"url":"https:\/\/pubeurope.com\/@lv\/115877153508306099","error":""},"_links":{"self":[{"href":"https:\/\/www.europesays.com\/lv\/wp-json\/wp\/v2\/posts\/101156","targetHints":{"allow":["GET"]}}],"collection":[{"href":"https:\/\/www.europesays.com\/lv\/wp-json\/wp\/v2\/posts"}],"about":[{"href":"https:\/\/www.europesays.com\/lv\/wp-json\/wp\/v2\/types\/post"}],"author":[{"embeddable":true,"href":"https:\/\/www.europesays.com\/lv\/wp-json\/wp\/v2\/users\/2"}],"replies":[{"embeddable":true,"href":"https:\/\/www.europesays.com\/lv\/wp-json\/wp\/v2\/comments?post=101156"}],"version-history":[{"count":0,"href":"https:\/\/www.europesays.com\/lv\/wp-json\/wp\/v2\/posts\/101156\/revisions"}],"wp:featuredmedia":[{"embeddable":true,"href":"https:\/\/www.europesays.com\/lv\/wp-json\/wp\/v2\/media\/101157"}],"wp:attachment":[{"href":"https:\/\/www.europesays.com\/lv\/wp-json\/wp\/v2\/media?parent=101156"}],"wp:term":[{"taxonomy":"category","embeddable":true,"href":"https:\/\/www.europesays.com\/lv\/wp-json\/wp\/v2\/categories?post=101156"},{"taxonomy":"post_tag","embeddable":true,"href":"https:\/\/www.europesays.com\/lv\/wp-json\/wp\/v2\/tags?post=101156"}],"curies":[{"name":"wp","href":"https:\/\/api.w.org\/{rel}","templated":true}]}}