{"id":101160,"date":"2026-01-11T15:27:12","date_gmt":"2026-01-11T15:27:12","guid":{"rendered":"https:\/\/www.europesays.com\/lv\/101160\/"},"modified":"2026-01-11T15:27:12","modified_gmt":"2026-01-11T15:27:12","slug":"jurmalas-dome-neatbalsta-jaunus-dzintaru-koncertzales-vadibas-kandidatus-izverte-pasvaldibas-lomu-lente-lv","status":"publish","type":"post","link":"https:\/\/www.europesays.com\/lv\/101160\/","title":{"rendered":"J\u016brmalas dome neatbalsta jaunus Dzintaru koncertz\u0101les vad\u012bbas kandid\u0101tus, izv\u0113rt\u0113 pa\u0161vald\u012bbas lomu\u00a0\u2014\u00a0Lente.lv"},"content":{"rendered":"<p>Dzintaru koncertz\u0101le mekl\u0113 jaunu vad\u012bt\u0101ju, ta\u010du konkurss nosl\u0113dzies bez rezult\u0101ta<\/p>\n<p>Dzintaru koncertz\u0101les vad\u012bbas jaut\u0101jums J\u016brmal\u0101 turpina rad\u012bt jaut\u0101jumus un neskaidr\u012bbu. Lai gan ilgsto\u0161ajam valdes loceklim Guntaram \u0136irsim amata pilnvaru termi\u0146\u0161 beidz\u0101s jau p\u0113rn august\u0101 un tika izsludin\u0101ts konkurss uz jaunu valdes locekli, J\u016brmalas domes p\u0101rst\u0101vji zi\u0146o, ka konkurss nosl\u0113dzies bez rezult\u0101ta. Pa\u0161vald\u012bba ar\u012b nav atbalst\u012bjusi nomin\u0101cijas komisijas izvirz\u012bt\u0101s kandidat\u016bras, liekot aizdom\u0101ties par turpm\u0101kajiem so\u013ciem un pa\u0161vald\u012bbas lomu kult\u016bras iest\u0101des p\u0101rvald\u012bb\u0101.<\/p>\n<p>Lai gan publiski pieejam\u0101 inform\u0101cija liecina, ka par Dzintaru koncertz\u0101les jauno valdes locekli iecelta bijus\u012b Eiropas Parlamenta un Saeimas deput\u0101te Iveta Grigule-P\u0113terse, J\u016brmalas domes p\u0101rst\u0101ve M\u0101ra Mi\u010dule nor\u0101da, ka \u0161\u012b poz\u012bcija ir pagaidu. Grigule-P\u0113terse ir ar\u012b viena no pretendent\u0113m uz past\u0101v\u012bgu vad\u012bt\u0101ja amatu, kur\u0101 pieteiku\u0161ies 18 cilv\u0113ki. Tom\u0113r J\u016brmalas pils\u0113tas dome nav atbalst\u012bjusi nomin\u0101cijas komisijas izvirz\u012bt\u0101s kandidat\u016bras, kas rad\u012bjis nepiecie\u0161am\u012bbu izv\u0113rt\u0113t pa\u0161vald\u012bbas turpm\u0101ko l\u012bdzdal\u012bbu kapit\u0101lsabiedr\u012bb\u0101 \u201cDzintaru koncertz\u0101le\u201d.<\/p>\n<p>Vadl\u012bbas krustcel\u0113s: no \u0136ir\u0161a \u0113ras beig\u0101m l\u012bdz pagaidu risin\u0101jumiem<\/p>\n<p>Guntara \u0136ir\u0161a gandr\u012bz 14 gadus ilg\u0101 vad\u012bbas \u0113ra Dzintaru koncertz\u0101l\u0113 nosl\u0113dz\u0101s 2023. gada 31. august\u0101, kad vi\u0146am beidz\u0101s amata pilnvaru termi\u0146\u0161. \u0136ir\u0161a aizie\u0161ana bija saist\u012bta ar likuma pras\u012bb\u0101m, kas liedza apvienot amatu Dzintaru koncertz\u0101les vald\u0113 un Kult\u016bras ministrijas kapit\u0101lsabiedr\u012bbas \u201cLatvijas koncerti\u201d direktora amatu. Vi\u0146\u0161 apliecin\u0101ja, ka \u0161o apvieno\u0161anu nebija paredz\u0113ts veikt ilgtermi\u0146\u0101 un ka vi\u0146a darbs \u201cLatvijas koncertos\u201d neciet\u012bs no pien\u0101kumu veik\u0161anas Dzintaru koncertz\u0101l\u0113. Toreiz gan tika zi\u0146ots, ka vi\u0146a amata pien\u0101kumi tiks veikti l\u012bdz jauna valdes locek\u013ca iecel\u0161anai.<\/p>\n<p>Lai gan s\u0101kotn\u0113ji konkurss uz valdes locek\u013ca amatu tika izsludin\u0101ts ar m\u0113r\u0137i iepaz\u012bties ar kandid\u0101tu pied\u0101v\u0101tajiem redz\u0113jumiem par koncertz\u0101les att\u012bst\u012bbu, pa\u0161reiz\u0113jie kandid\u0101ti nav sa\u0146\u0113mu\u0161i domes atbalstu. K\u0101 skaidro J\u016brmalas domes p\u0101rst\u0101vji, l\u0113mums pie\u0146emts, lai iepaz\u012btos ar kandid\u0101tu redz\u0113jumu par koncertz\u0101les att\u012bst\u012bbu un izv\u0113rt\u0113tu nepiecie\u0161am\u012bbu p\u0113c b\u016btiska pa\u0161vald\u012bbas bud\u017eeta finans\u0113juma.<\/p>\n<p>Iveta Grigule-P\u0113terse: politi\u0137e pie Dzintaru koncertz\u0101les st\u016bres<\/p>\n<p>Iveta Grigule-P\u0113terse, bijus\u012b Eiropas Parlamenta un Saeimas deput\u0101te, ir uz\u0146\u0113musies pagaidu vad\u012bt\u0101jas pien\u0101kumus Dzintaru koncertz\u0101l\u0113. Vi\u0146a ir paz\u012bstama ar savu darb\u012bbu Latvijas politik\u0101 un iepriek\u0161 bijusi cie\u0161i saist\u012bta ar J\u016brmalas pa\u0161vald\u012bbu, str\u0101d\u0101jot par pal\u012bdzi biju\u0161ajam J\u016brmalas izpilddirektoram un m\u0113ram Gatim Truksnim. Grigule-P\u0113terse ir ar\u012b viena no 18 pretendentiem, kas pieteiku\u0161ies uz past\u0101v\u012bgu vad\u012bt\u0101ja amatu, tom\u0113r vi\u0146as iecel\u0161ana un konkursa gaita rada jaut\u0101jumus par procesa caursp\u012bd\u012bgumu.<\/p>\n<p>J\u016brmalas pa\u0161vald\u012bbas loma un n\u0101kotnes perspekt\u012bvas<\/p>\n<p>Dzintaru koncertz\u0101le ir J\u016brmalas kult\u016bras dz\u012bves centr\u0101lais objekts un viz\u012btkarte, kas prasa stabilu un strat\u0113\u0123isku p\u0101rvald\u012bbu. J\u016brmalas valstspils\u0113tas pa\u0161vald\u012bbas izpilddirektors Edgars Stobovs ir nor\u0101d\u012bjis, ka koncertz\u0101lei nepiecie\u0161ams jauns redz\u0113jums un att\u012bst\u012bba. Gandr\u012bz 40% no z\u0101les ie\u0146\u0113mumiem veido tie\u0161i pa\u0161vald\u012bbas bud\u017eeta finans\u0113jums, kas liecina par t\u0101s noz\u012bm\u012bgo lomu iest\u0101des darb\u012bb\u0101. Pa\u0161vald\u012bbas l\u0113mums izv\u0113rt\u0113t savu l\u012bdzdal\u012bbu kapit\u0101lsabiedr\u012bb\u0101 liecina par nepiecie\u0161am\u012bbu kritisk\u0101k raudz\u012bties uz kapit\u0101lsabiedr\u012bbu p\u0101rvald\u012bbu un l\u012bdzek\u013cu efekt\u012bvu izlietojumu.<\/p>\n<p>L\u0113mums par pa\u0161vald\u012bbas l\u012bdzdal\u012bbas izv\u0113rt\u0113\u0161anu tiks virz\u012bts uz domes s\u0113di ne v\u0113l\u0101k k\u0101 l\u012bdz 2026. gada apr\u012blim. \u0160is process ir da\u013ca no pla\u0161\u0101kas tendences Latvij\u0101, kur Valsts kontroles rev\u012bzijas uzsv\u0113ru\u0161as nepiecie\u0161am\u012bbu izv\u0113rt\u0113t pa\u0161vald\u012bbu l\u012bdzdal\u012bbu uz\u0146\u0113mumos. Kam\u0113r nav pie\u0146emts gal\u012bgais l\u0113mums, ikdienas darb\u012bbu nodro\u0161in\u0101s pagaidu valdes loceklis.<\/p>\n","protected":false},"excerpt":{"rendered":"Dzintaru koncertz\u0101le mekl\u0113 jaunu vad\u012bt\u0101ju, ta\u010du konkurss nosl\u0113dzies bez rezult\u0101ta Dzintaru koncertz\u0101les vad\u012bbas jaut\u0101jums J\u016brmal\u0101 turpina rad\u012bt jaut\u0101jumus&hellip;\n","protected":false},"author":2,"featured_media":101161,"comment_status":"","ping_status":"","sticky":false,"template":"","format":"standard","meta":{"footnotes":""},"categories":[12],"tags":[23,28,29,1054,32,33,22,24650,2198,3927,30,31,35,39,38,36,37,34,40,20,26,27,24,25,5233,21],"class_list":{"0":"post-101160","1":"post","2":"type-post","3":"status-publish","4":"format-standard","5":"has-post-thumbnail","7":"category-latvija","8":"tag-aktualitates","9":"tag-breaking-news","10":"tag-breakingnews","11":"tag-dzintaru-koncertzale","12":"tag-featured-news","13":"tag-featurednews","14":"tag-headlines","15":"tag-iveta-grigule-peterse","16":"tag-jurmalas-dome","17":"tag-konkurss","18":"tag-latest-news","19":"tag-latestnews","20":"tag-latvia","21":"tag-latvian","22":"tag-latviesu","23":"tag-latviesu-valoda","24":"tag-latviesuvaloda","25":"tag-latvija","26":"tag-lv","27":"tag-news","28":"tag-popularakas-zinas","29":"tag-popularakaszinas","30":"tag-top-stories","31":"tag-topstories","32":"tag-vadibas-maina","33":"tag-zinas"},"share_on_mastodon":{"url":"https:\/\/pubeurope.com\/@lv\/115877173322710391","error":""},"_links":{"self":[{"href":"https:\/\/www.europesays.com\/lv\/wp-json\/wp\/v2\/posts\/101160","targetHints":{"allow":["GET"]}}],"collection":[{"href":"https:\/\/www.europesays.com\/lv\/wp-json\/wp\/v2\/posts"}],"about":[{"href":"https:\/\/www.europesays.com\/lv\/wp-json\/wp\/v2\/types\/post"}],"author":[{"embeddable":true,"href":"https:\/\/www.europesays.com\/lv\/wp-json\/wp\/v2\/users\/2"}],"replies":[{"embeddable":true,"href":"https:\/\/www.europesays.com\/lv\/wp-json\/wp\/v2\/comments?post=101160"}],"version-history":[{"count":0,"href":"https:\/\/www.europesays.com\/lv\/wp-json\/wp\/v2\/posts\/101160\/revisions"}],"wp:featuredmedia":[{"embeddable":true,"href":"https:\/\/www.europesays.com\/lv\/wp-json\/wp\/v2\/media\/101161"}],"wp:attachment":[{"href":"https:\/\/www.europesays.com\/lv\/wp-json\/wp\/v2\/media?parent=101160"}],"wp:term":[{"taxonomy":"category","embeddable":true,"href":"https:\/\/www.europesays.com\/lv\/wp-json\/wp\/v2\/categories?post=101160"},{"taxonomy":"post_tag","embeddable":true,"href":"https:\/\/www.europesays.com\/lv\/wp-json\/wp\/v2\/tags?post=101160"}],"curies":[{"name":"wp","href":"https:\/\/api.w.org\/{rel}","templated":true}]}}