{"id":101162,"date":"2026-01-11T15:28:16","date_gmt":"2026-01-11T15:28:16","guid":{"rendered":"https:\/\/www.europesays.com\/lv\/101162\/"},"modified":"2026-01-11T15:28:16","modified_gmt":"2026-01-11T15:28:16","slug":"video-asinis-izaicinosi-zesti-un-stridigi-lemumi-rozentals-ringa-nokaute-zuti","status":"publish","type":"post","link":"https:\/\/www.europesays.com\/lv\/101162\/","title":{"rendered":"VIDEO. Asinis, izaicino\u0161i \u017eesti un str\u012bd\u012bgi l\u0113mumi! Rozent\u0101ls ring\u0101 nokaut\u0113 Zuti"},"content":{"rendered":"<p>    <img decoding=\"async\" src=\"https:\/\/www.europesays.com\/lv\/wp-content\/uploads\/2026\/01\/FotoJet-7-1024x683.jpg\" alt=\"&#10;\"\/><\/p>\n<p>Foto: Priv\u0101tais arh\u012bvs\n<\/p>\n<p>10:42, 11. janv\u0101ris 2026<\/p>\n<p>Sestdienas vakar\u0101 \u201cXiaomi Ar\u0113n\u0101\u201d norisin\u0101j\u0101s \u201cBazara 0 Fight Club III\u201d \u0161ovs. Pateicoties str\u012bd\u012bgiem l\u0113mumiem un sportistu karstasin\u012bbai, taj\u0101 norisin\u0101j\u0101s spriedzes pilni notikumi. Vakara galven\u0101 c\u012b\u0146a norisin\u0101j\u0101s starp Kristapu Zuti un Franci Rozent\u0101lu, kuru starp\u0101 jau labu laika valda konflikts. <\/p>\n<p>        Las\u012bt\u0101kie<br \/>\n        <a data-imagesrc=\"{&quot;300&quot;:&quot;https:\\\/\\\/lastatic.ams3.cdn.digitaloceanspaces.com\\\/2026\\\/01\\\/mi-300x200.png&quot;,&quot;1024&quot;:&quot;https:\\\/\\\/lastatic.ams3.cdn.digitaloceanspaces.com\\\/2026\\\/01\\\/mi-1024x683.png&quot;,&quot;500&quot;:&quot;https:\\\/\\\/lastatic.ams3.cdn.digitaloceanspaces.com\\\/2026\\\/01\\\/mi-500x333.png&quot;,&quot;800&quot;:&quot;https:\\\/\\\/lastatic.ams3.cdn.digitaloceanspaces.com\\\/2026\\\/01\\\/mi-800x533.png&quot;,&quot;1536&quot;:&quot;https:\\\/\\\/lastatic.ams3.cdn.digitaloceanspaces.com\\\/2026\\\/01\\\/mi.png&quot;}\" data-focuspoint=\"&quot;&quot;\" data-p=\"2491547\" href=\"https:\/\/www.la.lv\/paregojums-par-2026-gadu-piepildijies-tikai-nedelu-pec-gada-sakuma-gaisrege-aicina-gatavoties-talakajam\" class=\"content-item lazy-load\" wp_automatic_readability=\"26.5\" rel=\"nofollow noopener\" target=\"_blank\"><\/p>\n<p>                                <img decoding=\"async\" src=\"\" alt=\"\" style=\"\" data-imageid=\"\"\/><\/p>\n<p>                                Kokteilis<\/p>\n<p>\n                                                Pare\u0123ojums par 2026. gadu piepild\u012bjies tikai ned\u0113\u013cu p\u0113c gada s\u0101kuma: gai\u0161re\u0123e aicina gatavoties t\u0101l\u0101kajam\n                            <\/p>\n<p><\/a><a data-imagesrc=\"{&quot;300&quot;:&quot;https:\\\/\\\/lastatic.ams3.cdn.digitaloceanspaces.com\\\/2026\\\/01\\\/2965eb09-6ea6-4d76-8639-c2e5d2789de8-300x200.jpg&quot;,&quot;1024&quot;:&quot;https:\\\/\\\/lastatic.ams3.cdn.digitaloceanspaces.com\\\/2026\\\/01\\\/2965eb09-6ea6-4d76-8639-c2e5d2789de8-1024x683.jpg&quot;,&quot;1536&quot;:&quot;https:\\\/\\\/lastatic.ams3.cdn.digitaloceanspaces.com\\\/2026\\\/01\\\/2965eb09-6ea6-4d76-8639-c2e5d2789de8-1536x1024.jpg&quot;,&quot;500&quot;:&quot;https:\\\/\\\/lastatic.ams3.cdn.digitaloceanspaces.com\\\/2026\\\/01\\\/2965eb09-6ea6-4d76-8639-c2e5d2789de8-500x333.jpg&quot;,&quot;800&quot;:&quot;https:\\\/\\\/lastatic.ams3.cdn.digitaloceanspaces.com\\\/2026\\\/01\\\/2965eb09-6ea6-4d76-8639-c2e5d2789de8-800x533.jpg&quot;,&quot;1800&quot;:&quot;https:\\\/\\\/lastatic.ams3.cdn.digitaloceanspaces.com\\\/2026\\\/01\\\/2965eb09-6ea6-4d76-8639-c2e5d2789de8.jpg&quot;}\" data-focuspoint=\"&quot;&quot;\" data-p=\"2491975\" href=\"https:\/\/www.la.lv\/so-cetru-zodiaka-zimju-dzives-sakas-melna-svitra-tas-jau-sak-saskarties-ar-nopietniem-dzives-paversieniem\" class=\"content-item lazy-load\" wp_automatic_readability=\"26.5\" rel=\"nofollow noopener\" target=\"_blank\"><\/p>\n<p>                                <img decoding=\"async\" src=\"\" alt=\"\" style=\"\" data-imageid=\"\"\/><\/p>\n<p>                                Kokteilis<\/p>\n<p>\n                                                \u0160o \u010detru zodiaka z\u012bmju dz\u012bv\u0113s s\u0101kas \u201cmeln\u0101 sv\u012btra\u201d \u2013 t\u0101s jau s\u0101k saskarties ar nopietniem dz\u012bves pav\u0113rsieniem\n                            <\/p>\n<p><\/a><a data-imagesrc=\"{&quot;300&quot;:&quot;https:\\\/\\\/lastatic.ams3.cdn.digitaloceanspaces.com\\\/2026\\\/01\\\/FotoJet-22-300x200.jpg&quot;,&quot;1024&quot;:&quot;https:\\\/\\\/lastatic.ams3.cdn.digitaloceanspaces.com\\\/2026\\\/01\\\/FotoJet-22-1024x683.jpg&quot;,&quot;1536&quot;:&quot;https:\\\/\\\/lastatic.ams3.cdn.digitaloceanspaces.com\\\/2026\\\/01\\\/FotoJet-22-1536x1024.jpg&quot;,&quot;500&quot;:&quot;https:\\\/\\\/lastatic.ams3.cdn.digitaloceanspaces.com\\\/2026\\\/01\\\/FotoJet-22-500x333.jpg&quot;,&quot;800&quot;:&quot;https:\\\/\\\/lastatic.ams3.cdn.digitaloceanspaces.com\\\/2026\\\/01\\\/FotoJet-22-800x533.jpg&quot;,&quot;1800&quot;:&quot;https:\\\/\\\/lastatic.ams3.cdn.digitaloceanspaces.com\\\/2026\\\/01\\\/FotoJet-22.jpg&quot;}\" data-focuspoint=\"&quot;&quot;\" data-p=\"2492223\" href=\"https:\/\/www.la.lv\/foto-luk-sadas-personibas-maina-liktenus-serojosa-sieva-un-daudzi-sabiedriba-zinami-cilveki-atvadas-no-imanta-freiberga\" class=\"content-item lazy-load\" wp_automatic_readability=\"27\" rel=\"nofollow noopener\" target=\"_blank\"><\/p>\n<p>                                <img decoding=\"async\" src=\"\" alt=\"\" style=\"\" data-imageid=\"\"\/><\/p>\n<p>                                            FOTO. \u201cL\u016bk, \u0161\u0101das person\u012bbas maina likte\u0146us!\u201d S\u0113rojo\u0161\u0101 sieva un daudzi sabiedr\u012bb\u0101 zin\u0101mi cilv\u0113ki atvad\u0101s no Imanta Freiberga\n                            <\/p>\n<p><\/a><br \/>\n        <a class=\"read-more\" href=\"https:\/\/www.la.lv\/top\" rel=\"nofollow noopener\" target=\"_blank\">Las\u012bt citas zi\u0146as<\/a><\/p>\n<p>Rozent\u0101ls, kur\u0161 ring\u0101 k\u0101pa d\u017einsu biks\u0113s, pacent\u0101s sag\u0101d\u0101t \u012bstu \u0161ovu. Vi\u0146\u0161 ring\u0101 ierad\u0101s no gaisa \u2013 no ar\u0113nas griestiem pa trosi. Abu sportistu c\u012b\u0146a norisin\u0101j\u0101s p\u0113c \u201cB0 Fist Bout\u201d noteikumiem jeb boksa c\u012b\u0146u ar MMA cimdiem.<\/p>\n<p>Francis jau no pirmaj\u0101m sekund\u0113m bija \u013coti agres\u012bvi noska\u0146ots. Otraj\u0101 raund\u0101 Rozent\u0101ls ar prec\u012bzu sitienu s\u0113riju pan\u0101ca nokautu.<\/p>\n<p>    CITI \u0160OBR\u012aD LASA<\/p>\n<blockquote class=\"twitter-tweet\" wp_automatic_readability=\"5.2459016393443\">\n<p lang=\"lv\" dir=\"ltr\">Francis Bazara 0 \u0161ov\u0101 nokaut\u0113 Zuti <a href=\"https:\/\/t.co\/CxmsRBejA9\" rel=\"nofollow\">pic.twitter.com\/CxmsRBejA9<\/a><\/p>\n<p>\u2014 Sportisti\u0146\u0161 \uea00 (@Labais_Eksperts) <a href=\"https:\/\/twitter.com\/Labais_Eksperts\/status\/2010104144183640143?ref_src=twsrc%5Etfw\" rel=\"nofollow noopener\" target=\"_blank\">January 10, 2026<\/a><\/p>\n<\/blockquote>\n<p>Rozent\u0101ls ir vair\u0101kk\u0101rt\u0113js Latvijas \u010dempions boks\u0101. Vi\u0146\u0161 profesion\u0101laj\u0101 ring\u0101 aizvad\u012btaj\u0101s desmit c\u012b\u0146\u0101s nav piedz\u012bvojis nevienu zaud\u0113jumu. <\/p>\n<blockquote><p>Ar\u012b uzvaru p\u0101r Zuti vi\u0146\u0161 pamat\u012bgi nosvin\u0113ja. Rozent\u0101ls raid\u012bja vi\u0146a virzien\u0101 izaicino\u0161us \u017eestus. <\/p><\/blockquote>\n<p>Tikm\u0113r Zutis p\u0113c c\u012b\u0146as velt\u012bja skarbus v\u0101rdus Rozent\u0101lam, izaicinot vi\u0146u uz revan\u0161u, par ko Rozent\u0101ls pasm\u0113j\u0101s. <\/p>\n<p>Sav\u0101 \u201cInstagram\u201d kont\u0101 Zutis v\u0113rs\u0101s pie organizatoriem: \u201cMan kontrakt\u0101 bija 2 punkti, kuru d\u0113\u013c \u0161odien traum\u0113ts k\u0101pu ring\u0101\u2026 Revan\u0161s un honor\u0101rs pie izp\u0101rdodas ar\u0113nas. Es iek\u0101pu traum\u0113ts, t\u0101s nav atmaksas, bet b**\u2026 J\u016bs saucat sevi par Baz\u0101ra 0, k\u0101ds visp\u0101r var b\u016bt bazars par vieno\u0161an\u0101s pild\u012b\u0161anu? Es neko nesaku par pisakiem pakaus\u012b, es izk\u0101pu ar traumu, jo nem\u012b\u017eu, bet b*** pild\u0101t savus sol\u012bjumus.\u201d Nobeigum\u0101 Zutis velt\u012bja ar\u012b \u012bpa\u0161us v\u0101rdus Francim, nosaucot vi\u0146u par su\u0146u m\u0101t\u012bti. <\/p>\n<p>V\u0113l viens incidents notika kikboksa c\u012b\u0146\u0101 starp Zauru D\u017eavadovu un Kristapu Z\u012bli. Starp c\u012b\u0146as sporta p\u0101rst\u0101vjiem norisin\u0101j\u0101s \u010detri raundi \u2013 p\u0113c tre\u0161\u0101 raunda tiesne\u0161i nol\u0113ma pie\u0161\u0137irt papildu raundu. P\u0113c ilga l\u0113muma uzvara tika pie\u0161\u0137irta D\u017eavadovam, izraisot lielu Z\u012bles neapmierin\u0101t\u012bbu. Ar\u012b skat\u012bt\u0101ji bija \u0161ok\u0101 par t\u0101du rezult\u0101tu. <\/p>\n<p>Z\u012ble emocion\u0101li v\u0113rs\u0101s pie \u0161ova organizatoriem, tikm\u0113r D\u017eavadovs izr\u0101va mikrofona no \u0161ova vad\u012bt\u0101ja Zal\u0101na rok\u0101m v\u0113r\u0161oties pie skat\u012bt\u0101jiem un Z\u012bles. Vi\u0146\u0161 sac\u012bja, ka pirms c\u012b\u0146as vi\u0146\u0161 v\u0113l\u0113j\u0101s 5 raundu dueli, kam\u0113r Z\u012ble \u2013 3. <\/p>\n<p>\u201cBazara 0 Fight Night\u201d citu c\u012b\u0146u rezult\u0101ti: <\/p>\n<p>Zaurs D\u017eavadovs vs. Kristaps Z\u012ble \u2013 uzvara D\u017eavadovam ar tiesne\u0161u l\u0113mumu<br \/>Hasans Me\u017eijevs vs. Luiss da Silva \u2013 uzvara Me\u017eijevam ar s\u0101pju pa\u0146\u0113mienu 2. raund\u0101<br \/>Ri\u010dards Bolot\u0146iks vs. D\u017eoiltons Luterbahs \u2013 uzvara Luterbaham ar tiesne\u0161u l\u0113mumu<br \/>Dans Bukovskis vs. Jaroslavs Kuzoma \u2013 uzvara Bukovskim ar tiesne\u0161u l\u0113mumu<br \/>Raivo Auk\u0161tikalnis vs. Madars Flemings \u2013 uzvara Flemingam ar tiesne\u0161u l\u0113mumu<br \/>Raimonds Auk\u0161tikalns vs. Ahmets K\u0101ns Kili\u010ds \u2013 uzvara Auk\u0161tikalnam ar nokautu 1. raund\u0101<br \/>Aleksandrs \u010cerke\u0161ovs vs. Vaidas Jagelavi\u010dius \u2013 uzvara \u010cerke\u0161ovam ar nokautu 3. raund\u0101<br \/>Arturs Skabarnieks vs. Kventins Domingoss \u2013 bez rezult\u0101ta<br \/>Art\u016brs Leis\u0101ns vs. Baisangurs Makajevs \u2013 uzvara Makajevam ar s\u0101pju pa\u0146\u0113mienu 2. raund\u0101<br \/>Ri\u010dards Hauberts vs. Daigars Kasporovi\u010ds \u2013 uzvara Kasporovi\u010dam ar tiesne\u0161u l\u0113mumu<\/p>\n<p>T\u0113mas<\/p>\n<p>    SAIST\u012aTIE RAKSTI<\/p>\n<p>                            <script async src=\"https:\/\/platform.twitter.com\/widgets.js\" charset=\"utf-8\"><\/script><\/p>\n","protected":false},"excerpt":{"rendered":"Foto: Priv\u0101tais arh\u012bvs 10:42, 11. janv\u0101ris 2026 Sestdienas vakar\u0101 \u201cXiaomi Ar\u0113n\u0101\u201d norisin\u0101j\u0101s \u201cBazara 0 Fight Club III\u201d \u0161ovs.&hellip;\n","protected":false},"author":2,"featured_media":101163,"comment_status":"","ping_status":"","sticky":false,"template":"","format":"standard","meta":{"footnotes":""},"categories":[5],"tags":[23,28,29,32,33,22,30,31,35,39,38,36,37,34,40,20,26,27,24,25,21],"class_list":{"0":"post-101162","1":"post","2":"type-post","3":"status-publish","4":"format-standard","5":"has-post-thumbnail","7":"category-aktualitates","8":"tag-aktualitates","9":"tag-breaking-news","10":"tag-breakingnews","11":"tag-featured-news","12":"tag-featurednews","13":"tag-headlines","14":"tag-latest-news","15":"tag-latestnews","16":"tag-latvia","17":"tag-latvian","18":"tag-latviesu","19":"tag-latviesu-valoda","20":"tag-latviesuvaloda","21":"tag-latvija","22":"tag-lv","23":"tag-news","24":"tag-popularakas-zinas","25":"tag-popularakaszinas","26":"tag-top-stories","27":"tag-topstories","28":"tag-zinas"},"share_on_mastodon":{"url":"https:\/\/pubeurope.com\/@lv\/115877177173777982","error":""},"_links":{"self":[{"href":"https:\/\/www.europesays.com\/lv\/wp-json\/wp\/v2\/posts\/101162","targetHints":{"allow":["GET"]}}],"collection":[{"href":"https:\/\/www.europesays.com\/lv\/wp-json\/wp\/v2\/posts"}],"about":[{"href":"https:\/\/www.europesays.com\/lv\/wp-json\/wp\/v2\/types\/post"}],"author":[{"embeddable":true,"href":"https:\/\/www.europesays.com\/lv\/wp-json\/wp\/v2\/users\/2"}],"replies":[{"embeddable":true,"href":"https:\/\/www.europesays.com\/lv\/wp-json\/wp\/v2\/comments?post=101162"}],"version-history":[{"count":0,"href":"https:\/\/www.europesays.com\/lv\/wp-json\/wp\/v2\/posts\/101162\/revisions"}],"wp:featuredmedia":[{"embeddable":true,"href":"https:\/\/www.europesays.com\/lv\/wp-json\/wp\/v2\/media\/101163"}],"wp:attachment":[{"href":"https:\/\/www.europesays.com\/lv\/wp-json\/wp\/v2\/media?parent=101162"}],"wp:term":[{"taxonomy":"category","embeddable":true,"href":"https:\/\/www.europesays.com\/lv\/wp-json\/wp\/v2\/categories?post=101162"},{"taxonomy":"post_tag","embeddable":true,"href":"https:\/\/www.europesays.com\/lv\/wp-json\/wp\/v2\/tags?post=101162"}],"curies":[{"name":"wp","href":"https:\/\/api.w.org\/{rel}","templated":true}]}}