{"id":101167,"date":"2026-01-11T15:33:13","date_gmt":"2026-01-11T15:33:13","guid":{"rendered":"https:\/\/www.europesays.com\/lv\/101167\/"},"modified":"2026-01-11T15:33:13","modified_gmt":"2026-01-11T15:33:13","slug":"sniegotaja-sestdiena-uz-latvijas-autoceliem-gajis-boja-cilveks","status":"publish","type":"post","link":"https:\/\/www.europesays.com\/lv\/101167\/","title":{"rendered":"Sniegotaj\u0101 sestdien\u0101 uz Latvijas autoce\u013ciem g\u0101jis boj\u0101 cilv\u0113ks"},"content":{"rendered":"<p class=\"descr\">Aizvad\u012btaj\u0101 diennakt\u012b Latvij\u0101 re\u0123istr\u0113ti 172 ce\u013cu satiksmes negad\u012bjumi, tajos cietu\u0161as 14 personas un viena g\u0101jusi boj\u0101, liecina Valsts policijas apkopot\u0101 inform\u0101cija.<\/p>\n<p>Sestdien plkst. 9.26 Ropa\u017eu novada Stopi\u0146u pagasta <a href=\"https:\/\/nra.lv\/birka\/ulbroka\/\" target=\"_blank\" rel=\"noopener nofollow\">Ulbrok\u0101<\/a> v\u012brietis vad\u012bja automa\u0161\u012bnu &#8220;Opel Meriva&#8221; un pie nenoskaidrotiem apst\u0101k\u013ciem iebrauca ce\u013ca norobe\u017eojo\u0161\u0101 barjer\u0101. No g\u016btaj\u0101m traum\u0101m automa\u0161\u012bnas vad\u012bt\u0101js g\u0101ja boj\u0101.<\/p>\n<p>R\u012bgas re\u0123ion\u0101 re\u0123istr\u0113ti 103 <a href=\"https:\/\/nra.lv\/birka\/celu-satiksmes-negadijumi\/\" target=\"_blank\" rel=\"noopener nofollow\">ce\u013cu satiksmes negad\u012bjumi<\/a>, kuros cietu\u0161i septi\u0146i cilv\u0113ki, tostarp divi g\u0101j\u0113ji. Latgales re\u0123ion\u0101 re\u0123istr\u0113ti 14 negad\u012bjumi, divos negad\u012bjumos kopum\u0101 cieta pieci cilv\u0113ki, tostarp divi g\u0101j\u0113ji. Kurzemes re\u0123ion\u0101 fiks\u0113ti 13 ce\u013cu satiksmes negad\u012bjumi, un vien\u0101 no tiem cietu\u0161i divi cilv\u0113ki.<\/p>\n<p>Zemgales re\u0123ion\u0101 fiks\u0113ti 22 satiksmes negad\u012bjumi, bet Vidzemes re\u0123ion\u0101 &#8211; 20. \u0160ajos satiksmes negad\u012bjumos <a href=\"https:\/\/nra.lv\/birka\/cietusie\/\" target=\"_blank\" rel=\"noopener nofollow\">cietu\u0161o<\/a> nebija.<\/p>\n<p>Diennakts laik\u0101 ce\u013cu satiksmes jom\u0101 konstat\u0113ti 289 administrat\u012bvie p\u0101rk\u0101pumi, tostarp 60 reizes p\u0101rsniegts at\u013cautais brauk\u0161anas \u0101trums, bet 11 reizes fiks\u0113ta <a href=\"https:\/\/nra.lv\/birka\/agresiva-brauksana\/\" target=\"_blank\" rel=\"noopener nofollow\">agres\u012bva brauk\u0161ana<\/a>.<\/p>\n<p>\t\t\t\t\t\tinfo<\/p>\n<p>Uzzini pirmais<br \/>kas interesants noticis Latvij\u0101 un pasaul\u0113,<br \/>pievienojoties mums <a href=\"https:\/\/t.me\/neatkariga\" rel=\"nofollow\">Telegram<\/a> vai <a href=\"https:\/\/whatsapp.com\/channel\/0029VaMLFUH5K3zLU5s4wm3y\" rel=\"nofollow noopener\" target=\"_blank\">Whatsapp<\/a> kan\u0101l\u0101<\/p>\n","protected":false},"excerpt":{"rendered":"Aizvad\u012btaj\u0101 diennakt\u012b Latvij\u0101 re\u0123istr\u0113ti 172 ce\u013cu satiksmes negad\u012bjumi, tajos cietu\u0161as 14 personas un viena g\u0101jusi boj\u0101, liecina Valsts&hellip;\n","protected":false},"author":2,"featured_media":101168,"comment_status":"","ping_status":"","sticky":false,"template":"","format":"standard","meta":{"footnotes":""},"categories":[12],"tags":[23,28,29,32,33,22,30,31,35,39,38,36,37,34,40,20,26,27,24,25,21],"class_list":{"0":"post-101167","1":"post","2":"type-post","3":"status-publish","4":"format-standard","5":"has-post-thumbnail","7":"category-latvija","8":"tag-aktualitates","9":"tag-breaking-news","10":"tag-breakingnews","11":"tag-featured-news","12":"tag-featurednews","13":"tag-headlines","14":"tag-latest-news","15":"tag-latestnews","16":"tag-latvia","17":"tag-latvian","18":"tag-latviesu","19":"tag-latviesu-valoda","20":"tag-latviesuvaloda","21":"tag-latvija","22":"tag-lv","23":"tag-news","24":"tag-popularakas-zinas","25":"tag-popularakaszinas","26":"tag-top-stories","27":"tag-topstories","28":"tag-zinas"},"share_on_mastodon":{"url":"https:\/\/pubeurope.com\/@lv\/115877196845261144","error":""},"_links":{"self":[{"href":"https:\/\/www.europesays.com\/lv\/wp-json\/wp\/v2\/posts\/101167","targetHints":{"allow":["GET"]}}],"collection":[{"href":"https:\/\/www.europesays.com\/lv\/wp-json\/wp\/v2\/posts"}],"about":[{"href":"https:\/\/www.europesays.com\/lv\/wp-json\/wp\/v2\/types\/post"}],"author":[{"embeddable":true,"href":"https:\/\/www.europesays.com\/lv\/wp-json\/wp\/v2\/users\/2"}],"replies":[{"embeddable":true,"href":"https:\/\/www.europesays.com\/lv\/wp-json\/wp\/v2\/comments?post=101167"}],"version-history":[{"count":0,"href":"https:\/\/www.europesays.com\/lv\/wp-json\/wp\/v2\/posts\/101167\/revisions"}],"wp:featuredmedia":[{"embeddable":true,"href":"https:\/\/www.europesays.com\/lv\/wp-json\/wp\/v2\/media\/101168"}],"wp:attachment":[{"href":"https:\/\/www.europesays.com\/lv\/wp-json\/wp\/v2\/media?parent=101167"}],"wp:term":[{"taxonomy":"category","embeddable":true,"href":"https:\/\/www.europesays.com\/lv\/wp-json\/wp\/v2\/categories?post=101167"},{"taxonomy":"post_tag","embeddable":true,"href":"https:\/\/www.europesays.com\/lv\/wp-json\/wp\/v2\/tags?post=101167"}],"curies":[{"name":"wp","href":"https:\/\/api.w.org\/{rel}","templated":true}]}}