{"id":101175,"date":"2026-01-11T15:39:08","date_gmt":"2026-01-11T15:39:08","guid":{"rendered":"https:\/\/www.europesays.com\/lv\/101175\/"},"modified":"2026-01-11T15:39:08","modified_gmt":"2026-01-11T15:39:08","slug":"riga-ugunsgreka-del-evakueti-36-cilveki","status":"publish","type":"post","link":"https:\/\/www.europesays.com\/lv\/101175\/","title":{"rendered":"R\u012bg\u0101 ugunsgr\u0113ka d\u0113\u013c evaku\u0113ti 36 cilv\u0113ki"},"content":{"rendered":"<p>Viens cilv\u0113ks ugunsgr\u0113k\u0101 cietis.<\/p>\n<p><a href=\"https:\/\/www.apollo.lv\/term\/555464\/vugd\" class=\"topicLink\" target=\"_blank\" rel=\"nofollow noopener\">VUGD<\/a> \u0161odien plkst. 14.34 sa\u0146\u0113ma izsaukumu uz Anni\u0146mui\u017eas bulv\u0101ri R\u012bg\u0101, kur, k\u0101 liecin\u0101ja sa\u0146emt\u0101 inform\u0101cija, ugunsgr\u0113ks izc\u0113lies daudzdz\u012bvok\u013cu dz\u012bvojam\u0101 m\u0101j\u0101.<\/p>\n<p>Ierodoties notikuma viet\u0101, konstat\u0113ts, ka no se\u0161padsmitst\u0101vu \u0113kas aug\u0161\u0113jiem st\u0101viem n\u0101k d\u016bmi. Ugunsgr\u0113ks, kur dega piecpadsmit\u0101 st\u0101va dz\u012bvoklis 30 kvadr\u0101tmetru plat\u012bb\u0101, lokaliz\u0113ts plkst. 15.36.<\/p>\n<p>No \u0113kas evaku\u0113j\u0101s 30 cilv\u0113ki. Viens cilv\u0113ks, m\u0113\u0123inot dz\u0113st ugunsgr\u0113ku saviem sp\u0113kiem, ugunsgr\u0113k\u0101 cieta un nodots medi\u0137iem.<\/p>\n<p>Plkst. 16.31 VUGD notikuma viet\u0101 darbus nosl\u0113dza.<\/p>\n","protected":false},"excerpt":{"rendered":"Viens cilv\u0113ks ugunsgr\u0113k\u0101 cietis. VUGD \u0161odien plkst. 14.34 sa\u0146\u0113ma izsaukumu uz Anni\u0146mui\u017eas bulv\u0101ri R\u012bg\u0101, kur, k\u0101 liecin\u0101ja sa\u0146emt\u0101&hellip;\n","protected":false},"author":2,"featured_media":101176,"comment_status":"","ping_status":"","sticky":false,"template":"","format":"standard","meta":{"footnotes":""},"categories":[12],"tags":[23,28,29,5854,32,33,22,30,31,35,39,38,36,37,34,40,20,26,27,172,24,25,4908,21],"class_list":{"0":"post-101175","1":"post","2":"type-post","3":"status-publish","4":"format-standard","5":"has-post-thumbnail","7":"category-latvija","8":"tag-aktualitates","9":"tag-breaking-news","10":"tag-breakingnews","11":"tag-evakuacija","12":"tag-featured-news","13":"tag-featurednews","14":"tag-headlines","15":"tag-latest-news","16":"tag-latestnews","17":"tag-latvia","18":"tag-latvian","19":"tag-latviesu","20":"tag-latviesu-valoda","21":"tag-latviesuvaloda","22":"tag-latvija","23":"tag-lv","24":"tag-news","25":"tag-popularakas-zinas","26":"tag-popularakaszinas","27":"tag-riga","28":"tag-top-stories","29":"tag-topstories","30":"tag-vugd","31":"tag-zinas"},"share_on_mastodon":{"url":"https:\/\/pubeurope.com\/@lv\/115877220420717480","error":""},"_links":{"self":[{"href":"https:\/\/www.europesays.com\/lv\/wp-json\/wp\/v2\/posts\/101175","targetHints":{"allow":["GET"]}}],"collection":[{"href":"https:\/\/www.europesays.com\/lv\/wp-json\/wp\/v2\/posts"}],"about":[{"href":"https:\/\/www.europesays.com\/lv\/wp-json\/wp\/v2\/types\/post"}],"author":[{"embeddable":true,"href":"https:\/\/www.europesays.com\/lv\/wp-json\/wp\/v2\/users\/2"}],"replies":[{"embeddable":true,"href":"https:\/\/www.europesays.com\/lv\/wp-json\/wp\/v2\/comments?post=101175"}],"version-history":[{"count":0,"href":"https:\/\/www.europesays.com\/lv\/wp-json\/wp\/v2\/posts\/101175\/revisions"}],"wp:featuredmedia":[{"embeddable":true,"href":"https:\/\/www.europesays.com\/lv\/wp-json\/wp\/v2\/media\/101176"}],"wp:attachment":[{"href":"https:\/\/www.europesays.com\/lv\/wp-json\/wp\/v2\/media?parent=101175"}],"wp:term":[{"taxonomy":"category","embeddable":true,"href":"https:\/\/www.europesays.com\/lv\/wp-json\/wp\/v2\/categories?post=101175"},{"taxonomy":"post_tag","embeddable":true,"href":"https:\/\/www.europesays.com\/lv\/wp-json\/wp\/v2\/tags?post=101175"}],"curies":[{"name":"wp","href":"https:\/\/api.w.org\/{rel}","templated":true}]}}