{"id":10118,"date":"2025-10-02T03:20:22","date_gmt":"2025-10-02T03:20:22","guid":{"rendered":"https:\/\/www.europesays.com\/lv\/10118\/"},"modified":"2025-10-02T03:20:22","modified_gmt":"2025-10-02T03:20:22","slug":"2025-gada-budzets-ir-loti-labs-prioritates-drosiba-gimenes-un-izglitiba-lente-lv","status":"publish","type":"post","link":"https:\/\/www.europesays.com\/lv\/10118\/","title":{"rendered":"2025. gada bud\u017eets ir \u013coti labs, priorit\u0101tes \u2013 dro\u0161\u012bba, \u0123imenes un izgl\u012bt\u012bba\u00a0\u2014\u00a0Lente.lv"},"content":{"rendered":"<p>Finan\u0161u ministrs A\u0161eradens nov\u0113rt\u0113 n\u0101kam\u0101 gada bud\u017eetu k\u0101 \u013coti sekm\u012bgu<\/p>\n<p>Finan\u0161u ministrs Arvils A\u0161eradens (JV) ir izteicis atzin\u012bgu v\u0113rt\u0113jumu par n\u0101kam\u0101 gada valsts bud\u017eetu, nod\u0113v\u0113jot to par &#8220;\u013coti, \u013coti labu&#8221;. Neskatoties uz priek\u0161v\u0113l\u0113\u0161anu procesa ietekmi, ministrs uzsver, ka bud\u017eets atbilst pa\u0161reiz\u0113jiem izaicin\u0101jumiem un ir strat\u0113\u0123iski svar\u012bgs valsts att\u012bst\u012bbai. Bud\u017eeta projekts tiek pl\u0101nots apstiprin\u0101\u0161anai Ministru kabinet\u0101 14. oktobr\u012b un iesnieg\u0161anai Saeim\u0101 l\u012bdz 15. oktobrim.<\/p>\n<p>Bud\u017eeta priorit\u0101tes: Dro\u0161\u012bba, \u0122imenes un Izgl\u012bt\u012bba sa\u0146em papildu finans\u0113jumu<\/p>\n<p>N\u0101kam\u0101 gada valsts bud\u017eet\u0101 galven\u0101s priorit\u0101tes ir noteiktas tr\u012bs svar\u012bg\u0101s jom\u0101s: valsts dro\u0161\u012bba, atbalsts \u0123imen\u0113m ar b\u0113rniem un izgl\u012bt\u012bba. \u0160\u012bm priorit\u0101t\u0113m kopum\u0101 pl\u0101nots novirz\u012bt 565,5 miljonus eiro papildu finans\u0113juma. Iev\u0113rojama da\u013ca \u0161\u012bs summas, proti, 320,3 miljoni eiro, ir paredz\u0113ta valsts dro\u0161\u012bbas stiprin\u0101\u0161anai. Tas ietvers gan aizsardz\u012bbas sp\u0113ju un iek\u0161\u0113j\u0101s dro\u0161\u012bbas uzlabo\u0161anu, gan robe\u017eu infrastrukt\u016bras att\u012bst\u012bbu un iek\u0161\u0113jo dienestu moderniz\u0101ciju.<\/p>\n<p>Izgl\u012bt\u012bbas jomai pie\u0161\u0137irti 45 miljoni eiro, lai uzlabotu izgl\u012bt\u012bbas kvalit\u0101ti un ieviestu jaunu finans\u0113\u0161anas modeli. Savuk\u0101rt \u0123imen\u0113m ar b\u0113rniem paredz\u0113ts finans\u0113jums 94,8 miljonu eiro apm\u0113r\u0101. \u0160ie l\u012bdzek\u013ci tiks izmantoti, lai pilnveidotu pabalstus, \u012bpa\u0161i atbalstot \u0101rpus\u0123imenes apr\u016bp\u0113 eso\u0161us b\u0113rnus, k\u0101 ar\u012b saglab\u0101jot vec\u0101ku pabalstu 75% apm\u0113r\u0101 str\u0101d\u0101jo\u0161iem vec\u0101kiem. Papildu finans\u0113jums tiks novirz\u012bts ar\u012b citiem svar\u012bgiem pas\u0101kumiem, tai skait\u0101 atbalstam lauksaimniekiem un pievienot\u0101s v\u0113rt\u012bbas nodok\u013ca (PVN) samazin\u0101\u0161anai maizei, pienam, ol\u0101m un svaigai putnu ga\u013cai.<\/p>\n<p>Finansi\u0101lais aspekts un fisk\u0101l\u0101 discipl\u012bna<\/p>\n<p>Kop\u0113jie valsts bud\u017eeta izdevumi 2025. gad\u0101 pl\u0101noti 17,1 miljarda eiro apm\u0113r\u0101, kas ir iev\u0113rojams pieaugums sal\u012bdzin\u0101jum\u0101 ar iepriek\u0161\u0113jo gadu. Finan\u0161u ministrs Arvils A\u0161eradens uzsver, ka bud\u017eeta projekts ir veidots ar m\u0113r\u0137i nodro\u0161in\u0101t Latvijas iedz\u012bvot\u0101ju dro\u0161\u012bbas saj\u016btu par savu r\u012btdienu. Lai gan bud\u017eeta sagatavo\u0161anas process nav bijis viegls, tas ietver l\u012bdz \u0161im nebiju\u0161a m\u0113roga aizsardz\u012bbas finans\u0113jumu, kas ir strat\u0113\u0123iski svar\u012bgs valsts att\u012bst\u012bbai.<\/p>\n<p>Bud\u017eeta priorit\u0101ro pas\u0101kumu finans\u0113\u0161ana tiks nodro\u0161in\u0101ta, samazinot b\u0101zes izdevumus un nece\u013cot pamatnodok\u013cus. No n\u0101kam\u0101 gada 1. j\u016blija k\u0101 pilotprojekts tiks samazin\u0101ta pievienot\u0101s v\u0113rt\u012bbas nodok\u013ca likme b\u016btisk\u0101kajiem p\u0101rtikas produktiem \u2013 maizei, pienam, ol\u0101m un svaigai m\u0101jputnu ga\u013cai. T\u0101pat pl\u0101nots palielin\u0101t neapliekamo minimumu no 510 l\u012bdz 550 eiro m\u0113nes\u012b un minim\u0101lo algu no 740 l\u012bdz 780 eiro m\u0113nes\u012b. No 2025. gada 1. oktobra pensijas tiks indeks\u0113tas l\u012bdz 1488 eiro, nodro\u0161inot, ka 98% pension\u0101ru pensijas tiks p\u0101rskat\u012btas piln\u0101 apm\u0113r\u0101.<\/p>\n<p>Bud\u017eeta konsolid\u0101cija un n\u0101kotnes perspekt\u012bvas<\/p>\n<p>2025. gada valsts konsolid\u0113t\u0101 bud\u017eeta ie\u0146\u0113mumi tiek pl\u0101noti 15,1 miljarda, savuk\u0101rt izdevumi \u2013 17,1 miljarda eiro apm\u0113r\u0101. Sal\u012bdzinot ar 2024. gada bud\u017eetu, 2025. gad\u0101 pl\u0101notie valsts bud\u017eeta ie\u0146\u0113mumi paredz\u0113ti par 583,2 miljoniem eiro liel\u0101ki, savuk\u0101rt izdevumi \u2013 par 876,5 miljoniem eiro liel\u0101ki. Pamatbud\u017eet\u0101 pl\u0101notie ie\u0146\u0113mumi veido 10,2 miljardus, bet izdevumi 12,7 miljardus eiro. Savuk\u0101rt speci\u0101laj\u0101 bud\u017eet\u0101 ie\u0146\u0113mumi pl\u0101noti 5,2 miljardu eiro, bet izdevumi \u2013 4,7 miljardu eiro apm\u0113r\u0101.<\/p>\n<p>Finan\u0161u ministrs Arvils A\u0161eradens uzsver, ka bud\u017eeta projekts ir sagatavots valsts un iedz\u012bvot\u0101ju dro\u0161\u012bbai un konkur\u0113tsp\u0113jai. Valsts sp\u0113ja rea\u0123\u0113t uz da\u017e\u0101diem izaicin\u0101jumiem un aizsardz\u012bba pret da\u017e\u0101da veida apdraud\u0113jumiem saglab\u0101jas k\u0101 galven\u0101 priorit\u0101te. T\u0101d\u0113\u013c liel\u0101kie ieguld\u012bjumi n\u0101kamaj\u0101 gad\u0101 paredz\u0113ti, lai stiprin\u0101tu iek\u0161lietu un tieslietu dienestus, nodro\u0161in\u0101tu valsts aizsardz\u012bbai nepiecie\u0161amo apr\u012bkojumu un att\u012bst\u012btu aizsardz\u012bbas infrastrukt\u016bru, tostarp kiberdro\u0161\u012bbu. T\u0101pat tiek uzsv\u0113rts uzdevums mazin\u0101t ekonomisko nevienl\u012bdz\u012bbu iedz\u012bvot\u0101ju vid\u016b un veicin\u0101t konkur\u0113tsp\u0113ju. Bud\u017eet\u0101 pied\u0101v\u0101t\u0101s nodok\u013cu izmai\u0146as paredz\u0113tas t\u0101, lai ieguv\u0113ji b\u016btu teju visi str\u0101d\u0101jo\u0161ie iedz\u012bvot\u0101ji.<\/p>\n<p>Lai gan priek\u0161v\u0113l\u0113\u0161anu process ir atst\u0101jis savu ietekmi uz bud\u017eetu, kopum\u0101 tas tiek rakturots k\u0101 \u013coti labs un atbilsto\u0161s \u0161\u012b br\u012b\u017ea izaicin\u0101jumiem. Zi\u0146as par iesp\u0113jamiem sasp\u012bl\u0113jumiem koal\u012bcij\u0101 tiek noliegtas, uzsverot sp\u0113ju vienoties par svar\u012bgiem valsts att\u012bst\u012bbas jaut\u0101jumiem.<\/p>\n","protected":false},"excerpt":{"rendered":"Finan\u0161u ministrs A\u0161eradens nov\u0113rt\u0113 n\u0101kam\u0101 gada bud\u017eetu k\u0101 \u013coti sekm\u012bgu Finan\u0161u ministrs Arvils A\u0161eradens (JV) ir izteicis atzin\u012bgu&hellip;\n","protected":false},"author":2,"featured_media":10119,"comment_status":"","ping_status":"","sticky":false,"template":"","format":"standard","meta":{"footnotes":""},"categories":[5],"tags":[23,3025,28,29,334,32,33,22,30,31,35,39,38,36,37,34,1045,40,20,26,27,3878,24,25,331,21],"class_list":{"0":"post-10118","1":"post","2":"type-post","3":"status-publish","4":"format-standard","5":"has-post-thumbnail","7":"category-aktualitates","8":"tag-aktualitates","9":"tag-arvils-aseradens","10":"tag-breaking-news","11":"tag-breakingnews","12":"tag-drosiba","13":"tag-featured-news","14":"tag-featurednews","15":"tag-headlines","16":"tag-latest-news","17":"tag-latestnews","18":"tag-latvia","19":"tag-latvian","20":"tag-latviesu","21":"tag-latviesu-valoda","22":"tag-latviesuvaloda","23":"tag-latvija","24":"tag-latvijas-ekonomika","25":"tag-lv","26":"tag-news","27":"tag-popularakas-zinas","28":"tag-popularakaszinas","29":"tag-socialais-atbalsts","30":"tag-top-stories","31":"tag-topstories","32":"tag-valsts-budzets","33":"tag-zinas"},"share_on_mastodon":{"url":"","error":""},"_links":{"self":[{"href":"https:\/\/www.europesays.com\/lv\/wp-json\/wp\/v2\/posts\/10118","targetHints":{"allow":["GET"]}}],"collection":[{"href":"https:\/\/www.europesays.com\/lv\/wp-json\/wp\/v2\/posts"}],"about":[{"href":"https:\/\/www.europesays.com\/lv\/wp-json\/wp\/v2\/types\/post"}],"author":[{"embeddable":true,"href":"https:\/\/www.europesays.com\/lv\/wp-json\/wp\/v2\/users\/2"}],"replies":[{"embeddable":true,"href":"https:\/\/www.europesays.com\/lv\/wp-json\/wp\/v2\/comments?post=10118"}],"version-history":[{"count":0,"href":"https:\/\/www.europesays.com\/lv\/wp-json\/wp\/v2\/posts\/10118\/revisions"}],"wp:featuredmedia":[{"embeddable":true,"href":"https:\/\/www.europesays.com\/lv\/wp-json\/wp\/v2\/media\/10119"}],"wp:attachment":[{"href":"https:\/\/www.europesays.com\/lv\/wp-json\/wp\/v2\/media?parent=10118"}],"wp:term":[{"taxonomy":"category","embeddable":true,"href":"https:\/\/www.europesays.com\/lv\/wp-json\/wp\/v2\/categories?post=10118"},{"taxonomy":"post_tag","embeddable":true,"href":"https:\/\/www.europesays.com\/lv\/wp-json\/wp\/v2\/tags?post=10118"}],"curies":[{"name":"wp","href":"https:\/\/api.w.org\/{rel}","templated":true}]}}