{"id":101181,"date":"2026-01-11T15:45:06","date_gmt":"2026-01-11T15:45:06","guid":{"rendered":"https:\/\/www.europesays.com\/lv\/101181\/"},"modified":"2026-01-11T15:45:06","modified_gmt":"2026-01-11T15:45:06","slug":"iecava-top-jauna-militara-rupnica-modularo-pulvera-ladinu-razosanai-lente-lv","status":"publish","type":"post","link":"https:\/\/www.europesays.com\/lv\/101181\/","title":{"rendered":"Iecav\u0101 top jauna milit\u0101r\u0101 r\u016bpn\u012bca modul\u0101ro pulvera l\u0101di\u0146u ra\u017eo\u0161anai\u00a0\u2014\u00a0Lente.lv"},"content":{"rendered":"<p>Pamatos iem\u016br\u0113ta laika kapsula jaunajai milit\u0101rajai r\u016bpn\u012bcai<\/p>\n<p>Bauskas novada Iecavas pagasta me\u017eos ir uzs\u0101kta jaunas milit\u0101r\u0101s r\u016bpn\u012bcas celtniec\u012bba, kas paredz\u0113ta modul\u0101ro pulvera l\u0101di\u0146u ra\u017eo\u0161anai. \u0160is projekts, kas paz\u012bstams ar nosaukumu &#8220;Rollo&#8221;, ir noz\u012bm\u012bgs solis Latvijas aizsardz\u012bbas industrijas att\u012bst\u012bb\u0101 un mun\u012bcijas pieg\u0101\u017eu dro\u0161\u012bbas stiprin\u0101\u0161an\u0101. K\u0101 zi\u0146o telekan\u0101ls TV3, \u0161odien, 8. janv\u0101r\u012b, v\u0113rien\u012bg\u0101s r\u016bpn\u012bcas pamatos tika simboliski iem\u016br\u0113ta laika kapsula.<\/p>\n<p>Strat\u0113\u0123isks solis Latvijas un Eiropas dro\u0161\u012bbai<\/p>\n<p>Aizsardz\u012bbas ministrs Andris Spr\u016bds pas\u0101kum\u0101 uzsv\u0113ra, ka r\u016bpn\u012bcas izveide ir strat\u0113\u0123iski noz\u012bm\u012bgs solis gan Latvijas, gan visas Eiropas dro\u0161\u012bbas stiprin\u0101\u0161an\u0101. Vi\u0146\u0161 nor\u0101d\u012bja, ka projekts nodro\u0161in\u0101s mun\u012bcijas pieg\u0101\u017eu \u0137\u0113\u017eu dro\u0161\u012bbu Nacion\u0101lajiem bru\u0146otajiem sp\u0113kiem (NBS), k\u0101 ar\u012b \u013caus eksport\u0113t mun\u012bciju cit\u0101m sabiedrotaj\u0101m valst\u012bm. &#8220;\u0160odien ir noz\u012bm\u012bga diena, jo m\u0113s sp\u0113r\u0101m \u013coti konkr\u0113tu praktisku soli \u2013 iebeton\u0113jam kapsulu \u0161ai modul\u0101ro pulveru l\u0101di\u0146u komplekt\u0113\u0161anas ra\u017eotnei,&#8221; sac\u012bja ministrs. \u0160\u012b ir pirm\u0101 \u0161\u0101da veida ra\u017eotne Baltijas valst\u012bs, un t\u0101s m\u0113r\u0137is ir palielin\u0101t mun\u012bcijas ra\u017eo\u0161anas jaudu Eirop\u0101.<\/p>\n<p>Ra\u017eo\u0161anas pl\u0101ni un jauda<\/p>\n<p>Jaunaj\u0101 r\u016bpn\u012bc\u0101 pl\u0101nots nodarbin\u0101t ap 20 cilv\u0113kus un gad\u0101 sara\u017eot aptuveni 50 000 modul\u0101ro pulvera l\u0101di\u0146u. Modul\u0101rie pulvera l\u0101di\u0146i ir b\u016btiska sast\u0101vda\u013ca artil\u0113rijas \u0161\u0101vi\u0146u sist\u0113m\u0101s; tie ir bund\u017e\u0101m l\u012bdz\u012bgi elementi, kas tiek ievietoti zem artil\u0113rijas \u0161\u0101vi\u0146a un, tiem sadegot, nodro\u0161ina \u0161\u0101vi\u0146a iz\u0161au\u0161anu no lielgabala stobra. Paredzams, ka r\u016bpn\u012bca tiks pabeigta \u0161\u012b gada ruden\u012b, un t\u0101s darb\u012bba pl\u0101nota s\u0101kt jau 2026. gada otraj\u0101 pus\u0113.<\/p>\n<p>Invest\u012bcijas un starptautisk\u0101 sadarb\u012bba<\/p>\n<p>Projekta &#8220;Rollo&#8221; \u012bstenot\u0101ja ir Valsts aizsardz\u012bbas korpor\u0101cija (VAK). R\u016bpn\u012bca atrad\u012bsies me\u017ea teritorij\u0101, t\u0101l\u0101k no apdz\u012bvot\u0101m viet\u0101m, iev\u0113rojot stingras dro\u0161\u012bbas pras\u012bbas. Projekta izveid\u0113 Latvija ieguld\u012bjusi 26 miljonus eiro, papildus sa\u0146emot 1 miljonu eiro finans\u0113jumu no Eiropas Savien\u012bbas. B\u016bvniec\u012bb\u0101 tiek izmantotas tehnolo\u0123ijas, ko nodro\u0161ina starptautiski partneri no It\u0101lijas, Francijas, Norv\u0113\u0123ijas un Somijas.<\/p>\n","protected":false},"excerpt":{"rendered":"Pamatos iem\u016br\u0113ta laika kapsula jaunajai milit\u0101rajai r\u016bpn\u012bcai Bauskas novada Iecavas pagasta me\u017eos ir uzs\u0101kta jaunas milit\u0101r\u0101s r\u016bpn\u012bcas celtniec\u012bba,&hellip;\n","protected":false},"author":2,"featured_media":101182,"comment_status":"","ping_status":"","sticky":false,"template":"","format":"standard","meta":{"footnotes":""},"categories":[12],"tags":[3225,23,28,29,32,33,22,19080,30,31,35,39,38,36,37,34,40,24582,2182,20,26,27,24,25,21],"class_list":{"0":"post-101181","1":"post","2":"type-post","3":"status-publish","4":"format-standard","5":"has-post-thumbnail","7":"category-latvija","8":"tag-aizsardzibas-industrija","9":"tag-aktualitates","10":"tag-breaking-news","11":"tag-breakingnews","12":"tag-featured-news","13":"tag-featurednews","14":"tag-headlines","15":"tag-iecava","16":"tag-latest-news","17":"tag-latestnews","18":"tag-latvia","19":"tag-latvian","20":"tag-latviesu","21":"tag-latviesu-valoda","22":"tag-latviesuvaloda","23":"tag-latvija","24":"tag-lv","25":"tag-militara-rupnica","26":"tag-municija","27":"tag-news","28":"tag-popularakas-zinas","29":"tag-popularakaszinas","30":"tag-top-stories","31":"tag-topstories","32":"tag-zinas"},"share_on_mastodon":{"url":"https:\/\/pubeurope.com\/@lv\/115877243971800341","error":""},"_links":{"self":[{"href":"https:\/\/www.europesays.com\/lv\/wp-json\/wp\/v2\/posts\/101181","targetHints":{"allow":["GET"]}}],"collection":[{"href":"https:\/\/www.europesays.com\/lv\/wp-json\/wp\/v2\/posts"}],"about":[{"href":"https:\/\/www.europesays.com\/lv\/wp-json\/wp\/v2\/types\/post"}],"author":[{"embeddable":true,"href":"https:\/\/www.europesays.com\/lv\/wp-json\/wp\/v2\/users\/2"}],"replies":[{"embeddable":true,"href":"https:\/\/www.europesays.com\/lv\/wp-json\/wp\/v2\/comments?post=101181"}],"version-history":[{"count":0,"href":"https:\/\/www.europesays.com\/lv\/wp-json\/wp\/v2\/posts\/101181\/revisions"}],"wp:featuredmedia":[{"embeddable":true,"href":"https:\/\/www.europesays.com\/lv\/wp-json\/wp\/v2\/media\/101182"}],"wp:attachment":[{"href":"https:\/\/www.europesays.com\/lv\/wp-json\/wp\/v2\/media?parent=101181"}],"wp:term":[{"taxonomy":"category","embeddable":true,"href":"https:\/\/www.europesays.com\/lv\/wp-json\/wp\/v2\/categories?post=101181"},{"taxonomy":"post_tag","embeddable":true,"href":"https:\/\/www.europesays.com\/lv\/wp-json\/wp\/v2\/tags?post=101181"}],"curies":[{"name":"wp","href":"https:\/\/api.w.org\/{rel}","templated":true}]}}