{"id":101207,"date":"2026-01-11T16:27:16","date_gmt":"2026-01-11T16:27:16","guid":{"rendered":"https:\/\/www.europesays.com\/lv\/101207\/"},"modified":"2026-01-11T16:27:16","modified_gmt":"2026-01-11T16:27:16","slug":"kuldiga-notikusi-nelaime-pasnavibu-izdarijusi-nepilngadiga-meitene-1188-lv","status":"publish","type":"post","link":"https:\/\/www.europesays.com\/lv\/101207\/","title":{"rendered":"Kuld\u012bg\u0101 notikusi nelaime &#8211; pa\u0161n\u0101v\u012bbu izdar\u012bjusi nepilngad\u012bga meitene &#8211; 1188.lv"},"content":{"rendered":"<ol>\n<li><a href=\"https:\/\/news.google.com\/rss\/articles\/CBMinwFBVV95cUxOLVNyVWJzVC1GaWc3cHZjcDJfX0xLUk1DNVUtSGI4djRtMklpb1hYTVcySXlWUnAzbHJrODVJZ1J4Yi1TMHM5QjFtRVJ4ZU5pQ2Y0WWVWOVFLUTN0cGRFUjVEaGllemQ3ZHFveGsyeTU0OEp5M3lyOV9QNnZRS2x1cVI0cl9zRHg0LUd5RHY2ZFpaaTdySUZQd3lHaThQWkE?oc=5\" target=\"_blank\" rel=\"nofollow noopener\">Kuld\u012bg\u0101 notikusi nelaime &#8211; pa\u0161n\u0101v\u012bbu izdar\u012bjusi nepilngad\u012bga meitene<\/a>&nbsp;&nbsp;1188.lv<\/li>\n<li><a href=\"https:\/\/news.google.com\/rss\/articles\/CBMingFBVV95cUxPbUFMS1NSeVRqcWk1QVpMUF9KUFFzcWktS2sxQ0pMSWp6Yl9VRXBMaXBwNDVrUVlqcjNMd3lzbWxqV2RhMjd6TVBoODc4SDZLVnhjdkFUNkFGUllJUjJlN2h3cFgyTW8tVktENmQtX2tOdFUxaUdWcmFGUDZqaTlfWTNZNDRnclRQYkpWSGh5SEZzM080MFE0NjRfOElSZw?oc=5\" target=\"_blank\" rel=\"nofollow noopener\">\u0160oks Kuld\u012bg\u0101: 8. klases skolniece izdara pa\u0161n\u0101v\u012bbu<\/a>&nbsp;&nbsp;NRA<\/li>\n<li><a href=\"https:\/\/news.google.com\/rss\/articles\/CBMikwFBVV95cUxOalppclZRM0hWWFpQWmJZZlB1TENNVEtxenFYRDFGenJGQk5TVkZxbkFHUnp5U3NXVUF4bGF3Mm40NXk1RXFta2hFX2NwS3RaMmFxOGwwOFprTmcwVV9mNEVaR1Flc0N4TlltLUI0TjNnSFFqR05mNVNETTNnWDB0MlhQX1dkTVVJcDhsb2p0cFN6RzQ?oc=5\" target=\"_blank\" rel=\"nofollow noopener\">\u0160oks Kuld\u012bg\u0101: 8. kases skolniece izdara pa\u0161n\u0101v\u012bbu<\/a>&nbsp;&nbsp;Inbox.lv<\/li>\n<li><a href=\"https:\/\/news.google.com\/rss\/articles\/CBMilAFBVV95cUxQOXR6N20wSG83UXNiSVFjb29zTWZoZFBsdFNwWnBjVXlIMTdXZXk0YW5UMUd4UVNfT2xlUTk5VUxTcmV5OVowLWlQV19fMHdLVkxmMHo3ckJ5UHg4REN0WVR6dGVBODRfQzlaR1pUdS1TcHcwalVOWncyQkpHU0MtX2E1NGw3enFpck1mVjE3NmpoanFu?oc=5\" target=\"_blank\" rel=\"nofollow noopener\">\u013boti skumjas zi\u0146as no Kuld\u012bgas \u2013 pa\u0161n\u0101v\u012bbu izdar\u012bjusi nepilngad\u012bga meitene<\/a>&nbsp;&nbsp;LA.LV<\/li>\n<li><a href=\"https:\/\/news.google.com\/rss\/articles\/CBMiswFBVV95cUxObHhhNkNBWC1wMnVSWm9WY0g1RW9vc1h6R1FUYjJwbDgzVWRsdU9LQ0Y3bTlPMW56dmd6aDZDSVZ1alBTOGpTbDJUWHd6bkprell0MTJ4QU1KN1JwTG94Z3R2ZjJaX0pFLWJJQ0s4dzg5NnQydnc4V3RfM21meVhfWmlIRFhzSE05S05NXzBhM1B0eWNvcnFCdk1xWEFRLVlrS0dqcEVacVRxNmVUZnJUeFVBTQ?oc=5\" target=\"_blank\" rel=\"nofollow noopener\">Tra\u0123\u0113dija Kuld\u012bg\u0101: 8. klases skolniece, visticam\u0101k, izdar\u012bjusi pa\u0161n\u0101v\u012bbu<\/a>&nbsp;&nbsp;Lente.lv<\/li>\n<\/ol>\n","protected":false},"excerpt":{"rendered":"Kuld\u012bg\u0101 notikusi nelaime &#8211; pa\u0161n\u0101v\u012bbu izdar\u012bjusi nepilngad\u012bga meitene&nbsp;&nbsp;1188.lv \u0160oks Kuld\u012bg\u0101: 8. klases skolniece izdara pa\u0161n\u0101v\u012bbu&nbsp;&nbsp;NRA \u0160oks Kuld\u012bg\u0101: 8.&hellip;\n","protected":false},"author":2,"featured_media":101208,"comment_status":"","ping_status":"","sticky":false,"template":"","format":"standard","meta":{"footnotes":""},"categories":[12],"tags":[129,4669,776,23,28,29,32,33,22,30,31,35,39,38,36,37,34,40,20,26,27,4670,777,4671,778,24,25,21],"class_list":{"0":"post-101207","1":"post","2":"type-post","3":"status-publish","4":"format-standard","5":"has-post-thumbnail","7":"category-latvija","8":"tag-__typenameadvicekeyword","9":"tag-id1013","10":"tag-id607","11":"tag-aktualitates","12":"tag-breaking-news","13":"tag-breakingnews","14":"tag-featured-news","15":"tag-featurednews","16":"tag-headlines","17":"tag-latest-news","18":"tag-latestnews","19":"tag-latvia","20":"tag-latvian","21":"tag-latviesu","22":"tag-latviesu-valoda","23":"tag-latviesuvaloda","24":"tag-latvija","25":"tag-lv","26":"tag-news","27":"tag-popularakas-zinas","28":"tag-popularakaszinas","29":"tag-slugin-memoriam","30":"tag-slugkriminalzinas","31":"tag-titlein-memoriam","32":"tag-titlekriminalzinas","33":"tag-top-stories","34":"tag-topstories","35":"tag-zinas"},"share_on_mastodon":{"url":"https:\/\/pubeurope.com\/@lv\/115877409170326468","error":""},"_links":{"self":[{"href":"https:\/\/www.europesays.com\/lv\/wp-json\/wp\/v2\/posts\/101207","targetHints":{"allow":["GET"]}}],"collection":[{"href":"https:\/\/www.europesays.com\/lv\/wp-json\/wp\/v2\/posts"}],"about":[{"href":"https:\/\/www.europesays.com\/lv\/wp-json\/wp\/v2\/types\/post"}],"author":[{"embeddable":true,"href":"https:\/\/www.europesays.com\/lv\/wp-json\/wp\/v2\/users\/2"}],"replies":[{"embeddable":true,"href":"https:\/\/www.europesays.com\/lv\/wp-json\/wp\/v2\/comments?post=101207"}],"version-history":[{"count":0,"href":"https:\/\/www.europesays.com\/lv\/wp-json\/wp\/v2\/posts\/101207\/revisions"}],"wp:featuredmedia":[{"embeddable":true,"href":"https:\/\/www.europesays.com\/lv\/wp-json\/wp\/v2\/media\/101208"}],"wp:attachment":[{"href":"https:\/\/www.europesays.com\/lv\/wp-json\/wp\/v2\/media?parent=101207"}],"wp:term":[{"taxonomy":"category","embeddable":true,"href":"https:\/\/www.europesays.com\/lv\/wp-json\/wp\/v2\/categories?post=101207"},{"taxonomy":"post_tag","embeddable":true,"href":"https:\/\/www.europesays.com\/lv\/wp-json\/wp\/v2\/tags?post=101207"}],"curies":[{"name":"wp","href":"https:\/\/api.w.org\/{rel}","templated":true}]}}