{"id":101235,"date":"2026-01-11T17:08:13","date_gmt":"2026-01-11T17:08:13","guid":{"rendered":"https:\/\/www.europesays.com\/lv\/101235\/"},"modified":"2026-01-11T17:08:13","modified_gmt":"2026-01-11T17:08:13","slug":"video-%e2%9f%a9-tukuma-novada-auto-avarija-tris-boja-gajusie","status":"publish","type":"post","link":"https:\/\/www.europesays.com\/lv\/101235\/","title":{"rendered":"VIDEO \u27e9 Tukuma novad\u0101 auto av\u0101rij\u0101 tr\u012bs boj\u0101 g\u0101ju\u0161ie"},"content":{"rendered":"<p>Plkst. 15.17 sa\u0146emts izsaukums uz Tukuma novadu, Sm\u0101rdes pagastu, kur notikusi sadursme starp se\u0161\u0101m automa\u0161\u012bn\u0101m, no kur\u0101m viena ir kravas automa\u0161\u012bna.<\/p>\n<p>S\u0101kotn\u0113j\u0101 inform\u0101cija liecina, ka boj\u0101 g\u0101ju\u0161as tr\u012bs personas, kas atradu\u0161\u0101s automa\u0161\u012bn\u0101 &#8220;Toyota Hilux&#8221;. Policija turpina darbu notikuma viet\u0101 un skaidro notiku\u0161\u0101 apst\u0101k\u013cus. \u0160obr\u012bd satiksme negad\u012bjuma viet\u0101 ir blo\u0137\u0113ta.<\/p>\n<p><img decoding=\"async\" class=\"figure__image\" onclick=\"triggerEvent('articleImageClick', { id: 17382838, focus: 'single-image', focusIndex: '17382838' })\" onkeydown=\"if (event.key === 'Enter') {&#10;        triggerEvent('articleImageClick', { id: 17382838, focus: 'single-image', focusIndex: '17382838' })&#10;        }\" role=\"button\" tabindex=\"0\" data-focus-from=\"single-image\" data-focus-index=\"17382838\" src=\"https:\/\/www.europesays.com\/lv\/wp-content\/uploads\/2026\/01\/17382838t1h2778.jpg\"  onload=\"this.parentElement.classList.remove('figure__image-loading')\" alt=\"\"\/> Foto: Ekr\u0101nuz\u0146\u0113mums no video<\/p>\n<p>Valsts policija atg\u0101dina, ka sv\u0113tdien snig\u0161anas d\u0113\u013c daudzviet Latvij\u0101 ir apgr\u016btin\u0101ta brauk\u0161ana. Policija aicina vad\u012bt\u0101jus nesteigties, iev\u0113rot ce\u013ca st\u0101voklim atbilsto\u0161u brauk\u0161anas \u0101trumu un dro\u0161u distanci.<\/p>\n<p>Valsts ugunsdz\u0113s\u012bbas un gl\u0101b\u0161anas dienest\u0101 inform\u0113ja, ka sv\u0113tdien plkst. 15.17 VUGD sa\u0146\u0113ma izsaukumu uz Tukuma novada Sm\u0101rdes pagastu, kur noticis ce\u013cu <a href=\"https:\/\/www.tvnet.lv\/term\/649259\/satiksmes-negadijums\" class=\"topicLink\" target=\"_blank\" rel=\"nofollow noopener\">satiksmes negad\u012bjums<\/a>.<\/p>\n<p>Notikuma viet\u0101 konstat\u0113ts, ka satiksmes negad\u012bjum\u0101 iesaist\u012bti se\u0161i transportl\u012bdzek\u013ci, no kuriem viena ir kravas automa\u0161\u012bna. Ugunsdz\u0113s\u0113ji gl\u0101b\u0113ji str\u0101d\u0101 notikuma viet\u0101.<\/p>\n","protected":false},"excerpt":{"rendered":"Plkst. 15.17 sa\u0146emts izsaukums uz Tukuma novadu, Sm\u0101rdes pagastu, kur notikusi sadursme starp se\u0161\u0101m automa\u0161\u012bn\u0101m, no kur\u0101m viena&hellip;\n","protected":false},"author":2,"featured_media":101236,"comment_status":"","ping_status":"","sticky":false,"template":"","format":"standard","meta":{"footnotes":""},"categories":[5],"tags":[23,2109,218,28,29,32,33,22,30,31,35,39,38,36,37,34,40,20,26,27,15401,24,25,4118,21],"class_list":{"0":"post-101235","1":"post","2":"type-post","3":"status-publish","4":"format-standard","5":"has-post-thumbnail","7":"category-aktualitates","8":"tag-aktualitates","9":"tag-autoavarija","10":"tag-avarijas","11":"tag-breaking-news","12":"tag-breakingnews","13":"tag-featured-news","14":"tag-featurednews","15":"tag-headlines","16":"tag-latest-news","17":"tag-latestnews","18":"tag-latvia","19":"tag-latvian","20":"tag-latviesu","21":"tag-latviesu-valoda","22":"tag-latviesuvaloda","23":"tag-latvija","24":"tag-lv","25":"tag-news","26":"tag-popularakas-zinas","27":"tag-popularakaszinas","28":"tag-satiksmes-negadijums","29":"tag-top-stories","30":"tag-topstories","31":"tag-tukums","32":"tag-zinas"},"share_on_mastodon":{"url":"https:\/\/pubeurope.com\/@lv\/115877570353946109","error":""},"_links":{"self":[{"href":"https:\/\/www.europesays.com\/lv\/wp-json\/wp\/v2\/posts\/101235","targetHints":{"allow":["GET"]}}],"collection":[{"href":"https:\/\/www.europesays.com\/lv\/wp-json\/wp\/v2\/posts"}],"about":[{"href":"https:\/\/www.europesays.com\/lv\/wp-json\/wp\/v2\/types\/post"}],"author":[{"embeddable":true,"href":"https:\/\/www.europesays.com\/lv\/wp-json\/wp\/v2\/users\/2"}],"replies":[{"embeddable":true,"href":"https:\/\/www.europesays.com\/lv\/wp-json\/wp\/v2\/comments?post=101235"}],"version-history":[{"count":0,"href":"https:\/\/www.europesays.com\/lv\/wp-json\/wp\/v2\/posts\/101235\/revisions"}],"wp:featuredmedia":[{"embeddable":true,"href":"https:\/\/www.europesays.com\/lv\/wp-json\/wp\/v2\/media\/101236"}],"wp:attachment":[{"href":"https:\/\/www.europesays.com\/lv\/wp-json\/wp\/v2\/media?parent=101235"}],"wp:term":[{"taxonomy":"category","embeddable":true,"href":"https:\/\/www.europesays.com\/lv\/wp-json\/wp\/v2\/categories?post=101235"},{"taxonomy":"post_tag","embeddable":true,"href":"https:\/\/www.europesays.com\/lv\/wp-json\/wp\/v2\/tags?post=101235"}],"curies":[{"name":"wp","href":"https:\/\/api.w.org\/{rel}","templated":true}]}}