{"id":101240,"date":"2026-01-11T17:16:21","date_gmt":"2026-01-11T17:16:21","guid":{"rendered":"https:\/\/www.europesays.com\/lv\/101240\/"},"modified":"2026-01-11T17:16:21","modified_gmt":"2026-01-11T17:16:21","slug":"latvijas-skeletonisti-proteste-pret-krievijas-sportistu-dalibu-eiropas-kausa-sanem-draudus-no-ibsf-lente-lv","status":"publish","type":"post","link":"https:\/\/www.europesays.com\/lv\/101240\/","title":{"rendered":"Latvijas skeletonisti protest\u0113 pret Krievijas sportistu dal\u012bbu Eiropas kaus\u0101; sa\u0146em draudus no IBSF\u00a0\u2014\u00a0Lente.lv"},"content":{"rendered":"<p>Latvijas skeletonistu protestam pievienojas Ukraina un Zviedrija<\/p>\n<p>Eiropas kausa posm\u0101 skeleton\u0101, kas norisin\u0101j\u0101s \u012aglsas tras\u0113 Austrij\u0101, Latvijas skeletona izlases p\u0101rst\u0101vji kop\u0101 ar Ukrainas un Zviedrijas sportistiem paudu\u0161i protestu pret Krievijas sportistu pielai\u0161anu sacens\u012bb\u0101m. Protesta m\u0113r\u0137is bija skaidri paust nost\u0101ju pret Krievijas sportistu dal\u012bbu, neatkar\u012bgi no vi\u0146u statusa \u2013 vai tie start\u0113 k\u0101 neitr\u0101li atl\u0113ti vai ofici\u0101li p\u0101rst\u0101vot savu valsti. K\u0101 nor\u0101d\u012bjis Latvijas skeletona izlases treneris Ivo \u0160teinbergs, \u0161\u0101da dal\u012bba ir piln\u012bgi nepie\u0146emama, kam\u0113r Krievija turpina karu Ukrain\u0101 un nogalina civiliedz\u012bvot\u0101jus. T\u0101 ir gan Latvijas skeletona izlases, gan vi\u0146a person\u012bg\u0101 nost\u0101ja.<\/p>\n<p>IBSF amatpersonu reakcija un draudi<\/p>\n<p>Starptautisk\u0101s Bobsleja un skeletona feder\u0101cijas (IBSF) amatpersonas centu\u0161\u0101s kav\u0113t protesta akciju, m\u0113\u0123inot at\u0146emt plak\u0101tus protesta dal\u012bbniekiem, k\u0101 ar\u012b draud\u0113ju\u0161as ar policijas izsauk\u0161anu un nepielai\u0161anu pie sacens\u012bb\u0101m. T\u0101pat tika atsavin\u0101ti da\u017eu sportistu telefoni, kuros tika film\u0113ts notieko\u0161ais. IBSF amatpersonas uzsv\u0113ra, ka sports nav jaucams ar politiku, ta\u010du protest\u0113t\u0101ji pauda, ka piln\u012bb\u0101 atdal\u012bt sportu no politisk\u0101s realit\u0101tes, \u012bpa\u0161i kara apst\u0101k\u013cos, nav iesp\u0113jams.<\/p>\n<p>Ofici\u0101la s\u016bdz\u012bba un juridisk\u0101s sekas<\/p>\n<p>Latvijas Bobsleja un skeletona feder\u0101cijai (LBSF) no IBSF ir nos\u016bt\u012bta ofici\u0101la s\u016bdz\u012bba, nor\u0101dot uz organiz\u0101cijas \u0113tikas kodeksa p\u0101rk\u0101pumu saist\u012bb\u0101 ar protestu. LBSF \u0123ener\u0101lsekret\u0101re Janika Judeika attur\u0113jusies no pla\u0161\u0101kiem koment\u0101riem, nor\u0101dot, ka zinot tikai pa\u0161u faktu. IBSF \u0123ener\u0101lsekret\u0101re ir izteikusi ofici\u0101lu br\u012bdin\u0101jumu Ivo \u0160teinbergam, nor\u0101dot, ka, turpinoties \u0161\u0101dai r\u012bc\u012bbai, vi\u0146am var\u0113tu tikt liegta piek\u013cuve sacens\u012bbu norises vietai \u012agls\u0101 un, iesp\u0113jams, ar\u012b cit\u0101s tras\u0113s. Vienlaikus treneris uzsv\u0113ra, ka pret sportistiem sankcijas nav piem\u0113rotas un vi\u0146u dal\u012bba sacens\u012bb\u0101s netika ierobe\u017eota. <\/p>\n<p>Krievijas sportistu dal\u012bbas konteksts un starptautisk\u0101 politika<\/p>\n<p>Eiropas kausa sacens\u012bb\u0101m k\u0101 neitr\u0101lais atl\u0113ts bija pieteikts ar\u012b Krievijas skeletonists Vladislavs Semjonovs, kur\u0161 atrodas Ukrainas sankciju sarakst\u0101 k\u0101 Krievijas armijas sporta kluba biedrs. Lai gan Starptautisk\u0101s Bobsleja un skeletona feder\u0101cijas (IBSF) kongress 2025. gada septembr\u012b noraid\u012bja Krievijas un Baltkrievijas sportistu atgrie\u0161anos starptautiskaj\u0101s sacens\u012bb\u0101s un dal\u012bbu 2026. gada olimpiskaj\u0101s sp\u0113l\u0113s, agr\u0101k tika pie\u0161\u0137irts neitr\u0101ls statuss devi\u0146iem Krievijas sportistiem. Latvijas nost\u0101ja \u0161aj\u0101 jaut\u0101jum\u0101 nav main\u012bjusies, uzsverot, ka dro\u0161\u012bba un taisn\u012bgums sacens\u012bb\u0101s nedr\u012bkst tikt kompromit\u0113ti. <\/p>\n<p>Turpm\u0101k\u0101 r\u012bc\u012bba un sportiskais konteksts<\/p>\n<p>Latvijas komanda turpin\u0101s koordin\u0113t savu r\u012bc\u012bbu ar Ukrainas sportistiem, lai aktualiz\u0113tu \u0161o jaut\u0101jumu starptautiskaj\u0101 sporta vid\u0113, ta\u010du pagaid\u0101m jaunas individu\u0101las protesta akcijas netiek pl\u0101notas. Eiropas kausa posms \u012agls\u0101 ir otr\u0101 l\u012bme\u0146a sacens\u012bbas aiz Pasaules kausa, kur sportisti kr\u0101j ieskaites punktus olimpiskaj\u0101 kvalifik\u0101cij\u0101. Latvijas skeletona izlase pirms sacens\u012bb\u0101m main\u012bja savus pl\u0101nus, lai piedal\u012btos Eiropas kaus\u0101 un c\u012bn\u012btos par nepiecie\u0161amajiem punktiem olimpiskaj\u0101 ieskait\u0113, jo cer uz 2+2 sportistu dal\u012bbu olimpiskaj\u0101s sp\u0113l\u0113s. <\/p>\n","protected":false},"excerpt":{"rendered":"Latvijas skeletonistu protestam pievienojas Ukraina un Zviedrija Eiropas kausa posm\u0101 skeleton\u0101, kas norisin\u0101j\u0101s \u012aglsas tras\u0113 Austrij\u0101, Latvijas skeletona&hellip;\n","protected":false},"author":2,"featured_media":101241,"comment_status":"","ping_status":"","sticky":false,"template":"","format":"standard","meta":{"footnotes":""},"categories":[17],"tags":[19308,12104,3083,35,39,38,36,37,34,24673,40,4204,67],"class_list":{"0":"post-101240","1":"post","2":"type-post","3":"status-publish","4":"format-standard","5":"has-post-thumbnail","7":"category-sports","8":"tag-eiropas-kauss","9":"tag-ibsf","10":"tag-krievijas-sportisti","11":"tag-latvia","12":"tag-latvian","13":"tag-latviesu","14":"tag-latviesu-valoda","15":"tag-latviesuvaloda","16":"tag-latvija","17":"tag-latvijas-skeletonisti","18":"tag-lv","19":"tag-protesti","20":"tag-sports"},"share_on_mastodon":{"url":"https:\/\/pubeurope.com\/@lv\/115877601797209872","error":""},"_links":{"self":[{"href":"https:\/\/www.europesays.com\/lv\/wp-json\/wp\/v2\/posts\/101240","targetHints":{"allow":["GET"]}}],"collection":[{"href":"https:\/\/www.europesays.com\/lv\/wp-json\/wp\/v2\/posts"}],"about":[{"href":"https:\/\/www.europesays.com\/lv\/wp-json\/wp\/v2\/types\/post"}],"author":[{"embeddable":true,"href":"https:\/\/www.europesays.com\/lv\/wp-json\/wp\/v2\/users\/2"}],"replies":[{"embeddable":true,"href":"https:\/\/www.europesays.com\/lv\/wp-json\/wp\/v2\/comments?post=101240"}],"version-history":[{"count":0,"href":"https:\/\/www.europesays.com\/lv\/wp-json\/wp\/v2\/posts\/101240\/revisions"}],"wp:featuredmedia":[{"embeddable":true,"href":"https:\/\/www.europesays.com\/lv\/wp-json\/wp\/v2\/media\/101241"}],"wp:attachment":[{"href":"https:\/\/www.europesays.com\/lv\/wp-json\/wp\/v2\/media?parent=101240"}],"wp:term":[{"taxonomy":"category","embeddable":true,"href":"https:\/\/www.europesays.com\/lv\/wp-json\/wp\/v2\/categories?post=101240"},{"taxonomy":"post_tag","embeddable":true,"href":"https:\/\/www.europesays.com\/lv\/wp-json\/wp\/v2\/tags?post=101240"}],"curies":[{"name":"wp","href":"https:\/\/api.w.org\/{rel}","templated":true}]}}