{"id":101246,"date":"2026-01-11T17:22:14","date_gmt":"2026-01-11T17:22:14","guid":{"rendered":"https:\/\/www.europesays.com\/lv\/101246\/"},"modified":"2026-01-11T17:22:14","modified_gmt":"2026-01-11T17:22:14","slug":"latviesu-basketbolisti-anete-steinberga-un-kristers-zoriks-veic-karjeras-pagrieziena-punktus-lente-lv-2","status":"publish","type":"post","link":"https:\/\/www.europesays.com\/lv\/101246\/","title":{"rendered":"Latvie\u0161u basketbolisti Anete \u0160teinberga un Kristers Zoriks veic karjeras pagrieziena punktus\u00a0\u2014\u00a0Lente.lv"},"content":{"rendered":"<p>\u0160teinberga turpina karjeru \u0136\u012bn\u0101, k\u013c\u016bstot par pirmo latvieti \u0161\u012bs l\u012bgas v\u0113stur\u0113<\/p>\n<p>Latvijas sievie\u0161u basketbola izlases kapteine Anete \u0160teinberga ir nosl\u0113gusi l\u012bgumu ar \u0136\u012bnas basketbola virsl\u012bgas klubu &#8220;Henan Jiyuan&#8221;. Vi\u0146a k\u013cuvusi par pirmo Latvijas basketbolisti, kas sp\u0113l\u0113s \u0161\u012bs l\u012bgas komand\u0101. L\u012bgums nosl\u0113gts l\u012bdz regul\u0101r\u0101s sezonas beig\u0101m ar iesp\u0113ju to pagarin\u0101t.<\/p>\n<p>\u0160o sezonu \u0160teinberga uzs\u0101ka It\u0101lijas \u010dempionvien\u012bb\u0101 &#8220;Famila Schio&#8221;, kur FIBA Eirol\u012bg\u0101 piec\u0101s sp\u0113l\u0113s vid\u0113ji guva 10,4 punktus, izc\u012bn\u012bja 2,2 atl\u0113ku\u0161\u0101s bumbas un atdeva 0,8 rezultat\u012bvas piesp\u0113les. It\u0101lijas A s\u0113rij\u0101 vi\u0146as statistika bija 5,3 punkti, 3,0 bumbas zem groziem un 0,5 piesp\u0113les \u010detr\u0101s aizvad\u012bt\u0101s sp\u0113l\u0113s.<\/p>\n<p>&#8220;Henan Jiyuan&#8221; ir viena no sp\u0113c\u012bg\u0101kaj\u0101m komand\u0101m \u0136\u012bnas sievie\u0161u basketbola virsl\u012bg\u0101, B grup\u0101 ar bilanci 8-4 ie\u0146emot tre\u0161o vietu. L\u012bga izce\u013cas ar augstiem standartiem un starptautisku sast\u0101vu, kur sp\u0113l\u0113 ar\u012b basketbolistes no ASV, Taiv\u0101nas, Nig\u0113rijas un cit\u0101m valst\u012bm. Komand\u0101 sp\u0113l\u0113 ar\u012b WNBA draft\u0113t\u0101s sp\u0113l\u0113t\u0101jas Imani Makd\u017e\u012b-Staforda un \u0160atori Vokere-Kimbro, kas apliecina l\u012bgas augsto l\u012bmeni. \u0160teinbergai paredz\u0113ts piedal\u012bties asto\u0146\u0101s sp\u0113l\u0113s l\u012bdz marta s\u0101kumam.<\/p>\n<p>Zoriks p\u0101rtrauc l\u012bgumu ar Sp\u0101nijas klubu, iesp\u0113jams, dosies uz It\u0101liju<\/p>\n<p>Latvijas basketbolists Kristers Zoriks ir vienojies par l\u012bguma p\u0101rtrauk\u0161anu ar Sp\u0101nijas augst\u0101k\u0101s basketbola l\u012bgas (ACB) klubu \u201cFor\u00e7a Lleida\u201d. Abas puses vienoju\u0161\u0101s par l\u012bguma izbeig\u0161anu pirms termi\u0146a, pamatojoties uz savstarp\u0113ju vieno\u0161anos. \u0160\u012b sezona 27 gadus vecajam latvie\u0161u aizsargam ACB l\u012bg\u0101 aizvad\u012bja 14 ma\u010dus, kuros vid\u0113ji guva 4,2 punktus, atdeva 1,6 rezultat\u012bvas piesp\u0113les un izc\u012bn\u012bja 0,9 atl\u0113ku\u0161\u0101s bumbas.<\/p>\n<p>Iepriek\u0161 Zoriks vienu sezonu sp\u0113l\u0113jis Turcijas komand\u0101 \u201cPetkim Spor\u201d, bet laika posm\u0101 no 2020. l\u012bdz 2023. gadam p\u0101rst\u0101v\u0113ja Latvijas titul\u0113t\u0101ko klubu \u201cVEF R\u012bga\u201d, ieg\u016bstot vair\u0101kus Latvijas un Latvijas-Igaunijas l\u012bgas \u010dempionu titulus. Lai gan ofici\u0101ls pazi\u0146ojums par Zorika n\u0101kamo klubu v\u0113l nav izdots, sporta mediji nor\u0101da, ka latvie\u0161u basketbolists karjeru var\u0113tu turpin\u0101t k\u0101d\u0101 no It\u0101lijas A s\u0113rijas komand\u0101m.<\/p>\n<p>Karjeru pagriezieni un n\u0101kotnes perspekt\u012bvas<\/p>\n<p>Anetes \u0160teinbergas p\u0101reja uz \u0136\u012bnas l\u012bgu tiek uzskat\u012bta par noz\u012bm\u012bgu notikumu Latvijas basketbola v\u0113stur\u0113, atverot jaunas perspekt\u012bvas latvie\u0161u sportistiem. Vi\u0146as karjeras laik\u0101 35 gadus vec\u0101 sp\u0113l\u0113t\u0101ja ir p\u0101rst\u0101v\u0113jusi ar\u012b t\u0101dus klubus k\u0101 &#8220;TTT R\u012bga&#8221;, Be\u013c\u0123ijas &#8220;Castors Braine&#8221;, \u010cehijas &#8220;Praha&#8221;, Turcijas &#8220;Galatasaray&#8221;, Francijas &#8220;Tango&#8221;, k\u0101 ar\u012b It\u0101lijas &#8220;Reyer Venezia&#8221; un &#8220;Famila Schio&#8221;.<\/p>\n<p>Savuk\u0101rt Kristers Zoriks, kur\u0161 iepriek\u0161 ir p\u0101rst\u0101v\u0113ja Francijas klubu &#8220;Le Portel&#8221;, ar p\u0101rtraukto l\u012bgumu ar &#8220;Lleida&#8221; mekl\u0113 jaunus izaicin\u0101jumus Eiropas basketbola elit\u0113. Vi\u0146a iepriek\u0161\u0113j\u0101s karjeras laik\u0101 ir ieguvis vair\u0101kus Latvijas \u010dempiontitulus un bijis viens no &#8220;VEF R\u012bga&#8221; l\u012bderiem.<\/p>\n","protected":false},"excerpt":{"rendered":"\u0160teinberga turpina karjeru \u0136\u012bn\u0101, k\u013c\u016bstot par pirmo latvieti \u0161\u012bs l\u012bgas v\u0113stur\u0113 Latvijas sievie\u0161u basketbola izlases kapteine Anete \u0160teinberga&hellip;\n","protected":false},"author":2,"featured_media":100921,"comment_status":"","ping_status":"","sticky":false,"template":"","format":"standard","meta":{"footnotes":""},"categories":[17],"tags":[3041,145,761,22749,35,39,38,36,37,34,5601,40,67],"class_list":{"0":"post-101246","1":"post","2":"type-post","3":"status-publish","4":"format-standard","5":"has-post-thumbnail","7":"category-sports","8":"tag-anete-steinberga","9":"tag-basketbols","10":"tag-karjera","11":"tag-kristers-zoriks","12":"tag-latvia","13":"tag-latvian","14":"tag-latviesu","15":"tag-latviesu-valoda","16":"tag-latviesuvaloda","17":"tag-latvija","18":"tag-latvijas-basketbolisti","19":"tag-lv","20":"tag-sports"},"share_on_mastodon":{"url":"https:\/\/pubeurope.com\/@lv\/115877625353034943","error":""},"_links":{"self":[{"href":"https:\/\/www.europesays.com\/lv\/wp-json\/wp\/v2\/posts\/101246","targetHints":{"allow":["GET"]}}],"collection":[{"href":"https:\/\/www.europesays.com\/lv\/wp-json\/wp\/v2\/posts"}],"about":[{"href":"https:\/\/www.europesays.com\/lv\/wp-json\/wp\/v2\/types\/post"}],"author":[{"embeddable":true,"href":"https:\/\/www.europesays.com\/lv\/wp-json\/wp\/v2\/users\/2"}],"replies":[{"embeddable":true,"href":"https:\/\/www.europesays.com\/lv\/wp-json\/wp\/v2\/comments?post=101246"}],"version-history":[{"count":0,"href":"https:\/\/www.europesays.com\/lv\/wp-json\/wp\/v2\/posts\/101246\/revisions"}],"wp:featuredmedia":[{"embeddable":true,"href":"https:\/\/www.europesays.com\/lv\/wp-json\/wp\/v2\/media\/100921"}],"wp:attachment":[{"href":"https:\/\/www.europesays.com\/lv\/wp-json\/wp\/v2\/media?parent=101246"}],"wp:term":[{"taxonomy":"category","embeddable":true,"href":"https:\/\/www.europesays.com\/lv\/wp-json\/wp\/v2\/categories?post=101246"},{"taxonomy":"post_tag","embeddable":true,"href":"https:\/\/www.europesays.com\/lv\/wp-json\/wp\/v2\/tags?post=101246"}],"curies":[{"name":"wp","href":"https:\/\/api.w.org\/{rel}","templated":true}]}}