{"id":101269,"date":"2026-01-11T18:25:07","date_gmt":"2026-01-11T18:25:07","guid":{"rendered":"https:\/\/www.europesays.com\/lv\/101269\/"},"modified":"2026-01-11T18:25:07","modified_gmt":"2026-01-11T18:25:07","slug":"slepeni-ierakstitas-sarunas-ir-palidzejusas-atklat-ari-celu-buves-karteli","status":"publish","type":"post","link":"https:\/\/www.europesays.com\/lv\/101269\/","title":{"rendered":"Slepeni ierakst\u012btas sarunas ir pal\u012bdz\u0113ju\u0161as atkl\u0101t ar\u012b ce\u013cu b\u016bves karteli"},"content":{"rendered":"<p>Par b\u016bvnieku karteli sabiedr\u012bba uzzin\u0101ja pirms se\u0161iem gadiem. <a href=\"https:\/\/www.apollo.lv\/term\/37581\/knab\" class=\"topicLink\" target=\"_blank\" rel=\"nofollow noopener\">KNAB<\/a> kop\u0101 ar Konkurences padomi veica izmekl\u0113\u0161anas darb\u012bbas pie liel\u0101kajiem b\u016bvniec\u012bbas flagma\u0146iem. Komp\u0101niju \u012bpa\u0161niekus, faktiskos vad\u012bt\u0101jus izsauca un nopratin\u0101ja. Tom\u0113r kuku\u013cdo\u0161anu liel\u0101 apm\u0113r\u0101 nepier\u0101d\u012bja un KNAB krimin\u0101lprocesu izbeidza. Bet liet\u0101 ieg\u016btos pier\u0101d\u012bjumus \u2013 Taure\u0146u pirt\u012b un pamat\u0101 biju\u0161aj\u0101 zvejnieku kolhoza &#8220;J\u016brasl\u012bcis&#8221; teritorij\u0101 ierakst\u012bto b\u016bvnieku sarunu at\u0161ifr\u0113jumus nodeva Konkurences padomei.<\/p>\n<p>T\u0101 sav\u0101 izmekl\u0113\u0161an\u0101 konstat\u0113ja smag\u0101ko no konkurences ties\u012bbu p\u0101rk\u0101pumiem- aizliegtu vieno\u0161anos jeb karteli. Turpat 90 publiskos iepirkumus vair\u0101ku gadu garum\u0101 sav\u0101 starp\u0101 sadal\u012bja 10 b\u016bvkomp\u0101nijas. Kop\u0113j\u0101 iepirkumu summa ir vair\u0101k nek\u0101 iespaid\u012bga 686 989 991 eiro. <a href=\"https:\/\/www.apollo.lv\/term\/568763\/konkurences-padome\" class=\"topicLink\" target=\"_blank\" rel=\"nofollow noopener\">Konkurences padome<\/a> uzskata, ka kartel\u012b bija iesaist\u012bta SIA &#8220;Skonto B\u016bve&#8221;, SIA &#8220;Re&amp;RE&#8221;, SIA &#8220;RERE B\u016aVE&#8221;, SIA &#8220;Ar\u010ders&#8221;, SIA &#8220;Latvijas energoceltnieks&#8221;, SIA &#8220;Merks&#8221;, &#8220;LNK Industries&#8221;, SIA &#8220;Abora&#8221; , SIA &#8220;RBSSKALS b\u016bvvad\u012bba&#8221;, un SIA &#8220;Velve&#8221;. Sod\u012bja visus, iz\u0146emot RBSSKALS B\u016bvvad\u012bba, jo tai bija iest\u0101jusies maks\u0101tnesp\u0113ja. Savuk\u0101rt &#8220;VELVE&#8221; , ko sarun\u0101s p\u0101rst\u0101v\u0113ja M\u0101ris Martinsons, ar Konkurences padomi nosl\u0113dza izl\u012bgumu, faktiski piekr\u012btot konstat\u0113tajiem faktiem par karte\u013ca vieno\u0161anos esam\u012bbu.<\/p>\n","protected":false},"excerpt":{"rendered":"Par b\u016bvnieku karteli sabiedr\u012bba uzzin\u0101ja pirms se\u0161iem gadiem. KNAB kop\u0101 ar Konkurences padomi veica izmekl\u0113\u0161anas darb\u012bbas pie liel\u0101kajiem&hellip;\n","protected":false},"author":2,"featured_media":43387,"comment_status":"","ping_status":"","sticky":false,"template":"","format":"standard","meta":{"footnotes":""},"categories":[12],"tags":[23,28,29,32,33,22,824,4027,667,30,31,35,39,38,36,37,34,40,20,26,27,24,25,21],"class_list":{"0":"post-101269","1":"post","2":"type-post","3":"status-publish","4":"format-standard","5":"has-post-thumbnail","7":"category-latvija","8":"tag-aktualitates","9":"tag-breaking-news","10":"tag-breakingnews","11":"tag-featured-news","12":"tag-featurednews","13":"tag-headlines","14":"tag-kartelis","15":"tag-knab","16":"tag-konkurences-padome","17":"tag-latest-news","18":"tag-latestnews","19":"tag-latvia","20":"tag-latvian","21":"tag-latviesu","22":"tag-latviesu-valoda","23":"tag-latviesuvaloda","24":"tag-latvija","25":"tag-lv","26":"tag-news","27":"tag-popularakas-zinas","28":"tag-popularakaszinas","29":"tag-top-stories","30":"tag-topstories","31":"tag-zinas"},"share_on_mastodon":{"url":"https:\/\/pubeurope.com\/@lv\/115877873088842630","error":""},"_links":{"self":[{"href":"https:\/\/www.europesays.com\/lv\/wp-json\/wp\/v2\/posts\/101269","targetHints":{"allow":["GET"]}}],"collection":[{"href":"https:\/\/www.europesays.com\/lv\/wp-json\/wp\/v2\/posts"}],"about":[{"href":"https:\/\/www.europesays.com\/lv\/wp-json\/wp\/v2\/types\/post"}],"author":[{"embeddable":true,"href":"https:\/\/www.europesays.com\/lv\/wp-json\/wp\/v2\/users\/2"}],"replies":[{"embeddable":true,"href":"https:\/\/www.europesays.com\/lv\/wp-json\/wp\/v2\/comments?post=101269"}],"version-history":[{"count":0,"href":"https:\/\/www.europesays.com\/lv\/wp-json\/wp\/v2\/posts\/101269\/revisions"}],"wp:featuredmedia":[{"embeddable":true,"href":"https:\/\/www.europesays.com\/lv\/wp-json\/wp\/v2\/media\/43387"}],"wp:attachment":[{"href":"https:\/\/www.europesays.com\/lv\/wp-json\/wp\/v2\/media?parent=101269"}],"wp:term":[{"taxonomy":"category","embeddable":true,"href":"https:\/\/www.europesays.com\/lv\/wp-json\/wp\/v2\/categories?post=101269"},{"taxonomy":"post_tag","embeddable":true,"href":"https:\/\/www.europesays.com\/lv\/wp-json\/wp\/v2\/tags?post=101269"}],"curies":[{"name":"wp","href":"https:\/\/api.w.org\/{rel}","templated":true}]}}