{"id":101283,"date":"2026-01-11T18:37:07","date_gmt":"2026-01-11T18:37:07","guid":{"rendered":"https:\/\/www.europesays.com\/lv\/101283\/"},"modified":"2026-01-11T18:37:07","modified_gmt":"2026-01-11T18:37:07","slug":"autotragedija-tukuma-novada-tris-cilveki-gajusi-boja","status":"publish","type":"post","link":"https:\/\/www.europesays.com\/lv\/101283\/","title":{"rendered":"Autotra\u0123\u0113dija Tukum\u0101 novad\u0101: tr\u012bs cilv\u0113ki g\u0101ju\u0161i boj\u0101"},"content":{"rendered":"<p class=\"descr\">Sv\u0113tdien av\u0101rij\u0101 Tukuma novad\u0101 boj\u0101 g\u0101ju\u0161as tr\u012bs personas, a\u0123ent\u016brai LETA pav\u0113st\u012bja Valsts policij\u0101.<\/p>\n<p>Plkst. 15.17 sa\u0146emts izsaukums uz <a href=\"https:\/\/nra.lv\/birka\/tukuma-novads\/\" target=\"_blank\" rel=\"noopener nofollow\">Tukuma novadu<\/a>, Sm\u0101rdes pagastu, kur notikusi sadursme starp se\u0161\u0101m automa\u0161\u012bn\u0101m, no kur\u0101m viena ir kravas automa\u0161\u012bna.<\/p>\n<p>Saska\u0146\u0101 ar LVC sniegto inform\u0101ciju, <a href=\"https:\/\/nra.lv\/birka\/celu-satiksmes-negadijums\/\" target=\"_blank\" rel=\"noopener nofollow\">ce\u013cu satiksmes negad\u012bjums<\/a> noticis uz Ventspils \u0161osejas (A10), pie \u0136emeriem.<\/p>\n<p>S\u0101kotn\u0113j\u0101 inform\u0101cija liecina, ka boj\u0101 g\u0101ju\u0161as tr\u012bs personas, kas atradu\u0161\u0101s automa\u0161\u012bn\u0101 &#8220;Toyota Hilux&#8221;. <a href=\"https:\/\/nra.lv\/birka\/valsts-policija\/\" target=\"_blank\" rel=\"noopener nofollow\">Policija<\/a> turpina darbu notikuma viet\u0101 un skaidro notiku\u0161\u0101 apst\u0101k\u013cus. \u0160obr\u012bd satiksme negad\u012bjuma viet\u0101 ir blo\u0137\u0113ta.<\/p>\n<p>Valsts policija atg\u0101dina, ka sv\u0113tdien snig\u0161anas d\u0113\u013c daudzviet Latvij\u0101 ir apgr\u016btin\u0101ta brauk\u0161ana. Policija aicina vad\u012bt\u0101jus nesteigties, iev\u0113rot ce\u013ca st\u0101voklim atbilsto\u0161u brauk\u0161anas \u0101trumu un dro\u0161u distanci.<\/p>\n<p>\t\t\t\t\t\tinfo<\/p>\n<p>Uzzini pirmais<br \/>kas interesants noticis Latvij\u0101 un pasaul\u0113,<br \/>pievienojoties mums <a href=\"https:\/\/t.me\/neatkariga\" rel=\"nofollow\">Telegram<\/a> vai <a href=\"https:\/\/whatsapp.com\/channel\/0029VaMLFUH5K3zLU5s4wm3y\" rel=\"nofollow noopener\" target=\"_blank\">Whatsapp<\/a> kan\u0101l\u0101<\/p>\n","protected":false},"excerpt":{"rendered":"Sv\u0113tdien av\u0101rij\u0101 Tukuma novad\u0101 boj\u0101 g\u0101ju\u0161as tr\u012bs personas, a\u0123ent\u016brai LETA pav\u0113st\u012bja Valsts policij\u0101. Plkst. 15.17 sa\u0146emts izsaukums uz&hellip;\n","protected":false},"author":2,"featured_media":101284,"comment_status":"","ping_status":"","sticky":false,"template":"","format":"standard","meta":{"footnotes":""},"categories":[12],"tags":[23,28,29,32,33,22,30,31,35,39,38,36,37,34,40,20,26,27,24,25,21],"class_list":{"0":"post-101283","1":"post","2":"type-post","3":"status-publish","4":"format-standard","5":"has-post-thumbnail","7":"category-latvija","8":"tag-aktualitates","9":"tag-breaking-news","10":"tag-breakingnews","11":"tag-featured-news","12":"tag-featurednews","13":"tag-headlines","14":"tag-latest-news","15":"tag-latestnews","16":"tag-latvia","17":"tag-latvian","18":"tag-latviesu","19":"tag-latviesu-valoda","20":"tag-latviesuvaloda","21":"tag-latvija","22":"tag-lv","23":"tag-news","24":"tag-popularakas-zinas","25":"tag-popularakaszinas","26":"tag-top-stories","27":"tag-topstories","28":"tag-zinas"},"share_on_mastodon":{"url":"https:\/\/pubeurope.com\/@lv\/115877920304856103","error":""},"_links":{"self":[{"href":"https:\/\/www.europesays.com\/lv\/wp-json\/wp\/v2\/posts\/101283","targetHints":{"allow":["GET"]}}],"collection":[{"href":"https:\/\/www.europesays.com\/lv\/wp-json\/wp\/v2\/posts"}],"about":[{"href":"https:\/\/www.europesays.com\/lv\/wp-json\/wp\/v2\/types\/post"}],"author":[{"embeddable":true,"href":"https:\/\/www.europesays.com\/lv\/wp-json\/wp\/v2\/users\/2"}],"replies":[{"embeddable":true,"href":"https:\/\/www.europesays.com\/lv\/wp-json\/wp\/v2\/comments?post=101283"}],"version-history":[{"count":0,"href":"https:\/\/www.europesays.com\/lv\/wp-json\/wp\/v2\/posts\/101283\/revisions"}],"wp:featuredmedia":[{"embeddable":true,"href":"https:\/\/www.europesays.com\/lv\/wp-json\/wp\/v2\/media\/101284"}],"wp:attachment":[{"href":"https:\/\/www.europesays.com\/lv\/wp-json\/wp\/v2\/media?parent=101283"}],"wp:term":[{"taxonomy":"category","embeddable":true,"href":"https:\/\/www.europesays.com\/lv\/wp-json\/wp\/v2\/categories?post=101283"},{"taxonomy":"post_tag","embeddable":true,"href":"https:\/\/www.europesays.com\/lv\/wp-json\/wp\/v2\/tags?post=101283"}],"curies":[{"name":"wp","href":"https:\/\/api.w.org\/{rel}","templated":true}]}}