{"id":101287,"date":"2026-01-11T18:45:06","date_gmt":"2026-01-11T18:45:06","guid":{"rendered":"https:\/\/www.europesays.com\/lv\/101287\/"},"modified":"2026-01-11T18:45:06","modified_gmt":"2026-01-11T18:45:06","slug":"ka-bez-partijam-lideris-broks-jauca-kartis-raksts","status":"publish","type":"post","link":"https:\/\/www.europesays.com\/lv\/101287\/","title":{"rendered":"k\u0101 \u00abBez partij\u0101m\u00bb l\u012bderis Broks \u00abjauca k\u0101rtis\u00bb \/ Raksts"},"content":{"rendered":"<p>V\u0113l \u0161\u012bs ned\u0113\u013cas s\u0101kum\u0101 \u0161\u0137ita, ka \u0161oruden Saeimas v\u0113l\u0113\u0161an\u0101s jaunaj\u0101 politiskaj\u0101 pied\u0101v\u0101jum\u0101 var\u0113tu b\u016bt tr\u012bs da\u017e\u0101di sp\u0113ki. Vien\u012bg\u0101 re\u0101li nodibin\u0101t\u0101 jaun\u0101 partija gan ir &#8220;Austo\u0161\u0101 saule Latvijai&#8221; (ASL), bet ska\u013ci pieteikt\u0101s kust\u012bbas &#8220;Bez partij\u0101m&#8221; dibin\u0101t\u0101ju ce\u013ci nu ir \u0161\u0137\u012bru\u0161ies.<\/p>\n<p>Amb\u012bcijas vad\u012bt k\u0101du partiju v\u0113l nav atlicis re\u017eisors Alvis Hermanis, savuk\u0101rt uz\u0146\u0113m\u0113ja Armanda Broka v\u0113l ned\u0113\u013cas s\u0101kum\u0101 Latvijas Radio &#8220;Krustpunkt\u0101&#8221; paust\u0101 gatav\u012bba turpin\u0101t ce\u013cu uz Saeimu nu ir &#8220;iepauz\u0113ta&#8221;. Broks pazi\u0146oja, ka negrib c\u012bn\u012bties ar &#8220;melno PR&#8221;, ta\u010du v\u0113l nesen pats var\u0113tu b\u016bt pas\u016bt\u012bjis to pret biju\u0161o l\u012bdzgaitnieku Hermani. Par \u0161\u0101du iesp\u0113ju liecina Latvijas Telev\u012bzijas raid\u012bjuma &#8220;de facto&#8221; r\u012bc\u012bb\u0101 non\u0101cis sarunas ieraksts.<\/p>\n<p>Re\u017eisors un Jaun\u0101 R\u012bgas te\u0101tra m\u0101kslinieciskais vad\u012bt\u0101js Alvis Hermanis ruden\u012b pazi\u0146oja, ka kop\u0101 ar uz\u0146\u0113m\u0113ju Armandu Broku, ekonomistu Guntaru V\u012btolu, Saeimas deput\u0101tu Didzi \u0160mitu un m\u0101c\u012bt\u0101ju P\u0113teri Spro\u0123i izveidoju\u0161i kust\u012bbu &#8220;Bez partij\u0101m&#8221;, kuras m\u0113r\u0137is ir main\u012bt v\u0113l\u0113\u0161anu sist\u0113mu Latvij\u0101.<\/p>\n<p>&#8220;M\u0113s nes\u0101k\u0101m partijas dibin\u0101\u0161anu ar to, ka ir nodruk\u0101ti visiem smuki T-krekli un cepures, un visi rok\u0101s sadev\u0101s un himnu dzied\u0101ja. Mums \u0161is posms izpalika. L\u012bdz ar to m\u0113s t\u0101 k\u0101 b\u016bv\u0113sim ma\u0161\u012bnu, ma\u0161\u012bnai jau braucot,&#8221; oktobr\u012b intervij\u0101 LTV st\u0101st\u012bja Hermanis.<\/p>\n<p>Dr\u012bz p\u0113c tam nodibin\u0101ja ar\u012b biedr\u012bbu, kur\u0101 pieciem kust\u012bbas aizs\u0101c\u0113jiem pievienoj\u0101s ar\u012b programm\u0113t\u0101js un konferen\u010du &#8220;Demos&#8221; r\u012bkot\u0101js J\u0101zeps Ba\u0161ko. Jau decembra s\u0101kum\u0101 Ba\u0161ko no kust\u012bbas izst\u0101j\u0101s.<\/p>\n<p>Decembra vid\u016b par aizie\u0161anu no kust\u012bbas pazi\u0146oja ar\u012b Hermanis, p\u0101rmezdams Brokam &#8220;d\u012bvainu uzv\u0101rdu&#8221; par\u0101d\u012b\u0161anos biroja vad\u012bbas person\u0101la izv\u0113l\u0113. Vec\u0101 gada p\u0113d\u0113j\u0101 dien\u0101 Hermanis pazi\u0146oja, ka vi\u0146i ar Ba\u0161ko iest\u0101ju\u0161ies savulaik no &#8220;KPV LV&#8221; atliek\u0101m veidotaj\u0101 partij\u0101 &#8220;Republika&#8221;. To iecer\u0113ts p\u0101rsaukt par partiju &#8220;M\u0113s main\u0101m noteikumus&#8221; un stat\u016btos paredz\u0113t m\u0113r\u0137us \u2013 v\u0113l\u0113\u0161anu k\u0101rt\u012bbas mai\u0146u un &#8220;10 punktus, k\u0101 uzlabot valsti&#8221;. Hermanis ar\u012b pauda gatav\u012bbu k\u013c\u016bt par p\u0101rveidot\u0101s partijas vad\u012bt\u0101ju.<\/p>\n<p>&#8220;de facto&#8221; v\u0113l\u0113j\u0101s interv\u0113t Hermani k\u0101 jaunas politiskas kust\u012bbas topo\u0161o l\u012bderi. Telefonsarun\u0101 vi\u0146\u0161 vispirms atg\u0101din\u0101ja, ka gribot run\u0101t tikai tie\u0161raid\u0113s, jo taj\u0101s neesot iesp\u0113jama mont\u0101\u017ea, tom\u0113r apsol\u012bja dienas gait\u0101 atbild\u0113t, vai intervijai piekr\u012bt. Atbildes viet\u0101 Hermanis izv\u0113l\u0113j\u0101s publiski apsauk\u0101ties savos soci\u0101lajos t\u012bklos.<a id=\"1\" name=\"1\"\/><\/p>\n<p>Ar\u012b Ba\u0161ko intervijai nepiekrita, rakstiski to pamatojot \u0161\u0101di: &#8220;M\u0113s esam gatavi atbild\u0113t uz visiem jaut\u0101jumiem, ja si\u017eets nav mont\u0113ts. Tikl\u012bdz notiek mont\u0101\u017ea, m\u0113s k\u013c\u016bstam par citu veidota manipulat\u012bva st\u0101sta dal\u012bbniekiem pret pa\u0161u gribu. (..) Ieraksts vai tie\u0161raide nav tik svar\u012bgi, cik tas, vai m\u016bsu sac\u012btais tiek pasniegts k\u0101 m\u016bsu sac\u012btais, vai k\u0101 deta\u013ca kaut k\u0101d\u0101 pavisam cit\u0101 st\u0101st\u0101. Man\u0101 ieskat\u0101, &#8220;de facto&#8221; form\u0101ts balst\u0101s deta\u013cu izvilk\u0161an\u0101, kas ir der\u012bgs varb\u016bt izmekl\u0113jo\u0161ai \u017eurn\u0101listikai, bet ne god\u012bgai diskusijai.&#8221;<\/p>\n<p>Tikm\u0113r Broks, kur\u0161 jau iepriek\u0161 bija pazi\u0146ojis, ka &#8220;Bez partij\u0101m&#8221; savu darb\u012bbu turpin\u0101s, pirmdien bija liel\u0101s intervijas viesis Latvijas Radio raid\u012bjum\u0101 &#8220;Krustpunkt\u0101&#8221;. Sazvan\u012bts dienu p\u0113c tam, Broks piekrita sarunai ar &#8220;de facto&#8221; ceturtdien\u0101.<\/p>\n<p>Tom\u0113r ar\u012b \u0161\u012b intervija nenotika: ceturtdien Broks publiski pazi\u0146oja, ka &#8220;iepauz\u0113 savu politisko darb\u012bbu&#8221;, jo neesot izdevies p\u0101rliecin\u0101t daudzus b\u016bt drosm\u012bg\u0101kiem un n\u0101kt politik\u0101.<\/p>\n<blockquote>\n<p>&#8220;Man nav nepiecie\u0161ams karot ar melno PR vai lauzties caur aizv\u0113rt\u0101m durv\u012bm,&#8221; pazi\u0146oja Broks. Intervij\u0101 LTV ruden\u012b vi\u0146\u0161 uzsv\u0113ra, ka gribot main\u012bt politikas net\u012br\u012bbu:<\/p>\n<\/blockquote>\n<p>&#8220;Protams, ka m\u0113s b\u016bsim caursp\u012bd\u012bgi. Tas jau ir tas, k\u0101p\u0113c m\u0113s n\u0101kam un ko m\u0113s v\u0113lamies. Tie\u0161i m\u0113s gribam pan\u0101kt, ka ir \u0161\u012b necaursp\u012bd\u012bba caur partij\u0101m, ka cilv\u0113ki nezina, kam vi\u0146i pievienojas, un pat negrib pievienoties t\u0101d\u0101m partij\u0101m.&#8221;<\/p>\n<p>Var\u0113tu \u0161\u0137ist, ka Broka l\u0113mumu par pauzi iespaidoja soci\u0101lajos t\u012bklos las\u0101m\u0101 kritika p\u0113c vi\u0146a izteikumiem radio. Piem\u0113ram, ka, izv\u0113loties starp diviem partneriem teor\u0113tisk\u0101 n\u0101kotnes koal\u012bcij\u0101, &#8220;Jaun\u0101 Vienot\u012bba&#8221; b\u016btu dro\u0161\u0101ks partneris nek\u0101 Ain\u0101rs \u0160lesers.<\/p>\n<p>Tom\u0113r dienu p\u0113c intervijas radio Broks sazin\u0101j\u0101s ar \u017eurn\u0101listu M\u0101ri Ro\u017e\u0101nu, kura uz\u0146\u0113mums uztur &#8220;Facebook&#8221; kontu &#8220;Ogres Zi\u0146as&#8221;. Broks, kuru Ro\u017e\u0101ns iepriek\u0161 nemaz nepazina, sarunas laik\u0101 pauda tik p\u0101rsteidzo\u0161us izteikumus,<a id=\"2\" name=\"2\"\/> ka \u017eurn\u0101lists sapratis \u2013 uz\u0146\u0113m\u0113js ir sajaucis adres\u0101tus. Vi\u0146\u0161 nol\u0113mis sp\u0113l\u0113t l\u012bdzi un sarunu ierakst\u012bt, bet p\u0113c tam ats\u016bt\u012bja to &#8220;de facto&#8221;.<\/p>\n<p>Armands Broks: &#8220;N\u0113, vai tad tu jau ieliki to, es jau nepareizi sapratu&#8230;?&#8221;<br \/>M\u0101ris Ro\u017e\u0101ns: &#8220;N\u0113, n\u0113, iepriek\u0161\u0113jo to ieliku.&#8221;<br \/>AB: &#8220;J\u0101, j\u0101, bet nu tagad tipa, ka Armands ar &#8220;Vienot\u012bbu&#8221; un j\u0101balso par \u0160leseru. Man liekas, tas b\u016btu labs kaut k\u0101ds&#8230;&#8221;<br \/>MR: &#8220;Mhm. Nu labi, bet kad laist aug\u0161\u0101?&#8221;<br \/>AB: &#8220;Nu nezinu, tagad var kaut kad, jo t\u0101 jau ir aktualit\u0101te tagad. Nu tipa, ka vakar bija tas tur, &#8220;Krustpunktos&#8221;,\u00a0 Armands tur pateica, ka &#8220;Vienot\u012bba&#8221; maz\u0101kais \u013caunums, balsojiet par \u0160leseru, Armands slikts un k\u0101ds tur.&#8221;<br \/>MR: &#8220;Mhm.&#8221;<br \/>AB: &#8220;Mani iekr\u0101sot &#8220;Vienot\u012bbas&#8221; kr\u0101s\u0101s un \u0160lesers tipa tur varonis kaut k\u0101ds. Nu kaut k\u0101ds, nu&#8230; Nu tu jau aptuveni zini, k\u0101&#8230;&#8221;<br \/>MR: &#8220;Es zinu, zinu, protams, ka zinu. A k\u0101das tur t\u0101s \u2013 bildi t\u0101pat k\u0101 iepriek\u0161\u0113jo kaut k\u0101du t\u0101du \u0137\u0113m\u012bgu, ja?&#8221;<br \/>AB: &#8220;Nu, v\u0101rdu sakot, t\u0101, lai tas izskat\u0101s t\u0101, k\u0101 tu to ar\u012b dari, nu, zini k\u0101.&#8221;<br \/>MR: &#8220;Mhm. Nu labi, labi.&#8221;<br \/>AB: &#8220;Tad ar\u012b tas piln\u012bb\u0101 sajauks k\u0101rtis, jo m\u0113s neko nekad neatbild\u0113j\u0101m tur. Tur bija tipa, ka Alvis traks un tagad Armands ar\u012b slikts, un \u0160lesers labais \u2013 es dom\u0101ju, tad tas viss tur atrisin\u0101sies.&#8221;<br \/>MR: &#8220;Mhm. Nu samaksa k\u0101 parasti, j\u0101?&#8221;<br \/>AB: &#8220;K\u0101, l\u016bdzu?&#8221;<br \/>MR: &#8220;Nu kaut ko der\u0113tu ar\u012b par to&#8230;&#8221;<br \/>AB: &#8220;J\u0101, j\u0101, nu es ta\u010du saprotu, j\u0101. Tas jau, klausies&#8230; T\u0101, pie k\u0101 m\u0113s palik\u0101m? J\u0101, v\u0101rdu sakot, j\u0101, man liekas, tas tad to visu atrisina un m\u0113s ar to visu neesam saist\u012bti un viss \u2013 beidz\u0101s t\u0101 ball\u012bte.&#8221;<br \/>MR: &#8220;Mhm. Nu j\u0101, j\u0101, j\u0101, tas lo\u0123iski, j\u0101. Skaidrs. Tad tev rekviz\u012bti mani ir?&#8221;<br \/>AB: &#8220;Rekviz\u012bti man tavi nav, bet Montai t\u0101 k\u0101 tu l\u016bdzi, tad es ar\u012b Montai visu&#8230;&#8221;<br \/>MR: &#8220;Nu skaidrs, labi, t\u016bl\u012bt visu izdar\u012b\u0161u.&#8221;<br \/>AB: &#8220;J\u0101, labi, tad laim\u012bgu Jauno gadu!&#8221;<br \/>MR: &#8220;Paldies, tev ar\u012b Armand!&#8221;<br \/>AB: &#8220;J\u0101, pagaid\u0101m. \u010cau, \u010dau!&#8221;<br \/>MR: &#8220;\u010cau!&#8221;<\/p>\n<p>Visticam\u0101k, Broks paties\u012bb\u0101 v\u0113l\u0113jies sazin\u0101ties ar citas \u2013\u00a0 \u013coti l\u012bdz\u012bgi nosaukt\u0101s \u2013 &#8220;Facebook&#8221; lapas &#8220;Ogres Zi\u0146as LV&#8221; veidot\u0101jiem. Nav zin\u0101ms, vai v\u0113l\u0101k Broks saprata k\u013c\u016bdu un nodeva zi\u0146u \u012bstajiem cilv\u0113kiem, ta\u010du otrdienas vakar\u0101 &#8220;Ogres Zi\u0146as LV&#8221; public\u0113ja vi\u0146a iepriek\u0161 paustaj\u0101m v\u0113lm\u0113m atbilsto\u0161u ierakstu.<\/p>\n<p>Iepriek\u0161, Vecgada vakar\u0101 \u0161is konts ievietoja ar m\u0101ksl\u012bg\u0101 intelekta r\u012bkiem veidotu Alvja Herma\u0146a karikat\u016bru un kritisku rakstu par vi\u0146a v\u0113lmi veidot jaunu partiju. Neilgi p\u0113c tam uz to rea\u0123\u0113ja Ogres m\u0113rs Egils Helmanis (Nacion\u0101l\u0101 apvien\u012bba). Vi\u0146\u0161 publiski apgalvoja, ka raksta autors esot Broks, un aicin\u0101ja vi\u0146u &#8220;nec\u012bn\u012bties pret Alvi ar \u0161\u0101d\u0101m metod\u0113m&#8221;.<\/p>\n<p>P\u0113d\u0113jo m\u0113ne\u0161u laik\u0101 &#8220;Ogres Zi\u0146as LV&#8221;, kura veidot\u0101ji publiski nav zin\u0101mi, labv\u0113l\u012bg\u0101 gaism\u0101 atspogu\u013co tikai da\u017eus politi\u0137us \u2013 starp tiem ir pats Helmanis un partijas &#8220;Latvija pirmaj\u0101 viet\u0101&#8221; (&#8220;Latvija pirmaj\u0101 viet\u0101&#8221;) l\u012bderis \u0160lesers. Kop\u0161 oktobra vidus uzslavas regul\u0101ri tika velt\u012btas ar\u012b kust\u012bbai &#8220;Bez partij\u0101m&#8221;, k\u0101 ar\u012b Brokam un Hermanim person\u012bgi. Ta\u010du dien\u0101, kad Hermanis pazi\u0146oja par kust\u012bbas atst\u0101\u0161anu, &#8220;Ogres Zi\u0146as LV&#8221; attieksmi pret vi\u0146u main\u012bja, vi\u0146am pret\u012b nostatot Broku, kura poz\u012bcija esot: &#8220;maz\u0101k patosa, vair\u0101k darba&#8221;.<\/p>\n<p>Broks, kur\u0161 p\u0113c &#8220;politikas iepauz\u0113\u0161anas&#8221; atc\u0113la interviju, sarakst\u0113 ar &#8220;de facto&#8221; savu v\u0113lmi &#8220;sajaukt k\u0101rtis&#8221; noliedza<a id=\"3\" name=\"3\"\/>: &#8220;Nelasu Ogres zi\u0146as, piedod. (..) T\u0101p\u0113c ar\u012b no \u0161\u012b visa aizeju, p\u0101r\u0101k daudz intrigas un nek\u0101das produktivit\u0101tes. (..) Man tie\u0161\u0101m ar to nav nek\u0101da sakara. (..) Es par saviem iepauz\u0113\u0161anas iemesliem esmu visu pateicis sav\u0101 pazi\u0146ojum\u0101. Ja jums ir v\u0113lme izdom\u0101t savus iemeslus, es to nevaru jums aizliegt.&#8221;<\/p>\n<p>&#8220;de facto&#8221; ar\u012b &#8220;Ogres Zi\u0146as LV&#8221; kontam nos\u016bt\u012bja jaut\u0101jumus par komunik\u0101ciju ar Broku par satura veido\u0161anu un iesp\u0113jamo samaksu par to. Atbildi p\u0113c b\u016bt\u012bbas &#8220;Ogres Zi\u0146as LV&#8221; nesniedza.<\/p>\n<blockquote>\n<p>Kam\u0113r Broks pauz\u0113 un Hermanis tikai gatavojas k\u013c\u016bt par k\u0101das partijas l\u012bderi, savu m\u0113r\u0137i \u2013 gadu pirms v\u0113l\u0113\u0161an\u0101m nodibin\u0101t partiju \u2013 sasniedza nacion\u0101listu organiz\u0101cija &#8220;Austo\u0161\u0101 saule&#8221;.<\/p>\n<\/blockquote>\n<p>Biedr\u012bbas vad\u012bt\u0101js, k\u0101dreiz\u0113jais Nacion\u0101l\u0101s apvien\u012bbas \u0123ener\u0101lsekret\u0101rs Raivis Zelt\u012bts tagad ir partijas &#8220;Austo\u0161\u0101 saule Latvijai&#8221; (ASL) valdes priek\u0161s\u0113d\u0113t\u0101js. Vi\u0146\u0161 gan atzina \u2013 partijai v\u0113l krietni j\u0101piestr\u0101d\u0101, lai var\u0113tu kandid\u0113t v\u0113l\u0113\u0161an\u0101s, jo tagad tai esot apm\u0113ram puse no likum\u0101 pras\u012btajiem vismaz 500 biedriem un j\u0101mekl\u0113 ar\u012b ziedojumi kampa\u0146ai.<a id=\"4\" name=\"4\"\/><\/p>\n<p>&#8220;Str\u0101d\u0101sim uz rekrut\u0113\u0161anu. Tas ir galvenais m\u0113r\u0137is. Nu, ja neizdosies, tad ir apvienot\u0101, kop\u012bg\u0101 partiju saraksta variants. Nu tad jau j\u0101skat\u0101s uz partneriem,&#8221; saka Zelt\u012bts. &#8220;\u0160obr\u012bd ir tikai pa\u0161u ziedojumi, bet ir j\u0101run\u0101 ar\u012b ar uz\u0146\u0113m\u0113jiem. Manupr\u0101t, ir interesantas lietas varb\u016bt ar\u012b priek\u0161 uz\u0146\u0113m\u0113jiem, kam var\u0113tu b\u016bt interesanti atbalst\u012bt m\u016bsu partiju. M\u0113s varam sol\u012bt lietas, ko citi nevar, jo m\u0113s neesam atkar\u012bgi no t\u0101s pa\u0161as birokr\u0101tijas, ko visi tagad sola samazin\u0101t. M\u0113s esam t\u0101d\u0101 zi\u0146\u0101 br\u012bvi savos sol\u012bjumos.&#8221;<\/p>\n<p>Zelt\u012bts atz\u012bst: ASL, kuras pamat\u0101 esot &#8220;uz r\u012bc\u012bbu v\u0113rsta nacion\u0101lisma un konservat\u012bvisma ideolo\u0123ija&#8221;, neizsl\u0113gtu iesp\u0113jamu sadarb\u012bbu ar Hermani, kur\u0161 ar\u012b esot pietiekami konservat\u012bvs savos uzskatos. Vispirms gan b\u016btu j\u0101saprot, k\u0101di v\u0113l cilv\u0113ki b\u016bs re\u017eisora partij\u0101 un k\u0101ds tie\u0161i b\u016bs t\u0101s pied\u0101v\u0101jums.<\/p>\n<p>Zelt\u012bts ar\u012b pauda atvieglojumu, ka vi\u0146iem izdev\u0101s nodibin\u0101t pa\u0161iem savu partiju un t\u0101p\u0113c noteikti neb\u016bs j\u0101veic Latvijas politik\u0101 nereti ierastie manevri \u2013 ka neilgi pirms v\u0113l\u0113\u0161an\u0101m tiek p\u0101r\u0146emta k\u0101das mazakt\u012bvas partijas \u010daula, nomainot vad\u012bbu, nosaukumu vai abus.<\/p>\n","protected":false},"excerpt":{"rendered":"V\u0113l \u0161\u012bs ned\u0113\u013cas s\u0101kum\u0101 \u0161\u0137ita, ka \u0161oruden Saeimas v\u0113l\u0113\u0161an\u0101s jaunaj\u0101 politiskaj\u0101 pied\u0101v\u0101jum\u0101 var\u0113tu b\u016bt tr\u012bs da\u017e\u0101di sp\u0113ki. Vien\u012bg\u0101&hellip;\n","protected":false},"author":2,"featured_media":101288,"comment_status":"","ping_status":"","sticky":false,"template":"","format":"standard","meta":{"footnotes":""},"categories":[12],"tags":[23,28,29,32,33,22,30,31,35,39,38,36,37,34,40,20,26,27,24,25,21],"class_list":{"0":"post-101287","1":"post","2":"type-post","3":"status-publish","4":"format-standard","5":"has-post-thumbnail","7":"category-latvija","8":"tag-aktualitates","9":"tag-breaking-news","10":"tag-breakingnews","11":"tag-featured-news","12":"tag-featurednews","13":"tag-headlines","14":"tag-latest-news","15":"tag-latestnews","16":"tag-latvia","17":"tag-latvian","18":"tag-latviesu","19":"tag-latviesu-valoda","20":"tag-latviesuvaloda","21":"tag-latvija","22":"tag-lv","23":"tag-news","24":"tag-popularakas-zinas","25":"tag-popularakaszinas","26":"tag-top-stories","27":"tag-topstories","28":"tag-zinas"},"share_on_mastodon":{"url":"https:\/\/pubeurope.com\/@lv\/115877951778892863","error":""},"_links":{"self":[{"href":"https:\/\/www.europesays.com\/lv\/wp-json\/wp\/v2\/posts\/101287","targetHints":{"allow":["GET"]}}],"collection":[{"href":"https:\/\/www.europesays.com\/lv\/wp-json\/wp\/v2\/posts"}],"about":[{"href":"https:\/\/www.europesays.com\/lv\/wp-json\/wp\/v2\/types\/post"}],"author":[{"embeddable":true,"href":"https:\/\/www.europesays.com\/lv\/wp-json\/wp\/v2\/users\/2"}],"replies":[{"embeddable":true,"href":"https:\/\/www.europesays.com\/lv\/wp-json\/wp\/v2\/comments?post=101287"}],"version-history":[{"count":0,"href":"https:\/\/www.europesays.com\/lv\/wp-json\/wp\/v2\/posts\/101287\/revisions"}],"wp:featuredmedia":[{"embeddable":true,"href":"https:\/\/www.europesays.com\/lv\/wp-json\/wp\/v2\/media\/101288"}],"wp:attachment":[{"href":"https:\/\/www.europesays.com\/lv\/wp-json\/wp\/v2\/media?parent=101287"}],"wp:term":[{"taxonomy":"category","embeddable":true,"href":"https:\/\/www.europesays.com\/lv\/wp-json\/wp\/v2\/categories?post=101287"},{"taxonomy":"post_tag","embeddable":true,"href":"https:\/\/www.europesays.com\/lv\/wp-json\/wp\/v2\/tags?post=101287"}],"curies":[{"name":"wp","href":"https:\/\/api.w.org\/{rel}","templated":true}]}}