{"id":101289,"date":"2026-01-11T18:46:08","date_gmt":"2026-01-11T18:46:08","guid":{"rendered":"https:\/\/www.europesays.com\/lv\/101289\/"},"modified":"2026-01-11T18:46:08","modified_gmt":"2026-01-11T18:46:08","slug":"augstaka-tiesa-liedz-izmantot-svarigu-pieradijumu-buvnieku-kartela-lieta","status":"publish","type":"post","link":"https:\/\/www.europesays.com\/lv\/101289\/","title":{"rendered":"Augst\u0101k\u0101 tiesa liedz izmantot svar\u012bgu pier\u0101d\u012bjumu b\u016bvnieku karte\u013ca liet\u0101"},"content":{"rendered":"<p>Konkurences padomes vad\u012bt\u0101ja uzsver, ka \u0161\u0101da m\u0113roga un l\u012bme\u0146a karteli atkl\u0101t ar citiem pier\u0101d\u012bjumiem, bez noklaus\u012b\u0161an\u0101s, neb\u016btu iesp\u0113jams. Jo dal\u012bbnieki \u0161\u0101du vieno\u0161anos pan\u0101ku\u0161i un uztur\u0113ju\u0161i mutiski, neatst\u0101jot citus noz\u012bm\u012bgus pier\u0101d\u012bjumus. Karte\u013ci savas vieno\u0161an\u0101s neprotokol\u0113; t\u0101s ir mutiskas, slepenas un r\u016bp\u012bgi mask\u0113tas sarunas pirt\u012bs, restor\u0101nos vai priv\u0101t\u0101s telp\u0101s.<\/p>\n<p>Ieva \u0160mite, Konkurences padomes priek\u0161s\u0113d\u0113t\u0101ja<\/p>\n<p>Cit\u0101d\u0101 veid\u0101 tas neb\u016btu realiz\u0113jams. J\u0101, m\u0113s ar\u012b \u0161aj\u0101 liet\u0101 veic\u0101m procesu\u0101l\u0101s darb\u012bbas, bet m\u0113s nevaram veikt noklaus\u012b\u0161anos, (kas \u0161aj\u0101 gad\u012bjum\u0101 bija iz\u0161\u0137iro\u0161i), jo \u0161aj\u0101s sarunas tika fiks\u0113tas \u0161\u012bs te paz\u012bmes par karte\u013ca vieno\u0161anos.<\/p>\n<p>Jau sarun\u0101s iez\u012bm\u0113j\u0101s tas veids, k\u0101d\u0101 tas kartelis notiks, ka b\u016bs mutv\u0101rdos, ka b\u016bs \u0161\u012bs tik\u0161an\u0101s, ka nosac\u012bti b\u016bs \u0161\u012bs divas grupas, un ne oblig\u0101ti visiem vienm\u0113r j\u0101piedal\u0101s,<\/p>\n<p>Vi\u0146i \u013coti labi apzin\u0101j\u0101s, un tas izriet no \u0161\u012bm sarun\u0101m, ka vi\u0146i veic prettiesiskas darb\u012bbas, pret\u0113ji konkurences ties\u012bb\u0101m, jo vi\u0146i uzsv\u0113ra, ka j\u0101atst\u0101j telefoni \u0101rpus tik\u0161an\u0101s vietas, nevajag lietot t\u0101du v\u0101rdu salikumu k\u0101 \u201cvieno\u0161an\u0101s \u201c.<\/p>\n<p>Vi\u0146i \u013coti labi saprata kontekstu tam, ko vi\u0146i dara.<\/p>\n<p>T\u0101 k\u0101 sav\u0101d\u0101k \u0161o karteli pier\u0101d\u012bt nav iesp\u0113jams, tas izriet no \u0161\u012bm sarun\u0101m.<\/p>\n<p>M\u016bsu ieskat\u0101 \u0161ie te aspekti nav tiku\u0161i v\u0113rt\u0113ti.<\/p>\n<p>NP: AT l\u0113mums n\u0101ca k\u0101 nepat\u012bkams p\u0101rsteigums?<\/p>\n<p>Es melotu, ja teiktu, ka m\u0113s priec\u0101jamies par \u0161\u0101du tiesas nov\u0113rt\u0113jumu.<\/p>\n","protected":false},"excerpt":{"rendered":"Konkurences padomes vad\u012bt\u0101ja uzsver, ka \u0161\u0101da m\u0113roga un l\u012bme\u0146a karteli atkl\u0101t ar citiem pier\u0101d\u012bjumiem, bez noklaus\u012b\u0161an\u0101s, neb\u016btu iesp\u0113jams.&hellip;\n","protected":false},"author":2,"featured_media":101290,"comment_status":"","ping_status":"","sticky":false,"template":"","format":"standard","meta":{"footnotes":""},"categories":[5],"tags":[668,23,22769,28,29,634,32,33,22,824,30,31,35,39,38,36,37,34,40,20,26,27,24,25,21],"class_list":{"0":"post-101289","1":"post","2":"type-post","3":"status-publish","4":"format-standard","5":"has-post-thumbnail","7":"category-aktualitates","8":"tag-neka-personiga","9":"tag-aktualitates","10":"tag-augstaka-tiesa","11":"tag-breaking-news","12":"tag-breakingnews","13":"tag-buvnieciba","14":"tag-featured-news","15":"tag-featurednews","16":"tag-headlines","17":"tag-kartelis","18":"tag-latest-news","19":"tag-latestnews","20":"tag-latvia","21":"tag-latvian","22":"tag-latviesu","23":"tag-latviesu-valoda","24":"tag-latviesuvaloda","25":"tag-latvija","26":"tag-lv","27":"tag-news","28":"tag-popularakas-zinas","29":"tag-popularakaszinas","30":"tag-top-stories","31":"tag-topstories","32":"tag-zinas"},"share_on_mastodon":{"url":"https:\/\/pubeurope.com\/@lv\/115877955681297903","error":""},"_links":{"self":[{"href":"https:\/\/www.europesays.com\/lv\/wp-json\/wp\/v2\/posts\/101289","targetHints":{"allow":["GET"]}}],"collection":[{"href":"https:\/\/www.europesays.com\/lv\/wp-json\/wp\/v2\/posts"}],"about":[{"href":"https:\/\/www.europesays.com\/lv\/wp-json\/wp\/v2\/types\/post"}],"author":[{"embeddable":true,"href":"https:\/\/www.europesays.com\/lv\/wp-json\/wp\/v2\/users\/2"}],"replies":[{"embeddable":true,"href":"https:\/\/www.europesays.com\/lv\/wp-json\/wp\/v2\/comments?post=101289"}],"version-history":[{"count":0,"href":"https:\/\/www.europesays.com\/lv\/wp-json\/wp\/v2\/posts\/101289\/revisions"}],"wp:featuredmedia":[{"embeddable":true,"href":"https:\/\/www.europesays.com\/lv\/wp-json\/wp\/v2\/media\/101290"}],"wp:attachment":[{"href":"https:\/\/www.europesays.com\/lv\/wp-json\/wp\/v2\/media?parent=101289"}],"wp:term":[{"taxonomy":"category","embeddable":true,"href":"https:\/\/www.europesays.com\/lv\/wp-json\/wp\/v2\/categories?post=101289"},{"taxonomy":"post_tag","embeddable":true,"href":"https:\/\/www.europesays.com\/lv\/wp-json\/wp\/v2\/tags?post=101289"}],"curies":[{"name":"wp","href":"https:\/\/api.w.org\/{rel}","templated":true}]}}