{"id":101291,"date":"2026-01-11T18:50:07","date_gmt":"2026-01-11T18:50:07","guid":{"rendered":"https:\/\/www.europesays.com\/lv\/101291\/"},"modified":"2026-01-11T18:50:07","modified_gmt":"2026-01-11T18:50:07","slug":"danijas-latvijas-kopuznemums-rigas-juras-lici-grib-veidot-forelu-audzetavas","status":"publish","type":"post","link":"https:\/\/www.europesays.com\/lv\/101291\/","title":{"rendered":"D\u0101nijas-Latvijas kopuz\u0146\u0113mums R\u012bgas j\u016bras l\u012bc\u012b grib veidot fore\u013cu audz\u0113tavas"},"content":{"rendered":"<p>Tikm\u0113r proces\u0101 iesaist\u012bt\u0101s VARAM, Zemkop\u012bbas un Klimata un ener\u0123\u0113tikas ministrijas Nek\u0101 person\u012bga atrakst\u012bj\u0101s, ka t\u0101s zivju audz\u0113\u0161anas fermu projekt\u0101 nav galven\u0101s, atbild\u012bbu nove\u013cot viena uz otru.<\/p>\n<p>Dabas aizsardz\u012bbas p\u0101rvaldes speci\u0101listi p\u0101rmet, ka no uz\u0146\u0113m\u0113jiem nav sa\u0146emti konkr\u0113ti fakti par projekta ietekmi uz vidi un k\u0101 audz\u0113tavas pies\u0101r\u0146ojumu pl\u0101nots nov\u0113rst. J\u016br\u0101 pak\u0101peniski iecer\u0113ts izvietot no 20 l\u012bdz 25 milz\u012bgiem t\u012bklu sprostiem. Katrs b\u016btu vair\u0101k nek\u0101 50 metru diametr\u0101 un l\u012bdz 16 metru dzi\u013c\u0161. Tie tiktu noenkuroti pie j\u016bras gultnes. Vien\u0101 sprost\u0101 sezonas beig\u0101s var\u0113tu izaudz\u0113t l\u012bdz 500 tonnas fore\u013cu. Kop\u0113jais ra\u017eo\u0161anas m\u0113r\u0137is, projektam sasniedzot pilnu jaudu, ir septi\u0146i l\u012bdz desmit t\u016bksto\u0161i tonnu zivju gad\u0101. \u0160\u0101ds apjoms noz\u012bm\u0113 ar\u012b b\u016btisku ietekmi uz vidi.<\/p>\n<p>Uz\u0146\u0113m\u0113ji uzsver, ka pies\u0101r\u0146ojums b\u016b\u0161ot lok\u0101ls un sezon\u0101ls. K\u0101 D\u0101nij\u0101, kur bar\u012bbas vielu koncentr\u0101cija pieaug tikai ra\u017eo\u0161anas sezon\u0101, bet v\u0113l\u0101k samazin\u0101s. Vides uzraugi tam nepiekr\u012bt &#8211; fermas pl\u0101nots veidot \u012bpa\u0161i aizsarg\u0101jamo &#8220;Natura&#8221; 2000 teritoriju tuvum\u0101 vai to ietekmes zon\u0101. Un R\u012bgas l\u012bcis nav atkl\u0101ta j\u016bra k\u0101 tas ir D\u0101nijas piekrast\u0113. Tas ir sekls, ar v\u0101ju \u016bdens apmai\u0146u, un \u0161\u0101das audz\u0113tavas var rad\u012bt ilgtermi\u0146a sekas dabai.<\/p>\n<p>Zin\u0101ms, ka par fore\u013cu fermu iesp\u0113jamo veido\u0161anu R\u012bgas j\u016bras l\u012bc\u012b pl\u0101nots spriest r\u012btdienas koal\u012bcijas sadarb\u012bbas padomes s\u0113d\u0113. Jaut\u0101jums darba k\u0101rt\u012bb\u0101 iek\u013cauts p\u0113c &#8220;Progres\u012bvo&#8221; l\u016bguma. Savuk\u0101rt neofici\u0101la inform\u0101cija liecina, ka Valsts vides dienests visticam\u0101k ne\u013caus uz\u0146\u0113m\u0113jiem j\u016br\u0101 izvietot testa sprostu, ko vi\u0146i grib\u0113ja dar\u012bt jau \u0161\u012b gada apr\u012bl\u012b.<\/p>\n","protected":false},"excerpt":{"rendered":"Tikm\u0113r proces\u0101 iesaist\u012bt\u0101s VARAM, Zemkop\u012bbas un Klimata un ener\u0123\u0113tikas ministrijas Nek\u0101 person\u012bga atrakst\u012bj\u0101s, ka t\u0101s zivju audz\u0113\u0161anas fermu&hellip;\n","protected":false},"author":2,"featured_media":101292,"comment_status":"","ping_status":"","sticky":false,"template":"","format":"standard","meta":{"footnotes":""},"categories":[14],"tags":[23,57,28,29,1418,32,33,22,30,31,35,39,38,36,37,34,40,20,26,27,24684,24,25,54,55,56,21,58],"class_list":{"0":"post-101291","1":"post","2":"type-post","3":"status-publish","4":"format-standard","5":"has-post-thumbnail","7":"category-zinas-no-arvalstim","8":"tag-aktualitates","9":"tag-arvalstim","10":"tag-breaking-news","11":"tag-breakingnews","12":"tag-danija","13":"tag-featured-news","14":"tag-featurednews","15":"tag-headlines","16":"tag-latest-news","17":"tag-latestnews","18":"tag-latvia","19":"tag-latvian","20":"tag-latviesu","21":"tag-latviesu-valoda","22":"tag-latviesuvaloda","23":"tag-latvija","24":"tag-lv","25":"tag-news","26":"tag-popularakas-zinas","27":"tag-popularakaszinas","28":"tag-rigas-juras-licis","29":"tag-top-stories","30":"tag-topstories","31":"tag-world","32":"tag-world-news","33":"tag-worldnews","34":"tag-zinas","35":"tag-zinas-no-arvalstim"},"share_on_mastodon":{"url":"https:\/\/pubeurope.com\/@lv\/115877971413763315","error":""},"_links":{"self":[{"href":"https:\/\/www.europesays.com\/lv\/wp-json\/wp\/v2\/posts\/101291","targetHints":{"allow":["GET"]}}],"collection":[{"href":"https:\/\/www.europesays.com\/lv\/wp-json\/wp\/v2\/posts"}],"about":[{"href":"https:\/\/www.europesays.com\/lv\/wp-json\/wp\/v2\/types\/post"}],"author":[{"embeddable":true,"href":"https:\/\/www.europesays.com\/lv\/wp-json\/wp\/v2\/users\/2"}],"replies":[{"embeddable":true,"href":"https:\/\/www.europesays.com\/lv\/wp-json\/wp\/v2\/comments?post=101291"}],"version-history":[{"count":0,"href":"https:\/\/www.europesays.com\/lv\/wp-json\/wp\/v2\/posts\/101291\/revisions"}],"wp:featuredmedia":[{"embeddable":true,"href":"https:\/\/www.europesays.com\/lv\/wp-json\/wp\/v2\/media\/101292"}],"wp:attachment":[{"href":"https:\/\/www.europesays.com\/lv\/wp-json\/wp\/v2\/media?parent=101291"}],"wp:term":[{"taxonomy":"category","embeddable":true,"href":"https:\/\/www.europesays.com\/lv\/wp-json\/wp\/v2\/categories?post=101291"},{"taxonomy":"post_tag","embeddable":true,"href":"https:\/\/www.europesays.com\/lv\/wp-json\/wp\/v2\/tags?post=101291"}],"curies":[{"name":"wp","href":"https:\/\/api.w.org\/{rel}","templated":true}]}}