{"id":101313,"date":"2026-01-11T19:22:13","date_gmt":"2026-01-11T19:22:13","guid":{"rendered":"https:\/\/www.europesays.com\/lv\/101313\/"},"modified":"2026-01-11T19:22:13","modified_gmt":"2026-01-11T19:22:13","slug":"pec-smaga-zaudejuma-rozentalam-zutis-nak-klaja-ar-pazinojumu","status":"publish","type":"post","link":"https:\/\/www.europesays.com\/lv\/101313\/","title":{"rendered":"P\u0113c smag\u0101 zaud\u0113juma Rozent\u0101lam Zutis n\u0101k klaj\u0101 ar pazi\u0146ojumu"},"content":{"rendered":"<p>Sestdien, 10. janv\u0101r\u012b, Zutis atzina sava naidnieka Fran\u010da Rozent\u0101la p\u0101r\u0101kumu. Uzreiz p\u0113c c\u012b\u0146as b\u016br\u012b vi\u0146\u0161 izsauca pretinieku uz revan\u0161u, kur\u0161 par to tikai nosm\u0113j\u0101s.<\/p>\n<p>Dr\u012bz p\u0113c tam sav\u0101 &#8220;Instagram&#8221; lap\u0101 Zutis uzsv\u0113ra, ka c\u012bn\u012bj\u0101s ar traumu un dar\u012bja to, jo l\u012bgum\u0101 bija iek\u013cauta vieno\u0161an\u0101s par revan\u0161u zaud\u0113juma gad\u012bjum\u0101. Vi\u0146\u0161 nesl\u0113pa dusmas uz &#8220;BAZARA 0&#8221; organiz\u0101ciju par \u0161\u012b nosac\u012bjuma netur\u0113\u0161anu.<\/p>\n<p>Dienu v\u0113l\u0101k Zutis pazi\u0146oja, ka c\u012b\u0146as sportu vairs nesp\u0113j savienot ar t\u0113va pien\u0101kumiem.<\/p>\n<p>&#8220;Man dz\u012bv\u0113 ir jauns izaicin\u0101jums \u2013 man j\u0101r\u016bp\u0113jas par d\u0113lu, un tas nav savienojams ar c\u012b\u0146u sportu. Promb\u016btne un traumas \u2013 tas viss kop\u0101 ir rad\u012bjis nepanesamu un nebaud\u0101mu \u0161o procesu.&#8221;<\/p>\n<p>Vienlaikus Zutis piekodin\u0101ja, ka ar &#8220;BAZARA 0&#8221; organiz\u0101ciju vi\u0146am viss ir k\u0101rt\u012bb\u0101. Savu n\u0101kamo un p\u0113d\u0113jo c\u012b\u0146u bokseris pl\u0101no aizvad\u012bt febru\u0101r\u012b &#8220;King of Kings&#8221; pas\u0101kum\u0101. Par to un d\u0113li\u0146a n\u0101k\u0161anu sav\u0101 dz\u012bv\u0113 Zutis vair\u0101k past\u0101st\u012bja sarun\u0101 ar TVNET+.<\/p>\n","protected":false},"excerpt":{"rendered":"Sestdien, 10. janv\u0101r\u012b, Zutis atzina sava naidnieka Fran\u010da Rozent\u0101la p\u0101r\u0101kumu. Uzreiz p\u0113c c\u012b\u0146as b\u016br\u012b vi\u0146\u0161 izsauca pretinieku uz&hellip;\n","protected":false},"author":2,"featured_media":101314,"comment_status":"","ping_status":"","sticky":false,"template":"","format":"standard","meta":{"footnotes":""},"categories":[5],"tags":[23,2153,28,29,2235,32,33,22,6656,30,31,35,39,38,36,37,34,40,20,26,27,24,25,1994,21],"class_list":{"0":"post-101313","1":"post","2":"type-post","3":"status-publish","4":"format-standard","5":"has-post-thumbnail","7":"category-aktualitates","8":"tag-aktualitates","9":"tag-bokss","10":"tag-breaking-news","11":"tag-breakingnews","12":"tag-cinas-sports","13":"tag-featured-news","14":"tag-featurednews","15":"tag-headlines","16":"tag-kristaps-zutis","17":"tag-latest-news","18":"tag-latestnews","19":"tag-latvia","20":"tag-latvian","21":"tag-latviesu","22":"tag-latviesu-valoda","23":"tag-latviesuvaloda","24":"tag-latvija","25":"tag-lv","26":"tag-news","27":"tag-popularakas-zinas","28":"tag-popularakaszinas","29":"tag-top-stories","30":"tag-topstories","31":"tag-video","32":"tag-zinas"},"share_on_mastodon":{"url":"https:\/\/pubeurope.com\/@lv\/115878097158842409","error":""},"_links":{"self":[{"href":"https:\/\/www.europesays.com\/lv\/wp-json\/wp\/v2\/posts\/101313","targetHints":{"allow":["GET"]}}],"collection":[{"href":"https:\/\/www.europesays.com\/lv\/wp-json\/wp\/v2\/posts"}],"about":[{"href":"https:\/\/www.europesays.com\/lv\/wp-json\/wp\/v2\/types\/post"}],"author":[{"embeddable":true,"href":"https:\/\/www.europesays.com\/lv\/wp-json\/wp\/v2\/users\/2"}],"replies":[{"embeddable":true,"href":"https:\/\/www.europesays.com\/lv\/wp-json\/wp\/v2\/comments?post=101313"}],"version-history":[{"count":0,"href":"https:\/\/www.europesays.com\/lv\/wp-json\/wp\/v2\/posts\/101313\/revisions"}],"wp:featuredmedia":[{"embeddable":true,"href":"https:\/\/www.europesays.com\/lv\/wp-json\/wp\/v2\/media\/101314"}],"wp:attachment":[{"href":"https:\/\/www.europesays.com\/lv\/wp-json\/wp\/v2\/media?parent=101313"}],"wp:term":[{"taxonomy":"category","embeddable":true,"href":"https:\/\/www.europesays.com\/lv\/wp-json\/wp\/v2\/categories?post=101313"},{"taxonomy":"post_tag","embeddable":true,"href":"https:\/\/www.europesays.com\/lv\/wp-json\/wp\/v2\/tags?post=101313"}],"curies":[{"name":"wp","href":"https:\/\/api.w.org\/{rel}","templated":true}]}}