{"id":101319,"date":"2026-01-11T19:28:13","date_gmt":"2026-01-11T19:28:13","guid":{"rendered":"https:\/\/www.europesays.com\/lv\/101319\/"},"modified":"2026-01-11T19:28:13","modified_gmt":"2026-01-11T19:28:13","slug":"video-%e2%9f%a9-valsts-uznemumiem-valdiba-prasa-teret-mazak-pelnit-vairak-latvijas-autocelu-uzturetajs-valdes-loceklei-apmaksa-macibas-harvarda-2","status":"publish","type":"post","link":"https:\/\/www.europesays.com\/lv\/101319\/","title":{"rendered":"VIDEO \u27e9 Valsts uz\u0146\u0113mumiem vald\u012bba prasa t\u0113r\u0113t maz\u0101k, peln\u012bt vair\u0101k. &#8220;Latvijas autoce\u013cu uztur\u0113t\u0101js&#8221; valdes loceklei apmaks\u0101 m\u0101c\u012bbas H\u0101rvard\u0101 (2)"},"content":{"rendered":"<p>\u0160is bud\u017eets ir pieci t\u016bksto\u0161i eiro uz katru valdes locekli &#8211; t\u0101tad 15 t\u016bksto\u0161i kop\u0101. Neatkar\u012bgi no val\u016btas kursa sv\u0101rst\u012bb\u0101m H\u0101rvardas r\u0113\u0137inos nor\u0101d\u012bt\u0101 summa p\u0101rsniedz piecus t\u016bksto\u0161us. Uz\u0146\u0113mums nor\u0101da, ka tas t\u0101d\u0113\u013c, ka iebud\u017eet\u0113t\u0101 summa ir bez pievienot\u0101s v\u0113rt\u012bbas nodok\u013ca. Atliku\u0161o kursa maksu valdes locekle apmaks\u0101jusi pati.<\/p>\n<p>P\u0113c \u017eurn\u0101listu jaut\u0101jumiem Ilze Bukulde valsts uz\u0146\u0113muma gr\u0101matve\u017eiem draud\u0113jusi ar krimin\u0101lprocesu, ja potenci\u0101lais trauksmes c\u0113l\u0113js neatz\u012bsies pats. Vi\u0146a inform\u0113jusi, ka nopl\u016bdu\u0161i tr\u012bs r\u0113\u0137ini, t\u0101d\u0113\u013c, iesp\u0113jams, &#8220;Latvijas autoce\u013cu uztur\u0113t\u0101ja&#8221; apmaks\u0101t\u0101 da\u013ca ir v\u0113l liel\u0101ka.<\/p>\n<p>Bukuldes alga valsts uz\u0146\u0113muma vald\u0113 2024. gad\u0101 bija 97 t\u016bksto\u0161i eiro. Paral\u0113li \u0161im darbam vi\u0146a ir ar\u012b padomes locekle pa\u0161vald\u012bbas komp\u0101nij\u0101 &#8220;R\u012bgas nami&#8221;, kur sa\u0146em 26 t\u016bksto\u0161us eiro. Valsts uz\u0146\u0113mumu val\u017eu un padomju algas tiek regul\u0113tas ar likumu, bet citi labumi netiek strikti ierobe\u017eoti. Bukuldes deklar\u0101cija liecina, ka vi\u0146ai lieto\u0161an\u0101 ir ar\u012b \u201cLatvijas autoce\u013cu uztur\u0113t\u0101ja\u201d auto &#8211; &#8220;Audi Q5&#8221;, ta\u010du m\u0101c\u012bbas neskait\u0101s k\u0101 person\u012bgas labums.<\/p>\n","protected":false},"excerpt":{"rendered":"\u0160is bud\u017eets ir pieci t\u016bksto\u0161i eiro uz katru valdes locekli &#8211; t\u0101tad 15 t\u016bksto\u0161i kop\u0101. Neatkar\u012bgi no val\u016btas&hellip;\n","protected":false},"author":2,"featured_media":101320,"comment_status":"","ping_status":"","sticky":false,"template":"","format":"standard","meta":{"footnotes":""},"categories":[5],"tags":[23,28,29,32,33,24688,22,24690,30,31,35,39,38,36,37,34,24689,40,20,26,27,24,25,21],"class_list":{"0":"post-101319","1":"post","2":"type-post","3":"status-publish","4":"format-standard","5":"has-post-thumbnail","7":"category-aktualitates","8":"tag-aktualitates","9":"tag-breaking-news","10":"tag-breakingnews","11":"tag-featured-news","12":"tag-featurednews","13":"tag-harvardas-universitate","14":"tag-headlines","15":"tag-ilze-bukulde","16":"tag-latest-news","17":"tag-latestnews","18":"tag-latvia","19":"tag-latvian","20":"tag-latviesu","21":"tag-latviesu-valoda","22":"tag-latviesuvaloda","23":"tag-latvija","24":"tag-latvijas-autocelu-uzturetajs","25":"tag-lv","26":"tag-news","27":"tag-popularakas-zinas","28":"tag-popularakaszinas","29":"tag-top-stories","30":"tag-topstories","31":"tag-zinas"},"share_on_mastodon":{"url":"https:\/\/pubeurope.com\/@lv\/115878120843229331","error":""},"_links":{"self":[{"href":"https:\/\/www.europesays.com\/lv\/wp-json\/wp\/v2\/posts\/101319","targetHints":{"allow":["GET"]}}],"collection":[{"href":"https:\/\/www.europesays.com\/lv\/wp-json\/wp\/v2\/posts"}],"about":[{"href":"https:\/\/www.europesays.com\/lv\/wp-json\/wp\/v2\/types\/post"}],"author":[{"embeddable":true,"href":"https:\/\/www.europesays.com\/lv\/wp-json\/wp\/v2\/users\/2"}],"replies":[{"embeddable":true,"href":"https:\/\/www.europesays.com\/lv\/wp-json\/wp\/v2\/comments?post=101319"}],"version-history":[{"count":0,"href":"https:\/\/www.europesays.com\/lv\/wp-json\/wp\/v2\/posts\/101319\/revisions"}],"wp:featuredmedia":[{"embeddable":true,"href":"https:\/\/www.europesays.com\/lv\/wp-json\/wp\/v2\/media\/101320"}],"wp:attachment":[{"href":"https:\/\/www.europesays.com\/lv\/wp-json\/wp\/v2\/media?parent=101319"}],"wp:term":[{"taxonomy":"category","embeddable":true,"href":"https:\/\/www.europesays.com\/lv\/wp-json\/wp\/v2\/categories?post=101319"},{"taxonomy":"post_tag","embeddable":true,"href":"https:\/\/www.europesays.com\/lv\/wp-json\/wp\/v2\/tags?post=101319"}],"curies":[{"name":"wp","href":"https:\/\/api.w.org\/{rel}","templated":true}]}}